{"id":43012,"date":"2024-06-03T14:19:21","date_gmt":"2024-06-03T14:19:21","guid":{"rendered":"https:\/\/armstrongyregion.com.ar\/diario\/?p=43012"},"modified":"2024-06-03T14:19:24","modified_gmt":"2024-06-03T14:19:24","slug":"armstrong-informe-area-de-orden-publico-03-06-2024","status":"publish","type":"post","link":"https:\/\/armstrongyregion.com.ar\/diario\/armstrong-informe-area-de-orden-publico-03-06-2024\/","title":{"rendered":"Armstrong. Informe \u00c1rea de Orden P\u00fablico 03\/06\/2024"},"content":{"rendered":"\n<figure class=\"wp-block-image size-large\"><a href=\"http:\/\/armstrongyregion.com.ar\/diario\/wp-content\/uploads\/2024\/06\/orden-publico-1-.jpg\"><img loading=\"lazy\" decoding=\"async\" width=\"1024\" height=\"768\" src=\"http:\/\/armstrongyregion.com.ar\/diario\/wp-content\/uploads\/2024\/06\/orden-publico-1--1024x768.jpg\" alt=\"\" class=\"wp-image-43013\" srcset=\"https:\/\/armstrongyregion.com.ar\/diario\/wp-content\/uploads\/2024\/06\/orden-publico-1--1024x768.jpg 1024w, https:\/\/armstrongyregion.com.ar\/diario\/wp-content\/uploads\/2024\/06\/orden-publico-1--300x225.jpg 300w, https:\/\/armstrongyregion.com.ar\/diario\/wp-content\/uploads\/2024\/06\/orden-publico-1--768x576.jpg 768w, https:\/\/armstrongyregion.com.ar\/diario\/wp-content\/uploads\/2024\/06\/orden-publico-1-.jpg 1280w\" sizes=\"auto, (max-width: 1024px) 100vw, 1024px\" \/><\/a><\/figure>\n\n\n\n<p>El \u00c1rea de Orden P\u00fablico de la Municipalidad de Armstrong inform\u00f3 que en el transcurso de la<br>\u00faltima semana se procedi\u00f3 a realizar recorridos en coordinaci\u00f3n con Polic\u00eda y central de monitoreo<br>para acciones de prevenci\u00f3n de faltas y delitos, con presencia efectiva en barrio FoNaVi Sur<br>incluyendo plaza Nona Rocha.<\/p>\n\n\n\n<figure class=\"wp-block-image size-large\"><a href=\"http:\/\/armstrongyregion.com.ar\/diario\/wp-content\/uploads\/2024\/06\/orden-publico-2-.jpg\"><img loading=\"lazy\" decoding=\"async\" width=\"1024\" height=\"768\" src=\"http:\/\/armstrongyregion.com.ar\/diario\/wp-content\/uploads\/2024\/06\/orden-publico-2--1024x768.jpg\" alt=\"\" class=\"wp-image-43014\" srcset=\"https:\/\/armstrongyregion.com.ar\/diario\/wp-content\/uploads\/2024\/06\/orden-publico-2--1024x768.jpg 1024w, https:\/\/armstrongyregion.com.ar\/diario\/wp-content\/uploads\/2024\/06\/orden-publico-2--300x225.jpg 300w, https:\/\/armstrongyregion.com.ar\/diario\/wp-content\/uploads\/2024\/06\/orden-publico-2--768x576.jpg 768w, https:\/\/armstrongyregion.com.ar\/diario\/wp-content\/uploads\/2024\/06\/orden-publico-2-.jpg 1152w\" sizes=\"auto, (max-width: 1024px) 100vw, 1024px\" \/><\/a><\/figure>\n\n\n\n<p><br>Estos recorridos con presencia preventiva se extienden en horas de la madrugada a Plaza San<br>Mart\u00edn, edificio municipal, parroquia Nuestra Se\u00f1ora de la Merced y Estaci\u00f3n M\u00e1s. Tambi\u00e9n se<br>realiza un recorrido por Jard\u00edn 84, v\u00edas del ferrocarril y cancha de bochas.<br>Hay presencia preventiva tambi\u00e9n en otros puntos de la ciudad: Parque Bracito Fuerte, estaci\u00f3n de<br>trenes, silos, centro\/comercios, calles Fischer, Pio Chiodi, San Mart\u00edn, Rold\u00e1n, Lisandro de la Torre,<br>Pedro Ferrero, Plaza Flotron, Escuela N\u00b0 33, estaciones de servicio, hoteles y accesos a la ciudad,<br>tambi\u00e9n con motivo de la realizaci\u00f3n de AgroActiva se brinda colaboraci\u00f3n en operativos de<br>saturaci\u00f3n policial.<br>Con presencia policial preventiva se procedi\u00f3 al secuestro de mercader\u00eda por venta ambulante no<br>autorizada llevada a cabo por un masculino mayor de edad con domicilio en la ciudad de C\u00f3rdoba; el<br>secuestro de dos motoveh\u00edculos, cada uno de ellos conducido por mayores de edad de la ciudad de<br>Las Pareja, uno por falta de seguro y acompa\u00f1ante sin casco, y el otro por conducci\u00f3n peligrosa, con<br>aliento et\u00edlico; y el secuestro de un autom\u00f3vil conducido por una femenina mayor de edad por<br>m\u00fasica a alto volumen (ruidos molestos reiterativos) y falta de licencia habilitante para conducir. En<br>todos los casos interviene el Juzgado Municipal de Faltas.<\/p>\n","protected":false},"excerpt":{"rendered":"<p>Armstrong. Informe \u00c1rea de Orden P\u00fablico 03\/06\/2024<\/p>\n","protected":false},"author":1,"featured_media":43013,"comment_status":"open","ping_status":"open","sticky":false,"template":"","format":"image","meta":{"_jetpack_memberships_contains_paid_content":false,"footnotes":"","jetpack_publicize_message":"","jetpack_publicize_feature_enabled":true,"jetpack_social_post_already_shared":true,"jetpack_social_options":{"image_generator_settings":{"template":"highway","default_image_id":0,"enabled":false},"version":2}},"categories":[8,1,2,7,3],"tags":[20,10721,8777,1570,8585],"class_list":["post-43012","post","type-post","status-publish","format-image","has-post-thumbnail","hentry","category-deliberando","category-diario-armstrong","category-locales","category-politica","category-region","tag-armstrong","tag-diario-armstrong-region","tag-lic-graciela-de-la-casa","tag-orden","tag-publico-2","post_format-post-format-image"],"jetpack_publicize_connections":[],"jetpack_featured_media_url":"https:\/\/armstrongyregion.com.ar\/diario\/wp-content\/uploads\/2024\/06\/orden-publico-1-.jpg","jetpack_shortlink":"https:\/\/wp.me\/p62QDO-bbK","jetpack_sharing_enabled":true,"amp_enabled":true,"_links":{"self":[{"href":"https:\/\/armstrongyregion.com.ar\/diario\/wp-json\/wp\/v2\/posts\/43012","targetHints":{"allow":["GET"]}}],"collection":[{"href":"https:\/\/armstrongyregion.com.ar\/diario\/wp-json\/wp\/v2\/posts"}],"about":[{"href":"https:\/\/armstrongyregion.com.ar\/diario\/wp-json\/wp\/v2\/types\/post"}],"author":[{"embeddable":true,"href":"https:\/\/armstrongyregion.com.ar\/diario\/wp-json\/wp\/v2\/users\/1"}],"replies":[{"embeddable":true,"href":"https:\/\/armstrongyregion.com.ar\/diario\/wp-json\/wp\/v2\/comments?post=43012"}],"version-history":[{"count":1,"href":"https:\/\/armstrongyregion.com.ar\/diario\/wp-json\/wp\/v2\/posts\/43012\/revisions"}],"predecessor-version":[{"id":43015,"href":"https:\/\/armstrongyregion.com.ar\/diario\/wp-json\/wp\/v2\/posts\/43012\/revisions\/43015"}],"wp:featuredmedia":[{"embeddable":true,"href":"https:\/\/armstrongyregion.com.ar\/diario\/wp-json\/wp\/v2\/media\/43013"}],"wp:attachment":[{"href":"https:\/\/armstrongyregion.com.ar\/diario\/wp-json\/wp\/v2\/media?parent=43012"}],"wp:term":[{"taxonomy":"category","embeddable":true,"href":"https:\/\/armstrongyregion.com.ar\/diario\/wp-json\/wp\/v2\/categories?post=43012"},{"taxonomy":"post_tag","embeddable":true,"href":"https:\/\/armstrongyregion.com.ar\/diario\/wp-json\/wp\/v2\/tags?post=43012"}],"curies":[{"name":"wp","href":"https:\/\/api.w.org\/{rel}","templated":true}]}}