{"id":43008,"date":"2024-06-02T21:28:50","date_gmt":"2024-06-02T21:28:50","guid":{"rendered":"https:\/\/armstrongyregion.com.ar\/diario\/?p=43008"},"modified":"2024-06-02T21:28:53","modified_gmt":"2024-06-02T21:28:53","slug":"agroactiva-2024-santa-fe-despliega-su-potencial-y-presenta-lineas-de-financiamiento","status":"publish","type":"post","link":"https:\/\/armstrongyregion.com.ar\/diario\/agroactiva-2024-santa-fe-despliega-su-potencial-y-presenta-lineas-de-financiamiento\/","title":{"rendered":"Agroactiva 2024: Santa Fe despliega su potencial y presenta l\u00edneas de financiamiento."},"content":{"rendered":"\n<figure class=\"wp-block-image size-large\"><a href=\"http:\/\/armstrongyregion.com.ar\/diario\/wp-content\/uploads\/2024\/06\/agroactiva-1-.jpg\"><img loading=\"lazy\" decoding=\"async\" width=\"1024\" height=\"575\" src=\"http:\/\/armstrongyregion.com.ar\/diario\/wp-content\/uploads\/2024\/06\/agroactiva-1--1024x575.jpg\" alt=\"\" class=\"wp-image-43009\" srcset=\"https:\/\/armstrongyregion.com.ar\/diario\/wp-content\/uploads\/2024\/06\/agroactiva-1--1024x575.jpg 1024w, https:\/\/armstrongyregion.com.ar\/diario\/wp-content\/uploads\/2024\/06\/agroactiva-1--300x168.jpg 300w, https:\/\/armstrongyregion.com.ar\/diario\/wp-content\/uploads\/2024\/06\/agroactiva-1--768x431.jpg 768w, https:\/\/armstrongyregion.com.ar\/diario\/wp-content\/uploads\/2024\/06\/agroactiva-1-.jpg 1140w\" sizes=\"auto, (max-width: 1024px) 100vw, 1024px\" \/><\/a><\/figure>\n\n\n\n<figure class=\"wp-block-table\"><table><tbody><tr><td><strong>Del 5 al 8 de junio, la producci\u00f3n santafesina estar\u00e1 presente en Armstrong, en la tradicional muestra Agroactiva. El Gobierno de Santa Fe lanzar\u00e1 l\u00edneas de cr\u00e9ditos, presentar\u00e1 fiestas provinciales, ofrecer\u00e1 rondas de negocios y contar\u00e1 con la presencia de representantes diplom\u00e1ticos de diversos pa\u00edses. M\u00e1s de 130 empresas santafesinas se exhibir\u00e1n en la muestra.<\/strong><br>\u00a0<\/td><td>&nbsp;<\/td><\/tr><\/tbody><\/table><figcaption class=\"wp-element-caption\">El Gobierno de Santa Fe, a trav\u00e9s de su Ministerio de Desarrollo Productivo, desplegar\u00e1 todo su potencial en una nueva edici\u00f3n de Agroactiva, que tendr\u00e1 lugar en Armstrong del 5 al 8 de junio. En una ambiciosa propuesta que integra exposiciones, lanzamientos, presentaciones, ofertas culturales, rondas de negocios y capacitaciones, Santa Fe redobla la apuesta y exhibe toda la producci\u00f3n regional durante 4 d\u00edas en un s\u00f3lo lugar: \u201cAgroactiva es el gran evento del campo de nuestra provincia. Es un orgullo y una marca de nuestra identidad que se afianza a\u00f1o a a\u00f1o. En esta oportunidad vamos a llevar a 130 firmas vinculadas a la innovaci\u00f3n, el agro y la industria. Pero adem\u00e1s vamos a presentar una nutrida agenda de actividades: capacitaciones, conversatorios, rondas de negocios, espect\u00e1culos culturales. Tambi\u00e9n presentaremos una l\u00ednea de financiamiento especial dentro de \u201cSanta Fe Activa\u201d y programas vinculados al comercio exterior con el objetivo de acompa\u00f1ar a nuestras firmas en los primeros pasos para la exportaci\u00f3n. En el espacio de la provincia podr\u00e1n encontrarse ofertas para emprendedores, empresarios, exportadores, estudiantes y p\u00fablico en general. Ser\u00e1 un espacio que invite a la participaci\u00f3n y en el que todos los santafesinos puedan sentirse representados. Queremos mostrar al pa\u00eds todo lo que somos capaces con innovaci\u00f3n y empuje\u201d, indic\u00f3 el ministro de Desarrollo Productivo, Gustavo Puccini.\u00a0<br>La inauguraci\u00f3n de la gran propuesta provincial ser\u00e1 el mi\u00e9rcoles 5, pero el acto de apertura oficial est\u00e1 previsto para el jueves 6.<br>En total, la provincia contar\u00e1 con 14.000 metros cuadrados, distribuidos en 6 lotes, en los cuales se dispondr\u00e1 una carpa institucional donde se promocionar\u00e1n los programas provinciales; adem\u00e1s se instalar\u00e1 una carpa para AgTech (firmas de tecnolog\u00eda para el agro), una carpa que albergar\u00e1 a firmas industriales y alimenticias, y cuatro lotes exteriores con empresas metalmec\u00e1nicas y del rubro agropecuario. El espacio santafesino contar\u00e1, adem\u00e1s, con la presencia de la Secretar\u00eda de Turismo, que expondr\u00e1 los atractivos provinciales. En el stand institucional se atender\u00e1n las inquietudes del p\u00fablico sobre el quehacer productivo provincial y los programas de Gobierno de Santa Fe. El espacio, adem\u00e1s, contar\u00e1 con un auditorio, una sala de reuniones comerciales para rondas de negocios, un living y un lugar de paseo y encuentro, con bancos para descanso de los visitantes.<br><br><strong>Negocios internacionales<\/strong><br><br>En cuanto a las rondas de negocios, contar\u00e1n con la participaci\u00f3n de empresas internacionales. Se confirmaron m\u00e1s de 170 encuentros con 12 compradores de 5 pa\u00edses, entre ellos, Bulgaria, Bolivia, Chile, Colombia y Per\u00fa. Los productos m\u00e1s demandados en las citas son bombas oleohidr\u00e1ulicas, cabezales maiceros, cosechadoras, pulverizadoras, cuchillas y elevadores de granos, entre otros.\u00a0<br><br><strong>Santa Fe Business Forum<\/strong><br><br>La Provincia tambi\u00e9n presentar\u00e1 una innovadora propuesta para generar negocios y atraer inversiones: \u201cSanta Fe Business Forum\u201d se plantea como una ronda de negocios inversa que convocar\u00e1 empresas del exterior de m\u00e1s de 30 destinos con el objetivo de generar encuentros comerciales con firmas locales. La propuesta incluye tambi\u00e9n seminarios informativos y capacitaciones; as\u00ed como tambi\u00e9n sesiones de networking de negocios y matchmaking. \u201cSanta Fe Business Forum es un proyecto grande y muy ambicioso con m\u00faltiples aristas pero ante todo representa el compromiso de una gesti\u00f3n que va a fortalecer a Santa Fe como territorio de oportunidades, facilitando negocios y generando confianza para traccionar inversiones genuinas\u201d, a\u00f1adi\u00f3 Puccini.<br><strong>Financiamiento especial<\/strong><br>El programa \u201cSanta Fe Activa\u201d llevar\u00e1 su bater\u00eda de l\u00edneas de financiamiento para campo, industria, comercio, turismo, ciencia e innovaci\u00f3n bajo un esquema de articulaci\u00f3n con entidades financieras. Se presentar\u00e1n 2 l\u00edneas con el Banco Naci\u00f3n por un monto total de 17 mil millones de pesos destinadas a micro, peque\u00f1as y medianas empresas. Una de las ofertas crediticias tendr\u00e1 vigencia exclusivamente en Agroactiva. Desde provincia afirmaron que las tasas \u201cprometen ser muy agresivas\u201d.<br>Con respecto a los tipo de l\u00edneas, explicaron que una de ellas est\u00e1 destinada a la compra de maquinaria agr\u00edcola de fabricaci\u00f3n nacional, con un cupo bonificable por la provincia de 7 mil millones de pesos y por un plazo de 48 meses. El monto m\u00e1ximo por beneficiario ser\u00e1 de 200 millones de pesos, con un subsidio de 7 puntos por parte del Gobierno provincial. Adem\u00e1s se anunciar\u00e1 otra oportunidad financiera que tendr\u00e1 2 destinos posibles: inversiones y capital de trabajo, que podr\u00e1 emplearse para cualquier eslab\u00f3n de la cadena productiva. La l\u00ednea de inversiones contemplar\u00e1 5 mil millones de cupo bonificable, 36 meses de plazo y hasta 200 millones de pesos por beneficiario. En el caso de capital de trabajo, el cupo tambi\u00e9n ser\u00e1 de 5 mil millones y el plazo de devoluci\u00f3n, 18 meses. En ambos casos, la provincia subsidiar\u00e1 7 puntos. Adem\u00e1s, junto al Nuevo Banco de Santa Fe, se expondr\u00e1 una financiaci\u00f3n de 7 mil millones de pesos de cupo para maquinaria agr\u00edcola, con un descuento de 7 puntos; tambi\u00e9n aplicable exclusivamente en Agroactiva.<br>Para completar la oferta, se relanzar\u00e1n las l\u00edneas vigentes con el Consejo Federal de Inversiones (CFI) y se sumar\u00e1 una propuesta dirigida a las Agencias de Desarrollo. En cuanto a CFI, se trata de dos iniciativas: una para inversiones y otra con l\u00edneas especiales: porcina, av\u00edcola, transporte de carga, financiamiento verde y mujeres. Por su parte, el proyecto direccionado a las Agencias de Desarrollo prev\u00e9 destinar mil millones de pesos para las cadenas de valor priorizadas en las 24 instituciones regionales de la provincia.<br>Cabe recordar que Santa Fe Activa busca fortalecer y diversificar las fuentes de financiamiento disponibles para las diversas cadenas de valor presentes en el territorio provincial. El Programa procura facilitar el acceso a instrumentos crediticios mediante alianzas estrat\u00e9gicas con entidades financieras operativas en la regi\u00f3n, con el fin de impulsar el desarrollo econ\u00f3mico de manera efectiva.<br><strong>Santa Fe ac\u00e1, presente<\/strong><br>Asimismo, durante los 4 d\u00edas podr\u00e1 encontrarse en la feria el dispositivo \u201cSanta Fe ac\u00e1\u201d que ofrece asistencia ciudadana para tr\u00e1mites como el DNI, Pasaporte, Boleto Educativo y tr\u00e1mites vinculados a asesor\u00eda integral para empresas de alimentos por parte de ASSAL. Adem\u00e1s estar\u00e1 el cami\u00f3n sanitario del Ministerio de Salud de la provincia donde se har\u00e1 aplicaci\u00f3n de vacunas, testeos r\u00e1pidos y asesor\u00eda en prevenci\u00f3n.<br><br><strong>Feria emblem\u00e1tica<\/strong><br><br>La provincia de Santa Fe expresa a trav\u00e9s de sus pymes y micropymes una clara diversidad productiva extendida a lo largo y ancho de todo su territorio. Con el programa Santa Fe Expone, el gobierno provincial acompa\u00f1a a estas empresas en eventos que se llevan a cabo en todo el pa\u00eds, brind\u00e1ndoles la oportunidad de exhibir sus productos en espacios proporcionados por el Ministerio de Desarrollo Productivo.\u00a0<br>Dentro del calendario de eventos y exposiciones del programa Santa Fe Expone, Agroactiva se constituye como una feria emblem\u00e1tica, que en su enorme despliegue representa todo el trabajo que se realiza a trav\u00e9s de esta iniciativa. Agroactiva, que naci\u00f3 como una peque\u00f1a expresi\u00f3n local y con los a\u00f1os se constituy\u00f3 en una referencia internacional, re\u00fane a empresas, f\u00e1bricas, importadores y distribuidores de bienes, insumos y servicios para el sector agropecuario.<br>Con 30 a\u00f1os de actividad ininterrumpida, Agroactiva se transform\u00f3 en la exposici\u00f3n agropecuaria a cielo abierto m\u00e1s convocante de Argentina y la regi\u00f3n, que supo ganarse el prestigio y el respeto de cada productor o contratista que la visit\u00f3, pero tambi\u00e9n de los empresarios que siente en ella el acompa\u00f1amiento genuino en cada una de sus ediciones.<br>\u00a0<br>\u00a0<br>\u00a0<br>\u00a0<br><\/figcaption><\/figure>\n","protected":false},"excerpt":{"rendered":"<p>Agroactiva 2024: Santa Fe despliega su potencial y presenta l\u00edneas de financiamiento.<\/p>\n","protected":false},"author":1,"featured_media":43009,"comment_status":"open","ping_status":"open","sticky":false,"template":"","format":"image","meta":{"_jetpack_memberships_contains_paid_content":false,"footnotes":"","jetpack_publicize_message":"","jetpack_publicize_feature_enabled":true,"jetpack_social_post_already_shared":true,"jetpack_social_options":{"image_generator_settings":{"template":"highway","default_image_id":0,"enabled":false},"version":2}},"categories":[8,1,2,7,3],"tags":[10146,8750,5030,8777],"class_list":["post-43008","post","type-post","status-publish","format-image","has-post-thumbnail","hentry","category-deliberando","category-diario-armstrong","category-locales","category-politica","category-region","tag-10146","tag-agroactiva-2","tag-diario-armstrong","tag-lic-graciela-de-la-casa","post_format-post-format-image"],"jetpack_publicize_connections":[],"jetpack_featured_media_url":"https:\/\/armstrongyregion.com.ar\/diario\/wp-content\/uploads\/2024\/06\/agroactiva-1-.jpg","jetpack_shortlink":"https:\/\/wp.me\/p62QDO-bbG","jetpack_sharing_enabled":true,"amp_enabled":true,"_links":{"self":[{"href":"https:\/\/armstrongyregion.com.ar\/diario\/wp-json\/wp\/v2\/posts\/43008","targetHints":{"allow":["GET"]}}],"collection":[{"href":"https:\/\/armstrongyregion.com.ar\/diario\/wp-json\/wp\/v2\/posts"}],"about":[{"href":"https:\/\/armstrongyregion.com.ar\/diario\/wp-json\/wp\/v2\/types\/post"}],"author":[{"embeddable":true,"href":"https:\/\/armstrongyregion.com.ar\/diario\/wp-json\/wp\/v2\/users\/1"}],"replies":[{"embeddable":true,"href":"https:\/\/armstrongyregion.com.ar\/diario\/wp-json\/wp\/v2\/comments?post=43008"}],"version-history":[{"count":1,"href":"https:\/\/armstrongyregion.com.ar\/diario\/wp-json\/wp\/v2\/posts\/43008\/revisions"}],"predecessor-version":[{"id":43010,"href":"https:\/\/armstrongyregion.com.ar\/diario\/wp-json\/wp\/v2\/posts\/43008\/revisions\/43010"}],"wp:featuredmedia":[{"embeddable":true,"href":"https:\/\/armstrongyregion.com.ar\/diario\/wp-json\/wp\/v2\/media\/43009"}],"wp:attachment":[{"href":"https:\/\/armstrongyregion.com.ar\/diario\/wp-json\/wp\/v2\/media?parent=43008"}],"wp:term":[{"taxonomy":"category","embeddable":true,"href":"https:\/\/armstrongyregion.com.ar\/diario\/wp-json\/wp\/v2\/categories?post=43008"},{"taxonomy":"post_tag","embeddable":true,"href":"https:\/\/armstrongyregion.com.ar\/diario\/wp-json\/wp\/v2\/tags?post=43008"}],"curies":[{"name":"wp","href":"https:\/\/api.w.org\/{rel}","templated":true}]}}