{"id":4300,"date":"2015-09-28T16:44:42","date_gmt":"2015-09-28T16:44:42","guid":{"rendered":"https:\/\/armstrongyregion.com.ar\/diario\/?p=4300"},"modified":"2015-09-28T16:44:42","modified_gmt":"2015-09-28T16:44:42","slug":"asociacion-nazareth-realizo-su-26o-acto-de-graduacion","status":"publish","type":"post","link":"https:\/\/armstrongyregion.com.ar\/diario\/asociacion-nazareth-realizo-su-26o-acto-de-graduacion\/","title":{"rendered":"ASOCIACI\u00d3N NAZARETH REALIZ\u00d3 SU 26\u00ba ACTO DE GRADUACI\u00d3N"},"content":{"rendered":"<p>Se desarroll\u00f3 en el Teatro Verdi y en esta oportunidad noventa fueron los graduados. La intendenta Cl\u00e9rici destac\u00f3 el trabajo conjunto de la instituci\u00f3n con la gesti\u00f3n municipal.<\/p>\n<p>El Teatro Verdi fue el lugar donde Asociaci\u00f3n Nazareth realiz\u00f3 el 26\u00ba acto de graduaci\u00f3n. En esta oportunidad 90 fueron los graduados, quienes junto a familiares y autoridades de la instituci\u00f3n compartieron tan emotivo momento.<br \/>\nLa intendenta Stella Cl\u00e9rici fue la encargada de iniciar el acto, destacando el trabajo de la instituci\u00f3n a lo largo de estos a\u00f1os y las actividades de integraci\u00f3n que se desarrollan junto al municipio.<br \/>\n\u201cHoy comienza otra etapa de la vida para j\u00f3venes y adultos\u00a0 que lograron graduarse. Estamos orgullosos del trabajo que hace esta instituci\u00f3n, con el amor de una familia\u201d, expres\u00f3 Cl\u00e9rici quien adem\u00e1s valor\u00f3 el proyecto presentado conjuntamente en relaci\u00f3n a la construcci\u00f3n de la Casa de Mar\u00eda Magdalena para que funcione la Comunidad Terap\u00e9utica de rehabilitaci\u00f3n de adictas mujeres y su grupo familiar.<br \/>\nFinalmente, la directora de Asociaci\u00f3n Nazareth Mar\u00eda Eva Ferrigno resalt\u00f3 la importancia del momento de la graduaci\u00f3n expresando que \u201ces el fruto de cada a\u00f1o de trabajo junto a cada uno de los graduados y sus familias\u201d.<\/p>\n<div class=\"yj6qo ajU\">\n<div id=\":ng\" class=\"ajR\" tabindex=\"0\" data-tooltip=\"Muestra el contenido reducido\"><img decoding=\"async\" class=\"ajT\" src=\"https:\/\/ssl.gstatic.com\/ui\/v1\/icons\/mail\/images\/cleardot.gif\" alt=\"\" \/><a href=\"http:\/\/armstrongyregion.com.ar\/diario\/wp-content\/uploads\/2015\/09\/12059603_878523828861653_1227103946_o.jpg\"><img loading=\"lazy\" decoding=\"async\" class=\"alignnone size-medium wp-image-4301\" src=\"http:\/\/armstrongyregion.com.ar\/diario\/wp-content\/uploads\/2015\/09\/12059603_878523828861653_1227103946_o-300x169.jpg\" alt=\"12059603_878523828861653_1227103946_o\" width=\"300\" height=\"169\" srcset=\"https:\/\/armstrongyregion.com.ar\/diario\/wp-content\/uploads\/2015\/09\/12059603_878523828861653_1227103946_o-300x169.jpg 300w, https:\/\/armstrongyregion.com.ar\/diario\/wp-content\/uploads\/2015\/09\/12059603_878523828861653_1227103946_o-1024x576.jpg 1024w, https:\/\/armstrongyregion.com.ar\/diario\/wp-content\/uploads\/2015\/09\/12059603_878523828861653_1227103946_o.jpg 2048w\" sizes=\"auto, (max-width: 300px) 100vw, 300px\" \/><\/a><\/div>\n<\/div>\n","protected":false},"excerpt":{"rendered":"<p>Se desarroll\u00f3 en el Teatro Verdi y en esta oportunidad noventa fueron los graduados. La intendenta Cl\u00e9rici destac\u00f3 el trabajo conjunto de la instituci\u00f3n con la gesti\u00f3n municipal. El Teatro Verdi fue el lugar donde Asociaci\u00f3n Nazareth realiz\u00f3 el 26\u00ba acto de graduaci\u00f3n. En esta oportunidad 90 fueron los graduados, quienes junto a familiares y <a href=\"https:\/\/armstrongyregion.com.ar\/diario\/asociacion-nazareth-realizo-su-26o-acto-de-graduacion\/\" title=\"Read more\" >&#8230;<\/a><\/p>\n","protected":false},"author":2,"featured_media":4301,"comment_status":"open","ping_status":"open","sticky":false,"template":"","format":"standard","meta":{"_jetpack_memberships_contains_paid_content":false,"footnotes":"","jetpack_publicize_message":"","jetpack_publicize_feature_enabled":true,"jetpack_social_post_already_shared":false,"jetpack_social_options":{"image_generator_settings":{"template":"highway","default_image_id":0,"enabled":false},"version":2}},"categories":[9,6,1,2,3],"tags":[2833,2834,2835],"class_list":["post-4300","post","type-post","status-publish","format-standard","has-post-thumbnail","hentry","category-contacto","category-cultura-entretenimiento","category-diario-armstrong","category-locales","category-region","tag-asociacion-nazareth","tag-nuevos-egresados","tag-rehabilitacion"],"jetpack_publicize_connections":[],"jetpack_featured_media_url":"https:\/\/armstrongyregion.com.ar\/diario\/wp-content\/uploads\/2015\/09\/12059603_878523828861653_1227103946_o.jpg","jetpack_shortlink":"https:\/\/wp.me\/p62QDO-17m","jetpack_sharing_enabled":true,"amp_enabled":true,"_links":{"self":[{"href":"https:\/\/armstrongyregion.com.ar\/diario\/wp-json\/wp\/v2\/posts\/4300","targetHints":{"allow":["GET"]}}],"collection":[{"href":"https:\/\/armstrongyregion.com.ar\/diario\/wp-json\/wp\/v2\/posts"}],"about":[{"href":"https:\/\/armstrongyregion.com.ar\/diario\/wp-json\/wp\/v2\/types\/post"}],"author":[{"embeddable":true,"href":"https:\/\/armstrongyregion.com.ar\/diario\/wp-json\/wp\/v2\/users\/2"}],"replies":[{"embeddable":true,"href":"https:\/\/armstrongyregion.com.ar\/diario\/wp-json\/wp\/v2\/comments?post=4300"}],"version-history":[{"count":0,"href":"https:\/\/armstrongyregion.com.ar\/diario\/wp-json\/wp\/v2\/posts\/4300\/revisions"}],"wp:featuredmedia":[{"embeddable":true,"href":"https:\/\/armstrongyregion.com.ar\/diario\/wp-json\/wp\/v2\/media\/4301"}],"wp:attachment":[{"href":"https:\/\/armstrongyregion.com.ar\/diario\/wp-json\/wp\/v2\/media?parent=4300"}],"wp:term":[{"taxonomy":"category","embeddable":true,"href":"https:\/\/armstrongyregion.com.ar\/diario\/wp-json\/wp\/v2\/categories?post=4300"},{"taxonomy":"post_tag","embeddable":true,"href":"https:\/\/armstrongyregion.com.ar\/diario\/wp-json\/wp\/v2\/tags?post=4300"}],"curies":[{"name":"wp","href":"https:\/\/api.w.org\/{rel}","templated":true}]}}