{"id":42989,"date":"2024-05-29T19:21:39","date_gmt":"2024-05-29T19:21:39","guid":{"rendered":"https:\/\/armstrongyregion.com.ar\/diario\/?p=42989"},"modified":"2024-05-29T19:21:42","modified_gmt":"2024-05-29T19:21:42","slug":"cambia-armstrong-celebro-el-25-de-mayo-nos-une-hacia-el-futuro","status":"publish","type":"post","link":"https:\/\/armstrongyregion.com.ar\/diario\/cambia-armstrong-celebro-el-25-de-mayo-nos-une-hacia-el-futuro\/","title":{"rendered":"Cambia Armstrong celebr\u00f3 el 25 de Mayo: \u00abNos une hacia el futuro\u00bb\u00a0"},"content":{"rendered":"\n<figure class=\"wp-block-image size-large\"><a href=\"http:\/\/armstrongyregion.com.ar\/diario\/wp-content\/uploads\/2024\/05\/Cambia-Armstrong-1-.jpg\"><img loading=\"lazy\" decoding=\"async\" width=\"1024\" height=\"683\" src=\"http:\/\/armstrongyregion.com.ar\/diario\/wp-content\/uploads\/2024\/05\/Cambia-Armstrong-1--1024x683.jpg\" alt=\"\" class=\"wp-image-42990\" srcset=\"https:\/\/armstrongyregion.com.ar\/diario\/wp-content\/uploads\/2024\/05\/Cambia-Armstrong-1--1024x683.jpg 1024w, https:\/\/armstrongyregion.com.ar\/diario\/wp-content\/uploads\/2024\/05\/Cambia-Armstrong-1--300x200.jpg 300w, https:\/\/armstrongyregion.com.ar\/diario\/wp-content\/uploads\/2024\/05\/Cambia-Armstrong-1--768x512.jpg 768w, https:\/\/armstrongyregion.com.ar\/diario\/wp-content\/uploads\/2024\/05\/Cambia-Armstrong-1-.jpg 1280w\" sizes=\"auto, (max-width: 1024px) 100vw, 1024px\" \/><\/a><\/figure>\n\n\n\n<p>\u00a0En un encuentro encabezado por Emiliano Gramigna, el frente Cambia Armstrong celebr\u00f3 el D\u00eda de la Patria en su local de P\u00edo Chiodi y Per\u00fa. Vecinos y familias se acercaron a compartir un encuentro entre mates, tortas fritas y actividades.<\/p>\n\n\n\n<figure class=\"wp-block-image size-large\"><a href=\"http:\/\/armstrongyregion.com.ar\/diario\/wp-content\/uploads\/2024\/05\/cambia-Armstrong-2-.jpg\"><img loading=\"lazy\" decoding=\"async\" width=\"1024\" height=\"683\" src=\"http:\/\/armstrongyregion.com.ar\/diario\/wp-content\/uploads\/2024\/05\/cambia-Armstrong-2--1024x683.jpg\" alt=\"\" class=\"wp-image-42991\" srcset=\"https:\/\/armstrongyregion.com.ar\/diario\/wp-content\/uploads\/2024\/05\/cambia-Armstrong-2--1024x683.jpg 1024w, https:\/\/armstrongyregion.com.ar\/diario\/wp-content\/uploads\/2024\/05\/cambia-Armstrong-2--300x200.jpg 300w, https:\/\/armstrongyregion.com.ar\/diario\/wp-content\/uploads\/2024\/05\/cambia-Armstrong-2--768x512.jpg 768w, https:\/\/armstrongyregion.com.ar\/diario\/wp-content\/uploads\/2024\/05\/cambia-Armstrong-2-.jpg 1280w\" sizes=\"auto, (max-width: 1024px) 100vw, 1024px\" \/><\/a><\/figure>\n\n\n\n<p> <strong>\u00abEs un d\u00eda que sin dudas nos une hacia el futuro. Gracias a todos los que vinieron a compartir ideas y proyectos, nos llenaron de energ\u00eda y esperanza\u00bb<\/strong>, expres\u00f3 Gramigna, quien buscar\u00e1 ser intendente por el espacio en las elecciones del 11 de agosto.<\/p>\n\n\n\n<figure class=\"wp-block-image size-large\"><a href=\"http:\/\/armstrongyregion.com.ar\/diario\/wp-content\/uploads\/2024\/05\/cambia-armstrong-3-.jpg\"><img loading=\"lazy\" decoding=\"async\" width=\"1024\" height=\"683\" src=\"http:\/\/armstrongyregion.com.ar\/diario\/wp-content\/uploads\/2024\/05\/cambia-armstrong-3--1024x683.jpg\" alt=\"\" class=\"wp-image-42992\" srcset=\"https:\/\/armstrongyregion.com.ar\/diario\/wp-content\/uploads\/2024\/05\/cambia-armstrong-3--1024x683.jpg 1024w, https:\/\/armstrongyregion.com.ar\/diario\/wp-content\/uploads\/2024\/05\/cambia-armstrong-3--300x200.jpg 300w, https:\/\/armstrongyregion.com.ar\/diario\/wp-content\/uploads\/2024\/05\/cambia-armstrong-3--768x512.jpg 768w, https:\/\/armstrongyregion.com.ar\/diario\/wp-content\/uploads\/2024\/05\/cambia-armstrong-3-.jpg 1280w\" sizes=\"auto, (max-width: 1024px) 100vw, 1024px\" \/><\/a><\/figure>\n\n\n\n<p><strong> \u00abEn medio de los desaf\u00edos actuales, encontramos en nuestra tradici\u00f3n la fuerza para seguir adelante, sembrando la semilla de un cambio en la ciudad para un futuro mejor\u00bb<\/strong>, manifest\u00f3 el candidato de Cambia Armstrong.<\/p>\n\n\n\n<figure class=\"wp-block-image size-large\"><a href=\"http:\/\/armstrongyregion.com.ar\/diario\/wp-content\/uploads\/2024\/05\/cambia-armstrong-4-.jpg\"><img loading=\"lazy\" decoding=\"async\" width=\"1024\" height=\"683\" src=\"http:\/\/armstrongyregion.com.ar\/diario\/wp-content\/uploads\/2024\/05\/cambia-armstrong-4--1024x683.jpg\" alt=\"\" class=\"wp-image-42993\" srcset=\"https:\/\/armstrongyregion.com.ar\/diario\/wp-content\/uploads\/2024\/05\/cambia-armstrong-4--1024x683.jpg 1024w, https:\/\/armstrongyregion.com.ar\/diario\/wp-content\/uploads\/2024\/05\/cambia-armstrong-4--300x200.jpg 300w, https:\/\/armstrongyregion.com.ar\/diario\/wp-content\/uploads\/2024\/05\/cambia-armstrong-4--768x512.jpg 768w, https:\/\/armstrongyregion.com.ar\/diario\/wp-content\/uploads\/2024\/05\/cambia-armstrong-4-.jpg 1280w\" sizes=\"auto, (max-width: 1024px) 100vw, 1024px\" \/><\/a><\/figure>\n\n\n\n<p> Hubo actividades para los ni\u00f1os y todos los presentes compartieron pastelitos y tortas fritas en familia resaltando los valores de la tradici\u00f3n nacional.<\/p>\n","protected":false},"excerpt":{"rendered":"<p>Cambia Armstrong celebr\u00f3 el 25 de Mayo: \u00abNos une hacia el futuro\u00bb\u00a0<\/p>\n","protected":false},"author":1,"featured_media":42990,"comment_status":"open","ping_status":"open","sticky":false,"template":"","format":"image","meta":{"_jetpack_memberships_contains_paid_content":false,"footnotes":"","jetpack_publicize_message":"","jetpack_publicize_feature_enabled":true,"jetpack_social_post_already_shared":true,"jetpack_social_options":{"image_generator_settings":{"template":"highway","default_image_id":0,"enabled":false},"version":2}},"categories":[8,1,2,7,3],"tags":[9378,10720,5030,9924,16,8777],"class_list":["post-42989","post","type-post","status-publish","format-image","has-post-thumbnail","hentry","category-deliberando","category-diario-armstrong","category-locales","category-politica","category-region","tag-25-de-mayo","tag-cambia-armstrong","tag-diario-armstrong","tag-diario-armstrong-y-region-2","tag-el","tag-lic-graciela-de-la-casa","post_format-post-format-image"],"jetpack_publicize_connections":[],"jetpack_featured_media_url":"https:\/\/armstrongyregion.com.ar\/diario\/wp-content\/uploads\/2024\/05\/Cambia-Armstrong-1-.jpg","jetpack_shortlink":"https:\/\/wp.me\/p62QDO-bbn","jetpack_sharing_enabled":true,"amp_enabled":true,"_links":{"self":[{"href":"https:\/\/armstrongyregion.com.ar\/diario\/wp-json\/wp\/v2\/posts\/42989","targetHints":{"allow":["GET"]}}],"collection":[{"href":"https:\/\/armstrongyregion.com.ar\/diario\/wp-json\/wp\/v2\/posts"}],"about":[{"href":"https:\/\/armstrongyregion.com.ar\/diario\/wp-json\/wp\/v2\/types\/post"}],"author":[{"embeddable":true,"href":"https:\/\/armstrongyregion.com.ar\/diario\/wp-json\/wp\/v2\/users\/1"}],"replies":[{"embeddable":true,"href":"https:\/\/armstrongyregion.com.ar\/diario\/wp-json\/wp\/v2\/comments?post=42989"}],"version-history":[{"count":1,"href":"https:\/\/armstrongyregion.com.ar\/diario\/wp-json\/wp\/v2\/posts\/42989\/revisions"}],"predecessor-version":[{"id":42994,"href":"https:\/\/armstrongyregion.com.ar\/diario\/wp-json\/wp\/v2\/posts\/42989\/revisions\/42994"}],"wp:featuredmedia":[{"embeddable":true,"href":"https:\/\/armstrongyregion.com.ar\/diario\/wp-json\/wp\/v2\/media\/42990"}],"wp:attachment":[{"href":"https:\/\/armstrongyregion.com.ar\/diario\/wp-json\/wp\/v2\/media?parent=42989"}],"wp:term":[{"taxonomy":"category","embeddable":true,"href":"https:\/\/armstrongyregion.com.ar\/diario\/wp-json\/wp\/v2\/categories?post=42989"},{"taxonomy":"post_tag","embeddable":true,"href":"https:\/\/armstrongyregion.com.ar\/diario\/wp-json\/wp\/v2\/tags?post=42989"}],"curies":[{"name":"wp","href":"https:\/\/api.w.org\/{rel}","templated":true}]}}