{"id":42985,"date":"2024-05-29T03:37:41","date_gmt":"2024-05-29T03:37:41","guid":{"rendered":"https:\/\/armstrongyregion.com.ar\/diario\/?p=42985"},"modified":"2024-05-29T03:37:43","modified_gmt":"2024-05-29T03:37:43","slug":"vialidad-nacional-avanza-con-el-bacheo-provisorio-de-la-ruta-178","status":"publish","type":"post","link":"https:\/\/armstrongyregion.com.ar\/diario\/vialidad-nacional-avanza-con-el-bacheo-provisorio-de-la-ruta-178\/","title":{"rendered":"Vialidad Nacional avanza con el bacheo provisorio de la Ruta 178."},"content":{"rendered":"\n<figure class=\"wp-block-image size-full\"><a href=\"http:\/\/armstrongyregion.com.ar\/diario\/wp-content\/uploads\/2024\/05\/BACHEO-178-A.jpg\"><img loading=\"lazy\" decoding=\"async\" width=\"750\" height=\"500\" src=\"http:\/\/armstrongyregion.com.ar\/diario\/wp-content\/uploads\/2024\/05\/BACHEO-178-A.jpg\" alt=\"\" class=\"wp-image-42986\" srcset=\"https:\/\/armstrongyregion.com.ar\/diario\/wp-content\/uploads\/2024\/05\/BACHEO-178-A.jpg 750w, https:\/\/armstrongyregion.com.ar\/diario\/wp-content\/uploads\/2024\/05\/BACHEO-178-A-300x200.jpg 300w\" sizes=\"auto, (max-width: 750px) 100vw, 750px\" \/><\/a><\/figure>\n\n\n\n<p>A trav\u00e9s de gestiones realizadas por el Senador Pablo Verdecchia, respecto al estado cr\u00edtico de la cinta asf\u00e1ltica de la RN N\u00b0 178, el organismo nacional encargado del mantenimiento de las rutas puso en marcha la obra de bacheo provisorio. <\/p>\n\n\n\n<figure class=\"wp-block-image size-full\"><a href=\"http:\/\/armstrongyregion.com.ar\/diario\/wp-content\/uploads\/2024\/05\/BACHEO-178-B-.jpg\"><img loading=\"lazy\" decoding=\"async\" width=\"750\" height=\"500\" src=\"http:\/\/armstrongyregion.com.ar\/diario\/wp-content\/uploads\/2024\/05\/BACHEO-178-B-.jpg\" alt=\"\" class=\"wp-image-42987\" srcset=\"https:\/\/armstrongyregion.com.ar\/diario\/wp-content\/uploads\/2024\/05\/BACHEO-178-B-.jpg 750w, https:\/\/armstrongyregion.com.ar\/diario\/wp-content\/uploads\/2024\/05\/BACHEO-178-B--300x200.jpg 300w\" sizes=\"auto, (max-width: 750px) 100vw, 750px\" \/><\/a><\/figure>\n\n\n\n<p>Verdecchia manifest\u00f3: \u201cDesde que asum\u00ed como Senador recibimos reclamos de trabajadores, estudiantes que a diario deben transitar por esta ruta y sabemos que este reclamo es una m\u00e1xima prioridad. Esta es la ruta m\u00e1s importante de nuestro departamento y es pr\u00e1cticamente intransitable. Necesit\u00e1bamos una intervenci\u00f3n urgente que por lo menos repare los baches m\u00e1s peligrosos, hasta que el Gobierno Nacional ejecute la obra que nos brinde una soluci\u00f3n definitiva\u201d. <\/p>\n\n\n\n<p>Los trabajos, de caracter\u00edsticas provisoria, iniciaron desde el sur a la altura de Villa Elo\u00edsa y se van a extender sobre la traza de la RN N\u00b0 178 hasta Las Rosas. A partir de esta ma\u00f1ana, la cuadrilla encargada de ejecutar el bacheo ya se encuentra en el distrito Armstrong y est\u00e1 programado seguir avanzado por la traza de la ruta hacia el norte. <\/p>\n\n\n\n<p>Hace unos d\u00edas atr\u00e1s, el Jefe de Vialidad Nacional en Santa Fe Javier Piccinato junto al Senador Pablo Verdecchia recorrieron distintos tramos de la ruta para planificar in situ los trabajos que a partir de esta semana se pusieron en marcha.\u00a0<\/p>\n","protected":false},"excerpt":{"rendered":"<p>Vialidad Nacional avanza con el bacheo provisorio de la Ruta 178.<\/p>\n","protected":false},"author":1,"featured_media":42986,"comment_status":"open","ping_status":"open","sticky":false,"template":"","format":"image","meta":{"_jetpack_memberships_contains_paid_content":false,"footnotes":"","jetpack_publicize_message":"","jetpack_publicize_feature_enabled":true,"jetpack_social_post_already_shared":true,"jetpack_social_options":{"image_generator_settings":{"template":"highway","default_image_id":0,"enabled":false},"version":2}},"categories":[8,1,2,7,3],"tags":[708,5030,8777,9182,10438],"class_list":["post-42985","post","type-post","status-publish","format-image","has-post-thumbnail","hentry","category-deliberando","category-diario-armstrong","category-locales","category-politica","category-region","tag-bacheo","tag-diario-armstrong","tag-lic-graciela-de-la-casa","tag-ruta-178","tag-senador-verdecchia","post_format-post-format-image"],"jetpack_publicize_connections":[],"jetpack_featured_media_url":"https:\/\/armstrongyregion.com.ar\/diario\/wp-content\/uploads\/2024\/05\/BACHEO-178-A.jpg","jetpack_shortlink":"https:\/\/wp.me\/p62QDO-bbj","jetpack_sharing_enabled":true,"amp_enabled":true,"_links":{"self":[{"href":"https:\/\/armstrongyregion.com.ar\/diario\/wp-json\/wp\/v2\/posts\/42985","targetHints":{"allow":["GET"]}}],"collection":[{"href":"https:\/\/armstrongyregion.com.ar\/diario\/wp-json\/wp\/v2\/posts"}],"about":[{"href":"https:\/\/armstrongyregion.com.ar\/diario\/wp-json\/wp\/v2\/types\/post"}],"author":[{"embeddable":true,"href":"https:\/\/armstrongyregion.com.ar\/diario\/wp-json\/wp\/v2\/users\/1"}],"replies":[{"embeddable":true,"href":"https:\/\/armstrongyregion.com.ar\/diario\/wp-json\/wp\/v2\/comments?post=42985"}],"version-history":[{"count":1,"href":"https:\/\/armstrongyregion.com.ar\/diario\/wp-json\/wp\/v2\/posts\/42985\/revisions"}],"predecessor-version":[{"id":42988,"href":"https:\/\/armstrongyregion.com.ar\/diario\/wp-json\/wp\/v2\/posts\/42985\/revisions\/42988"}],"wp:featuredmedia":[{"embeddable":true,"href":"https:\/\/armstrongyregion.com.ar\/diario\/wp-json\/wp\/v2\/media\/42986"}],"wp:attachment":[{"href":"https:\/\/armstrongyregion.com.ar\/diario\/wp-json\/wp\/v2\/media?parent=42985"}],"wp:term":[{"taxonomy":"category","embeddable":true,"href":"https:\/\/armstrongyregion.com.ar\/diario\/wp-json\/wp\/v2\/categories?post=42985"},{"taxonomy":"post_tag","embeddable":true,"href":"https:\/\/armstrongyregion.com.ar\/diario\/wp-json\/wp\/v2\/tags?post=42985"}],"curies":[{"name":"wp","href":"https:\/\/api.w.org\/{rel}","templated":true}]}}