{"id":42978,"date":"2024-05-29T03:23:02","date_gmt":"2024-05-29T03:23:02","guid":{"rendered":"https:\/\/armstrongyregion.com.ar\/diario\/?p=42978"},"modified":"2024-05-29T03:23:04","modified_gmt":"2024-05-29T03:23:04","slug":"informe-area-de-orden-publico-27-05-2024","status":"publish","type":"post","link":"https:\/\/armstrongyregion.com.ar\/diario\/informe-area-de-orden-publico-27-05-2024\/","title":{"rendered":"Informe \u00c1rea de Orden P\u00fablico 27\/05\/2024"},"content":{"rendered":"\n<figure class=\"wp-block-image size-large\"><a href=\"http:\/\/armstrongyregion.com.ar\/diario\/wp-content\/uploads\/2024\/05\/ORDEN-PUBLICO-29-5-24.jpg\"><img loading=\"lazy\" decoding=\"async\" width=\"1024\" height=\"768\" src=\"http:\/\/armstrongyregion.com.ar\/diario\/wp-content\/uploads\/2024\/05\/ORDEN-PUBLICO-29-5-24-1024x768.jpg\" alt=\"\" class=\"wp-image-42979\" srcset=\"https:\/\/armstrongyregion.com.ar\/diario\/wp-content\/uploads\/2024\/05\/ORDEN-PUBLICO-29-5-24-1024x768.jpg 1024w, https:\/\/armstrongyregion.com.ar\/diario\/wp-content\/uploads\/2024\/05\/ORDEN-PUBLICO-29-5-24-300x225.jpg 300w, https:\/\/armstrongyregion.com.ar\/diario\/wp-content\/uploads\/2024\/05\/ORDEN-PUBLICO-29-5-24-768x576.jpg 768w, https:\/\/armstrongyregion.com.ar\/diario\/wp-content\/uploads\/2024\/05\/ORDEN-PUBLICO-29-5-24.jpg 1280w\" sizes=\"auto, (max-width: 1024px) 100vw, 1024px\" \/><\/a><\/figure>\n\n\n\n<p>El \u00c1rea de Orden P\u00fablico de la Municipalidad de Armstrong inform\u00f3 que en el transcurso de la<br>\u00faltima semana se procedi\u00f3 a realizar recorridos en coordinaci\u00f3n con Polic\u00eda y central de monitoreo<br>para acciones de prevenci\u00f3n de faltas y delitos, con presencia efectiva en barrio FoNaVi Sur<br>incluyendo plaza Nona Rocha.<\/p>\n\n\n\n<figure class=\"wp-block-image size-large\"><a href=\"http:\/\/armstrongyregion.com.ar\/diario\/wp-content\/uploads\/2024\/05\/ORDEN-P.jpg\"><img loading=\"lazy\" decoding=\"async\" width=\"576\" height=\"1024\" src=\"http:\/\/armstrongyregion.com.ar\/diario\/wp-content\/uploads\/2024\/05\/ORDEN-P-576x1024.jpg\" alt=\"\" class=\"wp-image-42980\" srcset=\"https:\/\/armstrongyregion.com.ar\/diario\/wp-content\/uploads\/2024\/05\/ORDEN-P-576x1024.jpg 576w, https:\/\/armstrongyregion.com.ar\/diario\/wp-content\/uploads\/2024\/05\/ORDEN-P-169x300.jpg 169w, https:\/\/armstrongyregion.com.ar\/diario\/wp-content\/uploads\/2024\/05\/ORDEN-P-768x1366.jpg 768w, https:\/\/armstrongyregion.com.ar\/diario\/wp-content\/uploads\/2024\/05\/ORDEN-P-864x1536.jpg 864w, https:\/\/armstrongyregion.com.ar\/diario\/wp-content\/uploads\/2024\/05\/ORDEN-P.jpg 899w\" sizes=\"auto, (max-width: 576px) 100vw, 576px\" \/><\/a><\/figure>\n\n\n\n<p><br>Estos recorridos con presencia preventiva se extienden en horas de la madrugada a Plaza San<br>Mart\u00edn, edificio municipal, parroquia Nuestra Se\u00f1ora de la Merced y Estaci\u00f3n M\u00e1s. Tambi\u00e9n se<br>realiza un recorrido por Jard\u00edn 84, v\u00edas del ferrocarril y cancha de bochas.<br>Hay presencia preventiva tambi\u00e9n en otros puntos de la ciudad: Parque Bracito Fuerte, estaci\u00f3n de<br>trenes, silos, centro\/comercios, calles Fischer, Pio Chiodi, San Mart\u00edn, Rold\u00e1n, Lisandro de la Torre,<br>Pedro Ferrero, Plaza Flotron, Escuela N\u00b0 33, estaciones de servicio, hoteles y accesos a la ciudad.<br>Con presencia policial preventiva se secuestr\u00f3 un motoveh\u00edculo conducido por un mayor de edad<br>por circular sin casco y falta de licencia de conducir, y un segundo motoveh\u00edculo conducido por otro<br>mayor de edad, por falta de documentaci\u00f3n exigible para circular. En ambos casos interviene el<br>Juzgado Municipal de Faltas.<br>Con inspectores y m\u00f3viles se colabor\u00f3 en el Operativo de saturaci\u00f3n policial de prevenci\u00f3n y<br>seguridad general realizado el d\u00eda jueves 23, con se\u00f1alizaci\u00f3n en accesos a la ciudad.<\/p>\n","protected":false},"excerpt":{"rendered":"<p>Informe \u00c1rea de Orden P\u00fablico 27\/05\/2024<\/p>\n","protected":false},"author":1,"featured_media":42979,"comment_status":"open","ping_status":"open","sticky":false,"template":"","format":"image","meta":{"_jetpack_memberships_contains_paid_content":false,"footnotes":"","jetpack_publicize_message":"","jetpack_publicize_feature_enabled":true,"jetpack_social_post_already_shared":true,"jetpack_social_options":{"image_generator_settings":{"template":"highway","default_image_id":0,"enabled":false},"version":2}},"categories":[8,1,2,7,3],"tags":[903,5016,5030,8653,8777,1570,8585],"class_list":["post-42978","post","type-post","status-publish","format-image","has-post-thumbnail","hentry","category-deliberando","category-diario-armstrong","category-locales","category-politica","category-region","tag-area","tag-armstrong-y-region","tag-diario-armstrong","tag-informe-2","tag-lic-graciela-de-la-casa","tag-orden","tag-publico-2","post_format-post-format-image"],"jetpack_publicize_connections":[],"jetpack_featured_media_url":"https:\/\/armstrongyregion.com.ar\/diario\/wp-content\/uploads\/2024\/05\/ORDEN-PUBLICO-29-5-24.jpg","jetpack_shortlink":"https:\/\/wp.me\/p62QDO-bbc","jetpack_sharing_enabled":true,"amp_enabled":true,"_links":{"self":[{"href":"https:\/\/armstrongyregion.com.ar\/diario\/wp-json\/wp\/v2\/posts\/42978","targetHints":{"allow":["GET"]}}],"collection":[{"href":"https:\/\/armstrongyregion.com.ar\/diario\/wp-json\/wp\/v2\/posts"}],"about":[{"href":"https:\/\/armstrongyregion.com.ar\/diario\/wp-json\/wp\/v2\/types\/post"}],"author":[{"embeddable":true,"href":"https:\/\/armstrongyregion.com.ar\/diario\/wp-json\/wp\/v2\/users\/1"}],"replies":[{"embeddable":true,"href":"https:\/\/armstrongyregion.com.ar\/diario\/wp-json\/wp\/v2\/comments?post=42978"}],"version-history":[{"count":1,"href":"https:\/\/armstrongyregion.com.ar\/diario\/wp-json\/wp\/v2\/posts\/42978\/revisions"}],"predecessor-version":[{"id":42981,"href":"https:\/\/armstrongyregion.com.ar\/diario\/wp-json\/wp\/v2\/posts\/42978\/revisions\/42981"}],"wp:featuredmedia":[{"embeddable":true,"href":"https:\/\/armstrongyregion.com.ar\/diario\/wp-json\/wp\/v2\/media\/42979"}],"wp:attachment":[{"href":"https:\/\/armstrongyregion.com.ar\/diario\/wp-json\/wp\/v2\/media?parent=42978"}],"wp:term":[{"taxonomy":"category","embeddable":true,"href":"https:\/\/armstrongyregion.com.ar\/diario\/wp-json\/wp\/v2\/categories?post=42978"},{"taxonomy":"post_tag","embeddable":true,"href":"https:\/\/armstrongyregion.com.ar\/diario\/wp-json\/wp\/v2\/tags?post=42978"}],"curies":[{"name":"wp","href":"https:\/\/api.w.org\/{rel}","templated":true}]}}