{"id":42973,"date":"2024-05-29T03:15:44","date_gmt":"2024-05-29T03:15:44","guid":{"rendered":"https:\/\/armstrongyregion.com.ar\/diario\/?p=42973"},"modified":"2024-05-29T03:15:47","modified_gmt":"2024-05-29T03:15:47","slug":"analisis-junto-a-fisfe-de-perspectivas-de-la-industria","status":"publish","type":"post","link":"https:\/\/armstrongyregion.com.ar\/diario\/analisis-junto-a-fisfe-de-perspectivas-de-la-industria\/","title":{"rendered":"An\u00e1lisis junto a Fisfe de perspectivas de la industria."},"content":{"rendered":"\n<figure class=\"wp-block-image size-large\"><a href=\"http:\/\/armstrongyregion.com.ar\/diario\/wp-content\/uploads\/2024\/05\/FISFE--scaled.jpg\"><img loading=\"lazy\" decoding=\"async\" width=\"1024\" height=\"576\" src=\"http:\/\/armstrongyregion.com.ar\/diario\/wp-content\/uploads\/2024\/05\/FISFE--1024x576.jpg\" alt=\"\" class=\"wp-image-42974\" srcset=\"https:\/\/armstrongyregion.com.ar\/diario\/wp-content\/uploads\/2024\/05\/FISFE--1024x576.jpg 1024w, https:\/\/armstrongyregion.com.ar\/diario\/wp-content\/uploads\/2024\/05\/FISFE--300x169.jpg 300w, https:\/\/armstrongyregion.com.ar\/diario\/wp-content\/uploads\/2024\/05\/FISFE--768x432.jpg 768w, https:\/\/armstrongyregion.com.ar\/diario\/wp-content\/uploads\/2024\/05\/FISFE--1536x864.jpg 1536w, https:\/\/armstrongyregion.com.ar\/diario\/wp-content\/uploads\/2024\/05\/FISFE--2048x1152.jpg 2048w\" sizes=\"auto, (max-width: 1024px) 100vw, 1024px\" \/><\/a><\/figure>\n\n\n\n<h2 class=\"wp-block-heading\"><em>A la ca\u00edda de las ventas y el empleo debido a la recesi\u00f3n, se suman las amenazas que supone el r\u00e9gimen impulsado por el gobierno nacional para promover inversiones. \u201cUna reuni\u00f3n de trabajo para escuchar a nuestras pymes, conocer sus necesidades y brindar el apoyo necesario\u201d, describi\u00f3 la presidenta de la C\u00e1mara baja.\u00a0<\/em><\/h2>\n\n\n\n<p>La presidenta de la C\u00e1mara de Diputadas y Diputados, Clara Garc\u00eda; y la diputada nacional M\u00f3nica Fein recibieron a las autoridades de la Federaci\u00f3n Industrial de Santa Fe (Fisfe), con quienes analizaron la situaci\u00f3n de la industria santafesina en el marco de la recesi\u00f3n que atraviesa la econom\u00eda argentina y la nueva normativa impulsada por el gobierno nacional para beneficiar a grandes inversores.<\/p>\n\n\n\n<p>\u201cLa C\u00e1mara de Diputadas y Diputados es una caja de resonancia de lo que pasa en la sociedad y en este caso nos preocupa la ca\u00edda de la actividad industrial, que es la ca\u00edda de la mano de obra santafesina\u201d, se\u00f1al\u00f3 Garc\u00eda tras la reuni\u00f3n, a la vez que destac\u00f3 el rol del sector: \u201cNuestras peque\u00f1as y medianas empresas son las que dan arraigo y empleo, se capacitan, se vinculan con la ciencia y la tecnolog\u00eda, y pagan sus impuestos en tiempo y forma\u201d.<\/p>\n\n\n\n<p>La legisladora tambi\u00e9n advirti\u00f3 sobre \u201cla discusi\u00f3n de nuevas normas que pueden impactar negativamente nuestro entramado pyme\u201d, en referencia al R\u00e9gimen de Incentivo para Grandes Inversiones (RIGI), uno de los puntos m\u00e1s discutidos del proyecto de Ley Bases. \u201cEsta reuni\u00f3n de trabajo tiene que ver con escucharlas, conocer sus necesidades y brindar el apoyo necesario\u201d, afirm\u00f3.<\/p>\n\n\n\n<p>En tal sentido, Fein, quien preside la Comisi\u00f3n Pyme de la C\u00e1mara de Diputados de la Naci\u00f3n, dijo que la convocatoria apunt\u00f3 a \u201cconocer cu\u00e1l es la agenda a llevar adelante en un momento muy dif\u00edcil y defender a nuestras pymes en el debate nacional para mejorar la competitividad, buscar mecanismos para la generaci\u00f3n de empleo y apuntar a una nueva ley que d\u00e9 respuesta a estas necesidades y acompa\u00f1e el esfuerzo que vienen haciendo\u201d.<\/p>\n\n\n\n<p>Tambi\u00e9n participaron del encuentro el senador por el departamento La Capital, Paco Garibaldi; y el diputado provincial Mariano Cuvertino, quien impuls\u00f3 un proyecto de declaraci\u00f3n donde la C\u00e1mara baja expresa la preocupaci\u00f3n por los impactos que tendr\u00eda el Rigi en la econom\u00eda provincial y nacional.<\/p>\n\n\n\n<p>Por parte de Fisfe asistieron Javier Mart\u00edn (presidente), Cristian Fiereder (vicepresidente), Sol Gonz\u00e1lez de Cap (directora ejecutiva), y Alejandro Taborda (vocal).<\/p>\n\n\n\n<p>Seg\u00fan describi\u00f3 Mart\u00edn, la industria \u201cest\u00e1 pasando un momento complicado. Venimos de un a\u00f1o con decrecimiento y una ca\u00edda muy brusca desde diciembre a la fecha, que ya est\u00e1 afectando los puestos de trabajo. Estamos preocupados sobre todo por la industria que provee al mercado interno, que registr\u00f3 20, 30 y hasta 40% de ca\u00edda en las ventas\u201d.<\/p>\n\n\n\n<p>En ese contexto, valor\u00f3 la posibilidad de contar con \u201cun canal de comunicaci\u00f3n\u201d tanto con Fein como con Garc\u00eda, \u201cque nos permite intercambiar miradas. El objetivo de esta reuni\u00f3n \u2013sostuvo-, fue ver qu\u00e9 cuestiones podemos trabajar en forma conjunta para elevar propuestas tanto en la Naci\u00f3n como en la provincia y ser una referencia en ese sentido\u201d.<\/p>\n","protected":false},"excerpt":{"rendered":"<p>An\u00e1lisis junto a Fisfe de perspectivas de la industria.<\/p>\n","protected":false},"author":1,"featured_media":42974,"comment_status":"open","ping_status":"open","sticky":false,"template":"","format":"image","meta":{"_jetpack_memberships_contains_paid_content":false,"footnotes":"","jetpack_publicize_message":"","jetpack_publicize_feature_enabled":true,"jetpack_social_post_already_shared":true,"jetpack_social_options":{"image_generator_settings":{"template":"highway","default_image_id":0,"enabled":false},"version":2}},"categories":[8,1,2,7,3],"tags":[33,3233,5030,10718,1603,290,8777],"class_list":["post-42973","post","type-post","status-publish","format-image","has-post-thumbnail","hentry","category-deliberando","category-diario-armstrong","category-locales","category-politica","category-region","tag-a","tag-analisis","tag-diario-armstrong","tag-fisfe","tag-industria","tag-junto","tag-lic-graciela-de-la-casa","post_format-post-format-image"],"jetpack_publicize_connections":[],"jetpack_featured_media_url":"https:\/\/armstrongyregion.com.ar\/diario\/wp-content\/uploads\/2024\/05\/FISFE--scaled.jpg","jetpack_shortlink":"https:\/\/wp.me\/p62QDO-bb7","jetpack_sharing_enabled":true,"amp_enabled":true,"_links":{"self":[{"href":"https:\/\/armstrongyregion.com.ar\/diario\/wp-json\/wp\/v2\/posts\/42973","targetHints":{"allow":["GET"]}}],"collection":[{"href":"https:\/\/armstrongyregion.com.ar\/diario\/wp-json\/wp\/v2\/posts"}],"about":[{"href":"https:\/\/armstrongyregion.com.ar\/diario\/wp-json\/wp\/v2\/types\/post"}],"author":[{"embeddable":true,"href":"https:\/\/armstrongyregion.com.ar\/diario\/wp-json\/wp\/v2\/users\/1"}],"replies":[{"embeddable":true,"href":"https:\/\/armstrongyregion.com.ar\/diario\/wp-json\/wp\/v2\/comments?post=42973"}],"version-history":[{"count":1,"href":"https:\/\/armstrongyregion.com.ar\/diario\/wp-json\/wp\/v2\/posts\/42973\/revisions"}],"predecessor-version":[{"id":42975,"href":"https:\/\/armstrongyregion.com.ar\/diario\/wp-json\/wp\/v2\/posts\/42973\/revisions\/42975"}],"wp:featuredmedia":[{"embeddable":true,"href":"https:\/\/armstrongyregion.com.ar\/diario\/wp-json\/wp\/v2\/media\/42974"}],"wp:attachment":[{"href":"https:\/\/armstrongyregion.com.ar\/diario\/wp-json\/wp\/v2\/media?parent=42973"}],"wp:term":[{"taxonomy":"category","embeddable":true,"href":"https:\/\/armstrongyregion.com.ar\/diario\/wp-json\/wp\/v2\/categories?post=42973"},{"taxonomy":"post_tag","embeddable":true,"href":"https:\/\/armstrongyregion.com.ar\/diario\/wp-json\/wp\/v2\/tags?post=42973"}],"curies":[{"name":"wp","href":"https:\/\/api.w.org\/{rel}","templated":true}]}}