{"id":42967,"date":"2024-05-28T12:52:46","date_gmt":"2024-05-28T12:52:46","guid":{"rendered":"https:\/\/armstrongyregion.com.ar\/diario\/?p=42967"},"modified":"2024-05-28T12:52:49","modified_gmt":"2024-05-28T12:52:49","slug":"a-214-anos-de-la-revolucion-de-mayo","status":"publish","type":"post","link":"https:\/\/armstrongyregion.com.ar\/diario\/a-214-anos-de-la-revolucion-de-mayo\/","title":{"rendered":"A 214 a\u00f1os de la Revoluci\u00f3n de Mayo"},"content":{"rendered":"\n\n\n<p>El s\u00e1bado 25 de mayo, nuestra comunidad celebr\u00f3 los 214 a\u00f1os de la Revoluci\u00f3n de Mayo con un<br>acto organizado por la Municipalidad de Armstrong y la comunidad educativa de la Escuela Normal<br>Superior N\u00b0 33 \u201cDr. Mariano Moreno\u201d.<br>Participaron autoridades municipales, locales, abanderados y representantes de instituciones, y<br>p\u00fablico en general.<br>Luego de la entonaci\u00f3n del Himno Nacional interpretada por la Banda del Conservatorio de M\u00fasica<br>Municipal, el Intendente Guillermo Luzzi hizo uso de la palabra y en un fragmento de su discurso<br>dijo: \u201dLa Patria nos convoca y la esperanza nos impulsa. Sigamos eligiendo el camino de la libertad,<br>del esfuerzo, del trabajo en conjunto\u2026 Estamos ac\u00e1 gracias al esfuerzo, el coraje y la determinaci\u00f3n<br>de los muchos que se unieron pese a sus diferencias y lucharon por nuestra libertad. Ahora es<br>nuestro deber asegurar, desde el lugar que nos toca a cada uno, que esa libertad perdure en las<br>pr\u00f3ximas generaciones\u201d.<br>Luego se disfrut\u00f3 de n\u00fameros art\u00edsticos. En primer lugar, el nivel inicial de la Escuela N\u00b0 33 interpret\u00f3<br>un candombe recordando a los africanos que se reun\u00edan en las calles de Buenos Aires de 1810 para<br>celebrar con sus tambores.<br>Otro grupo social de la \u00e9poca eran los espa\u00f1oles que estuvieron representados por el nivel primario<br>interpretando un vals con coloridos paraguas y, finalmente, los alumnos de 5\u00b0 a\u00f1o bailaron nuestra<br>danza nacional: el Peric\u00f3n, con un malambo como cierre.<br>La Banda del Conservatorio e integrantes del Ensamble de Vientos, dirigidos por el maestro Valent\u00edn<br>M\u00e1rquez, interpretaron dos temas populares, para acompa\u00f1ar la desconcentraci\u00f3n con la Marcha<br>Mi Bandera.<\/p>\n","protected":false},"excerpt":{"rendered":"<p>El s\u00e1bado 25 de mayo, nuestra comunidad celebr\u00f3 los 214 a\u00f1os de la Revoluci\u00f3n de Mayo con unacto organizado por la Municipalidad de Armstrong y la comunidad educativa de la Escuela NormalSuperior N\u00b0 33 \u201cDr. Mariano Moreno\u201d.Participaron autoridades municipales, locales, abanderados y representantes de instituciones, yp\u00fablico en general.Luego de la entonaci\u00f3n del Himno Nacional interpretada <a href=\"https:\/\/armstrongyregion.com.ar\/diario\/a-214-anos-de-la-revolucion-de-mayo\/\" title=\"Read more\" >&#8230;<\/a><\/p>\n","protected":false},"author":2,"featured_media":42968,"comment_status":"closed","ping_status":"closed","sticky":false,"template":"","format":"image","meta":{"_jetpack_memberships_contains_paid_content":false,"footnotes":"","jetpack_publicize_message":"","jetpack_publicize_feature_enabled":true,"jetpack_social_post_already_shared":true,"jetpack_social_options":{"image_generator_settings":{"template":"highway","default_image_id":0,"enabled":false},"version":2}},"categories":[1,7],"tags":[],"class_list":["post-42967","post","type-post","status-publish","format-image","has-post-thumbnail","hentry","category-diario-armstrong","category-politica","post_format-post-format-image"],"jetpack_publicize_connections":[],"jetpack_featured_media_url":"https:\/\/armstrongyregion.com.ar\/diario\/wp-content\/uploads\/2024\/05\/25.05-06-scaled.jpg","jetpack_shortlink":"https:\/\/wp.me\/p62QDO-bb1","jetpack_sharing_enabled":true,"amp_enabled":true,"_links":{"self":[{"href":"https:\/\/armstrongyregion.com.ar\/diario\/wp-json\/wp\/v2\/posts\/42967","targetHints":{"allow":["GET"]}}],"collection":[{"href":"https:\/\/armstrongyregion.com.ar\/diario\/wp-json\/wp\/v2\/posts"}],"about":[{"href":"https:\/\/armstrongyregion.com.ar\/diario\/wp-json\/wp\/v2\/types\/post"}],"author":[{"embeddable":true,"href":"https:\/\/armstrongyregion.com.ar\/diario\/wp-json\/wp\/v2\/users\/2"}],"replies":[{"embeddable":true,"href":"https:\/\/armstrongyregion.com.ar\/diario\/wp-json\/wp\/v2\/comments?post=42967"}],"version-history":[{"count":1,"href":"https:\/\/armstrongyregion.com.ar\/diario\/wp-json\/wp\/v2\/posts\/42967\/revisions"}],"predecessor-version":[{"id":42969,"href":"https:\/\/armstrongyregion.com.ar\/diario\/wp-json\/wp\/v2\/posts\/42967\/revisions\/42969"}],"wp:featuredmedia":[{"embeddable":true,"href":"https:\/\/armstrongyregion.com.ar\/diario\/wp-json\/wp\/v2\/media\/42968"}],"wp:attachment":[{"href":"https:\/\/armstrongyregion.com.ar\/diario\/wp-json\/wp\/v2\/media?parent=42967"}],"wp:term":[{"taxonomy":"category","embeddable":true,"href":"https:\/\/armstrongyregion.com.ar\/diario\/wp-json\/wp\/v2\/categories?post=42967"},{"taxonomy":"post_tag","embeddable":true,"href":"https:\/\/armstrongyregion.com.ar\/diario\/wp-json\/wp\/v2\/tags?post=42967"}],"curies":[{"name":"wp","href":"https:\/\/api.w.org\/{rel}","templated":true}]}}