{"id":42952,"date":"2024-05-27T03:07:31","date_gmt":"2024-05-27T03:07:31","guid":{"rendered":"https:\/\/armstrongyregion.com.ar\/diario\/?p=42952"},"modified":"2024-05-27T03:07:34","modified_gmt":"2024-05-27T03:07:34","slug":"pullaro-este-25-de-mayo-venimos-a-defender-la-libertad-y-tambien-a-pedir-mas-igualdad-y-dialogo-en-el-pais","status":"publish","type":"post","link":"https:\/\/armstrongyregion.com.ar\/diario\/pullaro-este-25-de-mayo-venimos-a-defender-la-libertad-y-tambien-a-pedir-mas-igualdad-y-dialogo-en-el-pais\/","title":{"rendered":"Pullaro: \u201cEste 25 de Mayo venimos a defender la libertad, y tambi\u00e9n a pedir m\u00e1s igualdad y di\u00e1logo en el pa\u00eds\u201d"},"content":{"rendered":"\n<figure class=\"wp-block-image size-large\"><a href=\"http:\/\/armstrongyregion.com.ar\/diario\/wp-content\/uploads\/2024\/05\/pullaro-25mayo.jpg\"><img loading=\"lazy\" decoding=\"async\" width=\"1024\" height=\"575\" src=\"http:\/\/armstrongyregion.com.ar\/diario\/wp-content\/uploads\/2024\/05\/pullaro-25mayo-1024x575.jpg\" alt=\"\" class=\"wp-image-42953\" srcset=\"https:\/\/armstrongyregion.com.ar\/diario\/wp-content\/uploads\/2024\/05\/pullaro-25mayo-1024x575.jpg 1024w, https:\/\/armstrongyregion.com.ar\/diario\/wp-content\/uploads\/2024\/05\/pullaro-25mayo-300x168.jpg 300w, https:\/\/armstrongyregion.com.ar\/diario\/wp-content\/uploads\/2024\/05\/pullaro-25mayo-768x431.jpg 768w, https:\/\/armstrongyregion.com.ar\/diario\/wp-content\/uploads\/2024\/05\/pullaro-25mayo.jpg 1140w\" sizes=\"auto, (max-width: 1024px) 100vw, 1024px\" \/><\/a><\/figure>\n\n\n\n<h2 class=\"wp-block-heading\">Lo subray\u00f3 el Gobernador de la provincia durante el acto que encabez\u00f3 por el 214\u00b0 aniversario de la Revoluci\u00f3n de Mayo, que se llev\u00f3 a cabo este s\u00e1bado en la plaza 25 de Mayo de la ciudad de Santa Fe.<\/h2>\n\n\n\n<p>El gobernador Maximiliano Pullaro encabez\u00f3 este s\u00e1bado el acto en conmemoraci\u00f3n del 214\u00b0 aniversario de la Revoluci\u00f3n de Mayo en la Plaza 25 de Mayo de la ciudad de Santa Fe.<\/p>\n\n\n\n<p>Durante el acto central, Pullaro agradeci\u00f3 a todas las personas presentes \u201cque hoy vienen a esta conmemoraci\u00f3n del primer gobierno que tuvo nuestra patria, a conmemorar estos 214 a\u00f1os de vida. Nuestra patria se forj\u00f3 con habitantes de pueblos originarios, con criollos, con inmigrantes que vinieron y que estuvieron aqu\u00ed para forjar la tierra y trabajar nuestro campo, para pensar nuestro desarrollo industrial, generar trabajo y riqueza, para salir adelante. Nuestra provincia es prueba y muestra de todo ese esfuerzo que se hizo durante a\u00f1os para que nuestro pa\u00eds pueda progresar y avanzar\u201d.<\/p>\n\n\n\n<p>\u201cEn estos a\u00f1os hemos tenido avances y retrocesos, aciertos y errores, pero hay algo que s\u00ed tenemos que reconocer y festejar: que hemos podido consolidar el sistema democr\u00e1tico a la Rep\u00fablica Argentina. Con todo lo que ello conlleva, con los valores y los principios que nos deja en cada una de las acciones relevantes que llevamos adelante\u201d, destac\u00f3 el mandatario.<\/p>\n\n\n\n<p>\u201cPor eso -continu\u00f3-, como gobernador de la invencible provincia de Santa Fe, siento mucho orgullo y estoy honrado en el lugar que ustedes me han puesto. Pido tener claridad para poder sacar a la provincia de Santa Fe adelante. Para eso, necesitamos dialogar, escucharnos, entender y saber que no tenemos la verdad, sino que todos tenemos una parte de la verdad. Argentina va a poder salir adelante cuando todos reconozcamos la verdad que tiene el otro y podamos construir un nuevo proyecto para nuestro pa\u00eds y para nuestra provincia\u201d.<\/p>\n\n\n\n<p>En ese sentido, el gobernador indic\u00f3 que \u201ctenemos que recordar a los revolucionarios de Mayo de 1810 y pensar qu\u00e9 es lo que tenemos que hacer nosotros para ayudar y para salir adelante en este momento dif\u00edcil que est\u00e1 viviendo nuestro pa\u00eds. Venimos aqu\u00ed un 25 de Mayo, 214 a\u00f1os despu\u00e9s, a defender la libertad, pero tambi\u00e9n a defender y a pedir m\u00e1s igualdad, m\u00e1s equidad, m\u00e1s seguridad, m\u00e1s salud y m\u00e1s educaci\u00f3n en la Rep\u00fablica Argentina\u201d.<\/p>\n\n\n\n<p>Pullaro, finalmente, se\u00f1al\u00f3 que el acto se hac\u00eda en Santa Fe \u201cque es Cuna de la Constituci\u00f3n\u201d. Por eso record\u00f3 \u201clas palabras que dice el pre\u00e1mbulo de la Constituci\u00f3n Nacional, que pide constituir la uni\u00f3n nacional, afianzar la justicia, consolidar la paz interior, promover el bienestar general y asegurar los beneficios de la libertad para nosotros, para nuestra posteridad y para todos los hombres y mujeres del mundo que quieran pisar el suelo argentino. \u00a1Viva la Patria, viva la invencible provincia de Santa Fe!\u201d, finaliz\u00f3 el gobernador.<\/p>\n\n\n\n<figure class=\"wp-block-image\"><img decoding=\"async\" src=\"https:\/\/ci3.googleusercontent.com\/meips\/ADKq_NbYFj1Xsh1W8x10uYfjflEiaWOh4T2pOXGk4_dKrgwLOgfXNjTrPKixWPr-anXZ5c2ubFhngzfFe1dDM46D5hPd13d3opThEOpGVESlVKz8CDj0utM2-KbKrLZWYZaNQ9Bmvo67ykOp50qfkrw=s0-d-e1-ft#https:\/\/www.santafe.gob.ar\/noticias\/recursos\/fotos\/2024\/05\/2024-05-25NID_280364O_2.jpeg\" alt=\"\"\/><\/figure>\n\n\n\n<p><strong>Un pa\u00eds como Santa Fe<\/strong><\/p>\n\n\n\n<p>Antes, la presidenta de la C\u00e1mara de Diputados y Diputadas de la provincia de Santa Fe, Clara Garc\u00eda, record\u00f3 \u201ca algunas hero\u00ednas de Mayo. De aquellos hombres y mujeres de mayo, 214 a\u00f1os despu\u00e9s, tenemos patria y tenemos deudas\u201d.<\/p>\n\n\n\n<p>\u201cPor eso quiero reconocer que aspiro a que mi patria, mi naci\u00f3n, tenga un gobierno cercano, transparente y eficiente como el de nuestro gobernador Maximiliano Pullaro. Quiero una patria como Santa Fe, de trabajo, educaci\u00f3n, cultura, salud y progreso. Santa Fe es un ejemplo en este 25 de Mayo de di\u00e1logo plural, de respeto y mirada de construcci\u00f3n hacia adelante\u201d, finaliz\u00f3 Garc\u00eda.<\/p>\n\n\n\n<figure class=\"wp-block-image\"><img decoding=\"async\" src=\"https:\/\/ci3.googleusercontent.com\/meips\/ADKq_NYBAf2gD4XI63YfeF5U56G5YVsXdVhz103sYSNiUPOJWQI6-e_pjQU5EfHVbaVBC-58_6q8WFgs3Xbi-r7saZ9tCNsbTgNm2KiCpaaZlpYIKZFqGbSsjQWHGNu379YexIKelQ6Lz8hgEQ5rV2w=s0-d-e1-ft#https:\/\/www.santafe.gob.ar\/noticias\/recursos\/fotos\/2024\/05\/2024-05-25NID_280364O_3.jpeg\" alt=\"\"\/><\/figure>\n\n\n\n<p><strong>Fiesta patria<\/strong><\/p>\n\n\n\n<p>Las actividades iniciaron con la actuaci\u00f3n de la Agrupaci\u00f3n Folcl\u00f3rica Cayast\u00e1; luego se procedi\u00f3 al izamiento de la Bandera y al Himno Nacional. Seguidamente se llev\u00f3 a cabo el Te Deum en la Catedral Metropolitana, donde las autoridades provinciales fueron recibidas por el arzobispo Sergio Fenoy. Al finalizar, se present\u00f3 nuevamente la Agrupaci\u00f3n Folcl\u00f3rica Cayast\u00e1 y se realiz\u00f3 el desfile c\u00edvico \u2013 militar.<\/p>\n\n\n\n<p>Participaron tambi\u00e9n de la actividad la vicegobernadora Gisela Scaglia; el intendente de la ciudad de Santa Fe, Juan Pablo Poletti; la presidenta de la C\u00e1mara de Diputados y Diputadas de la provincia, Clara Garc\u00eda; el presidente de la Corte Suprema de Justicia de la provincia, Rafaela Guti\u00e9rrez; el senador por el departamento La Capital, Julio Garibaldi; la presidenta del Concejo Deliberante Municipal de Santa Fe, Adriana Molina; el jefe del Batall\u00f3n de Ingenieros Anfibios 121, teniente coronel Christian Germ\u00e1n Espa\u00f1on; legisladores nacionales; diputados y senadores provinciales; concejales; y miembros del gabinete provincial, entre otras autoridades.<\/p>\n","protected":false},"excerpt":{"rendered":"<p>Pullaro: \u201cEste 25 de Mayo venimos a defender la libertad, y tambi\u00e9n a pedir m\u00e1s igualdad y di\u00e1logo en el pa\u00eds\u201d<\/p>\n","protected":false},"author":1,"featured_media":42953,"comment_status":"open","ping_status":"open","sticky":false,"template":"","format":"image","meta":{"_jetpack_memberships_contains_paid_content":false,"footnotes":"","jetpack_publicize_message":"","jetpack_publicize_feature_enabled":true,"jetpack_social_post_already_shared":true,"jetpack_social_options":{"image_generator_settings":{"template":"highway","default_image_id":0,"enabled":false},"version":2}},"categories":[8,1,2,3],"tags":[9378,5016,9078,4098,8486,8777,2846],"class_list":["post-42952","post","type-post","status-publish","format-image","has-post-thumbnail","hentry","category-deliberando","category-diario-armstrong","category-locales","category-region","tag-25-de-mayo","tag-armstrong-y-region","tag-dialogo","tag-igualdad","tag-libertad-2","tag-lic-graciela-de-la-casa","tag-pullaro","post_format-post-format-image"],"jetpack_publicize_connections":[],"jetpack_featured_media_url":"https:\/\/armstrongyregion.com.ar\/diario\/wp-content\/uploads\/2024\/05\/pullaro-25mayo.jpg","jetpack_shortlink":"https:\/\/wp.me\/p62QDO-baM","jetpack_sharing_enabled":true,"amp_enabled":true,"_links":{"self":[{"href":"https:\/\/armstrongyregion.com.ar\/diario\/wp-json\/wp\/v2\/posts\/42952","targetHints":{"allow":["GET"]}}],"collection":[{"href":"https:\/\/armstrongyregion.com.ar\/diario\/wp-json\/wp\/v2\/posts"}],"about":[{"href":"https:\/\/armstrongyregion.com.ar\/diario\/wp-json\/wp\/v2\/types\/post"}],"author":[{"embeddable":true,"href":"https:\/\/armstrongyregion.com.ar\/diario\/wp-json\/wp\/v2\/users\/1"}],"replies":[{"embeddable":true,"href":"https:\/\/armstrongyregion.com.ar\/diario\/wp-json\/wp\/v2\/comments?post=42952"}],"version-history":[{"count":1,"href":"https:\/\/armstrongyregion.com.ar\/diario\/wp-json\/wp\/v2\/posts\/42952\/revisions"}],"predecessor-version":[{"id":42954,"href":"https:\/\/armstrongyregion.com.ar\/diario\/wp-json\/wp\/v2\/posts\/42952\/revisions\/42954"}],"wp:featuredmedia":[{"embeddable":true,"href":"https:\/\/armstrongyregion.com.ar\/diario\/wp-json\/wp\/v2\/media\/42953"}],"wp:attachment":[{"href":"https:\/\/armstrongyregion.com.ar\/diario\/wp-json\/wp\/v2\/media?parent=42952"}],"wp:term":[{"taxonomy":"category","embeddable":true,"href":"https:\/\/armstrongyregion.com.ar\/diario\/wp-json\/wp\/v2\/categories?post=42952"},{"taxonomy":"post_tag","embeddable":true,"href":"https:\/\/armstrongyregion.com.ar\/diario\/wp-json\/wp\/v2\/tags?post=42952"}],"curies":[{"name":"wp","href":"https:\/\/api.w.org\/{rel}","templated":true}]}}