{"id":42942,"date":"2024-05-23T02:12:42","date_gmt":"2024-05-23T02:12:42","guid":{"rendered":"https:\/\/armstrongyregion.com.ar\/diario\/?p=42942"},"modified":"2024-05-23T02:34:55","modified_gmt":"2024-05-23T02:34:55","slug":"clara-y-lionella-cattalini-impulsan-un-proyecto-para-el-compre-santafesino","status":"publish","type":"post","link":"https:\/\/armstrongyregion.com.ar\/diario\/clara-y-lionella-cattalini-impulsan-un-proyecto-para-el-compre-santafesino\/","title":{"rendered":"Clara Garc\u00eda y Lionella Cattalini impulsan un proyecto para el  \u00abCompre Santafesino\u00bb."},"content":{"rendered":"\n<figure class=\"wp-block-image size-full\"><a href=\"http:\/\/armstrongyregion.com.ar\/diario\/wp-content\/uploads\/2024\/05\/Clara-Garcia-22-5-23.jpg\"><img loading=\"lazy\" decoding=\"async\" width=\"750\" height=\"500\" src=\"http:\/\/armstrongyregion.com.ar\/diario\/wp-content\/uploads\/2024\/05\/Clara-Garcia-22-5-23.jpg\" alt=\"\" class=\"wp-image-42943\" srcset=\"https:\/\/armstrongyregion.com.ar\/diario\/wp-content\/uploads\/2024\/05\/Clara-Garcia-22-5-23.jpg 750w, https:\/\/armstrongyregion.com.ar\/diario\/wp-content\/uploads\/2024\/05\/Clara-Garcia-22-5-23-300x200.jpg 300w\" sizes=\"auto, (max-width: 750px) 100vw, 750px\" \/><\/a><\/figure>\n\n\n\n<h2 class=\"wp-block-heading\">Las legisladoras socialistas recibieron a representantes de la C\u00e1mara de la Construcci\u00f3n para dialogar sobre la iniciativa que busca facilitar los procesos de contrataciones de bienes y servicios por parte del Estado priorizando a las Pymes de la provincia.<\/h2>\n\n\n\n<p>La diputada provincial Lionella Cattalini (PS) present\u00f3 en la Legislatura provincial un proyecto de Ley que retoma una propuesta de la actual presidenta de la C\u00e1mara, Clara Garc\u00eda, para que las contrataciones de bienes o servicios por parte del Estado provincial sean preferentemente de origen local. Esto alcanzar\u00eda tanto a la administraci\u00f3n p\u00fablica centralizada, descentralizada, sociedades y empresas del Estado, y entes p\u00fablicos. Cattalini sostuvo que la Ley vigente del Compre Santafesino (N\u00b0 13.505), \u00abno pudo satisfacer completamente los fines que se tuvieron al momento de su sanci\u00f3n\u00bb, y apunt\u00f3: \u201cLa experiencia indica que, por diferentes circunstancias, su aplicaci\u00f3n no fue una tarea sencilla para los sujetos contratantes. <\/p>\n\n\n\n<p>Por eso elaboramos un proyecto superador, para simplificar y mejorar el r\u00e9gimen que redunde r\u00e1pidamente en el fortalecimiento del sistema productivo de nuestra provincia\u201d, dijo. <\/p>\n\n\n\n<p>Por su parte Garc\u00eda, destac\u00f3 la importancia de proteger a nuestras empresas locales y a quienes invierten en Santa Fe. \u00abSanta fe es distinta porque defiende la obra p\u00fablica y defiende a sus peque\u00f1as y medianas empresas.<\/p>\n\n\n\n<p> La ley fue dif\u00edcil de aplicar, especialmente cuando las empresas constructoras se unen bajo la forma UTE, all\u00ed es donde vamos a simplificar, en pos de defender la industria local\u00bb, expres\u00f3. En el mismo sentido, Cattalini coincidi\u00f3 en que \u201ces muy importante contar con una herramienta efectiva que aliente la posibilidad de adquisici\u00f3n y contrataci\u00f3n de productos y obras de origen local u ofrecidos por establecimientos locales, para contribuir al desarrollo de la industria santafesina, mejorar sus capacidades productivas y potenciar sus diferentes perfiles, m\u00e1xime en el contexto socio-econ\u00f3mico actual\u201d. <\/p>\n\n\n\n<p>Asimismo, ambas coincidieron en el an\u00e1lisis sobre la realidad nacional: \u201cEn el Congreso Nacional se est\u00e1 discutiendo el r\u00e9gimen de grandes inversiones (RIGI) que perjudicar\u00e1 a la industria santafesina porque alienta una competencia desleal. Tenemos que proteger la capacidad productiva de Santa Fe y desde la legislatura trabajamos en instrumentos que le sirvan al gobierno provincial a paliar la recesi\u00f3n que estamos viviendo\u201d, aseguraron. <\/p>\n\n\n\n<p>El proyecto, adem\u00e1s, propicia que la contrataci\u00f3n p\u00fablica se erija como un pilar de pol\u00edtica laboral y social, con el objetivo de fomentar la utilizaci\u00f3n de mano de obra local y la inserci\u00f3n de grupos vulnerables que se han capacitado en programas provinciales, evitando as\u00ed el trabajo informal o precario. La propuesta busca incentivar una mayor participaci\u00f3n de las micro, peque\u00f1as y medianas empresas en los procedimientos de contrataci\u00f3n del Estado provincial \u201cen aras de potenciar su matriz productiva regional y su desarrollo econ\u00f3mico como factor de crecimiento de la provincia de Santa Fe\u201d, concluyeron.<\/p>\n","protected":false},"excerpt":{"rendered":"<p>Clara y Lionella Cattalini impulsan un proyecto para el  \u00abCompre Santafesino\u00bb<\/p>\n","protected":false},"author":1,"featured_media":42943,"comment_status":"open","ping_status":"open","sticky":false,"template":"","format":"image","meta":{"_jetpack_memberships_contains_paid_content":false,"footnotes":"","jetpack_publicize_message":"","jetpack_publicize_feature_enabled":true,"jetpack_social_post_already_shared":true,"jetpack_social_options":{"image_generator_settings":{"template":"highway","default_image_id":0,"enabled":false},"version":2}},"categories":[8,1,2,7,3],"tags":[9196,10712,5030,16,9660,10711,8777,639,192],"class_list":["post-42942","post","type-post","status-publish","format-image","has-post-thumbnail","hentry","category-deliberando","category-diario-armstrong","category-locales","category-politica","category-region","tag-clara-garcia","tag-compre-santafesino","tag-diario-armstrong","tag-el","tag-impulsan","tag-leonella-cattalini","tag-lic-graciela-de-la-casa","tag-proyecto","tag-un","post_format-post-format-image"],"jetpack_publicize_connections":[],"jetpack_featured_media_url":"https:\/\/armstrongyregion.com.ar\/diario\/wp-content\/uploads\/2024\/05\/Clara-Garcia-22-5-23.jpg","jetpack_shortlink":"https:\/\/wp.me\/p62QDO-baC","jetpack_sharing_enabled":true,"amp_enabled":true,"_links":{"self":[{"href":"https:\/\/armstrongyregion.com.ar\/diario\/wp-json\/wp\/v2\/posts\/42942","targetHints":{"allow":["GET"]}}],"collection":[{"href":"https:\/\/armstrongyregion.com.ar\/diario\/wp-json\/wp\/v2\/posts"}],"about":[{"href":"https:\/\/armstrongyregion.com.ar\/diario\/wp-json\/wp\/v2\/types\/post"}],"author":[{"embeddable":true,"href":"https:\/\/armstrongyregion.com.ar\/diario\/wp-json\/wp\/v2\/users\/1"}],"replies":[{"embeddable":true,"href":"https:\/\/armstrongyregion.com.ar\/diario\/wp-json\/wp\/v2\/comments?post=42942"}],"version-history":[{"count":2,"href":"https:\/\/armstrongyregion.com.ar\/diario\/wp-json\/wp\/v2\/posts\/42942\/revisions"}],"predecessor-version":[{"id":42945,"href":"https:\/\/armstrongyregion.com.ar\/diario\/wp-json\/wp\/v2\/posts\/42942\/revisions\/42945"}],"wp:featuredmedia":[{"embeddable":true,"href":"https:\/\/armstrongyregion.com.ar\/diario\/wp-json\/wp\/v2\/media\/42943"}],"wp:attachment":[{"href":"https:\/\/armstrongyregion.com.ar\/diario\/wp-json\/wp\/v2\/media?parent=42942"}],"wp:term":[{"taxonomy":"category","embeddable":true,"href":"https:\/\/armstrongyregion.com.ar\/diario\/wp-json\/wp\/v2\/categories?post=42942"},{"taxonomy":"post_tag","embeddable":true,"href":"https:\/\/armstrongyregion.com.ar\/diario\/wp-json\/wp\/v2\/tags?post=42942"}],"curies":[{"name":"wp","href":"https:\/\/api.w.org\/{rel}","templated":true}]}}