{"id":42940,"date":"2024-05-23T01:44:47","date_gmt":"2024-05-23T01:44:47","guid":{"rendered":"https:\/\/armstrongyregion.com.ar\/diario\/?p=42940"},"modified":"2024-05-23T01:44:50","modified_gmt":"2024-05-23T01:44:50","slug":"revigliono-hizo-referencia-al-proyecto-presentado-por-renovacion-por-armstrong","status":"publish","type":"post","link":"https:\/\/armstrongyregion.com.ar\/diario\/revigliono-hizo-referencia-al-proyecto-presentado-por-renovacion-por-armstrong\/","title":{"rendered":"Revigliono hizo referencia al proyecto presentado por Renovaci\u00f3n por Armstrong."},"content":{"rendered":"\n<figure class=\"wp-block-image size-full\"><a href=\"http:\/\/armstrongyregion.com.ar\/diario\/wp-content\/uploads\/2024\/05\/CARLA-REVIGLIONO-5-4-24-.jpg\"><img loading=\"lazy\" decoding=\"async\" width=\"378\" height=\"504\" src=\"http:\/\/armstrongyregion.com.ar\/diario\/wp-content\/uploads\/2024\/05\/CARLA-REVIGLIONO-5-4-24-.jpg\" alt=\"\" class=\"wp-image-42676\" srcset=\"https:\/\/armstrongyregion.com.ar\/diario\/wp-content\/uploads\/2024\/05\/CARLA-REVIGLIONO-5-4-24-.jpg 378w, https:\/\/armstrongyregion.com.ar\/diario\/wp-content\/uploads\/2024\/05\/CARLA-REVIGLIONO-5-4-24--225x300.jpg 225w\" sizes=\"auto, (max-width: 378px) 100vw, 378px\" \/><\/a><\/figure>\n\n\n\n<p>\u201cQuiero hacer una menci\u00f3n al proyecto presentado por Renovaci\u00f3n por Armstrong, ya que propone suspender\u00a0 la actualizaci\u00f3n de la tasa, este\u00a0 es un proyecto que nosotros consideramos que tiene un enfoque que no est\u00e1 bien direccionado por que no hay una ordenanza de tasa,\u00a0 lo que\u00a0 tenemos es una ordenanza que regula la unidad tributaria\u00bb. Expresaba la Concejal.<\/p>\n\n\n\n<p>\u00a0 \u00abPor lo tanto tendr\u00edan que haber solicitado la modificaci\u00f3n de esa ordenanza que regula la unidad tributaria que est\u00e1 establecida conforme a distintos par\u00e1metros y posteriormente modificar la tasa\u201d Expresaba Revigliono.<\/p>\n\n\n\n<p>\u00abCreemos que hay que darle una vuelta de rosca, teniendo en cuenta el  momento en el que estamos, con un contexto electoral parece que peca de demag\u00f3gico proponer que el ejecutivo no pueda actualizar la tasa. Se proyecta una inflaci\u00f3n de un 200% anual y proponer no actualizar la misma, afecta totalmente la posibilidad de obtener recursos por parte del poder ejecutivo\u00bb. Finaliz\u00f3.<\/p>\n","protected":false},"excerpt":{"rendered":"<p>Revigliono hizo referencia al proyecto presentado por Renovaci\u00f3n por Armstrong.<\/p>\n","protected":false},"author":1,"featured_media":42676,"comment_status":"open","ping_status":"open","sticky":false,"template":"","format":"image","meta":{"_jetpack_memberships_contains_paid_content":false,"footnotes":"","jetpack_publicize_message":"","jetpack_publicize_feature_enabled":true,"jetpack_social_post_already_shared":true,"jetpack_social_options":{"image_generator_settings":{"template":"highway","default_image_id":0,"enabled":false},"version":2}},"categories":[8,1,2,7,3],"tags":[179,5030,10709,8777,60,10710,639,1120,9298,10708],"class_list":["post-42940","post","type-post","status-publish","format-image","has-post-thumbnail","hentry","category-deliberando","category-diario-armstrong","category-locales","category-politica","category-region","tag-al","tag-diario-armstrong","tag-hio","tag-lic-graciela-de-la-casa","tag-por","tag-presentado","tag-proyecto","tag-referencia","tag-renovacion-por-armstrong","tag-revigliono","post_format-post-format-image"],"jetpack_publicize_connections":[],"jetpack_featured_media_url":"https:\/\/armstrongyregion.com.ar\/diario\/wp-content\/uploads\/2024\/05\/CARLA-REVIGLIONO-5-4-24-.jpg","jetpack_shortlink":"https:\/\/wp.me\/p62QDO-baA","jetpack_sharing_enabled":true,"amp_enabled":true,"_links":{"self":[{"href":"https:\/\/armstrongyregion.com.ar\/diario\/wp-json\/wp\/v2\/posts\/42940","targetHints":{"allow":["GET"]}}],"collection":[{"href":"https:\/\/armstrongyregion.com.ar\/diario\/wp-json\/wp\/v2\/posts"}],"about":[{"href":"https:\/\/armstrongyregion.com.ar\/diario\/wp-json\/wp\/v2\/types\/post"}],"author":[{"embeddable":true,"href":"https:\/\/armstrongyregion.com.ar\/diario\/wp-json\/wp\/v2\/users\/1"}],"replies":[{"embeddable":true,"href":"https:\/\/armstrongyregion.com.ar\/diario\/wp-json\/wp\/v2\/comments?post=42940"}],"version-history":[{"count":1,"href":"https:\/\/armstrongyregion.com.ar\/diario\/wp-json\/wp\/v2\/posts\/42940\/revisions"}],"predecessor-version":[{"id":42941,"href":"https:\/\/armstrongyregion.com.ar\/diario\/wp-json\/wp\/v2\/posts\/42940\/revisions\/42941"}],"wp:featuredmedia":[{"embeddable":true,"href":"https:\/\/armstrongyregion.com.ar\/diario\/wp-json\/wp\/v2\/media\/42676"}],"wp:attachment":[{"href":"https:\/\/armstrongyregion.com.ar\/diario\/wp-json\/wp\/v2\/media?parent=42940"}],"wp:term":[{"taxonomy":"category","embeddable":true,"href":"https:\/\/armstrongyregion.com.ar\/diario\/wp-json\/wp\/v2\/categories?post=42940"},{"taxonomy":"post_tag","embeddable":true,"href":"https:\/\/armstrongyregion.com.ar\/diario\/wp-json\/wp\/v2\/tags?post=42940"}],"curies":[{"name":"wp","href":"https:\/\/api.w.org\/{rel}","templated":true}]}}