{"id":42935,"date":"2024-05-22T21:26:37","date_gmt":"2024-05-22T21:26:37","guid":{"rendered":"https:\/\/armstrongyregion.com.ar\/diario\/?p=42935"},"modified":"2024-05-22T21:26:40","modified_gmt":"2024-05-22T21:26:40","slug":"facundo-amil-visito-a-co-a-y-realizo-aporte-por-100-000-a-la-institucion","status":"publish","type":"post","link":"https:\/\/armstrongyregion.com.ar\/diario\/facundo-amil-visito-a-co-a-y-realizo-aporte-por-100-000-a-la-institucion\/","title":{"rendered":"Facundo Amil visit\u00f3 A.Co.A. y realiz\u00f3 aporte por $100.000 a la instituci\u00f3n."},"content":{"rendered":"\n<figure class=\"wp-block-image size-full\"><a href=\"http:\/\/armstrongyregion.com.ar\/diario\/wp-content\/uploads\/2024\/05\/FACU-AMIL-22-5-24-.jpg\"><img loading=\"lazy\" decoding=\"async\" width=\"600\" height=\"800\" src=\"http:\/\/armstrongyregion.com.ar\/diario\/wp-content\/uploads\/2024\/05\/FACU-AMIL-22-5-24-.jpg\" alt=\"\" class=\"wp-image-42936\" srcset=\"https:\/\/armstrongyregion.com.ar\/diario\/wp-content\/uploads\/2024\/05\/FACU-AMIL-22-5-24-.jpg 600w, https:\/\/armstrongyregion.com.ar\/diario\/wp-content\/uploads\/2024\/05\/FACU-AMIL-22-5-24--225x300.jpg 225w\" sizes=\"auto, (max-width: 600px) 100vw, 600px\" \/><\/a><\/figure>\n\n\n\n<p>\u00abEs importante revalorizar a nuestras instituciones. Junto al equipo de trabajo de SOMOS ARMSTRONG decidimos hacer este aporte econ\u00f3mico con el esfuerzo de todo el grupo ya que estos fondos vienen de la colaboraci\u00f3n de los integrantes del partido, entendiendo la dif\u00edcil situaci\u00f3n que estamos atravesando como pa\u00eds y que nos afecta a todos\u00bb.  Expres\u00f3 Amil.<\/p>\n\n\n\n<p>\u00abA.Co.A. es una instituci\u00f3n local que aporta much\u00edsimo a cada armstronense, proveyendo de insumos ortop\u00e9dicos a quien lo necesite, sin costo alguno. Estamos acostumbrados a que si nos sucede una eventualidad a nosotros o a alg\u00fan familiar, acudimos a ellos inmediatamente y responden sin requisitos a lo solicitado. Este gesto es una manera de agradecerles su labor\u00bb. Concluy\u00f3 Facundo Amil, Presidente de Somos Armstrong y candidato para disputar la intendencia en los pr\u00f3ximos comicios.<\/p>\n","protected":false},"excerpt":{"rendered":"<p>Facundo Amil visit\u00f3 A.Co.A. y realiz\u00f3 aporte por $100.000 a la instituci\u00f3n.<\/p>\n","protected":false},"author":1,"featured_media":42936,"comment_status":"open","ping_status":"open","sticky":false,"template":"","format":"image","meta":{"_jetpack_memberships_contains_paid_content":false,"footnotes":"","jetpack_publicize_message":"","jetpack_publicize_feature_enabled":true,"jetpack_social_post_already_shared":true,"jetpack_social_options":{"image_generator_settings":{"template":"highway","default_image_id":0,"enabled":false},"version":2}},"categories":[8,1,2,7],"tags":[33,10706,79,9924,9515,8777,210],"class_list":["post-42935","post","type-post","status-publish","format-image","has-post-thumbnail","hentry","category-deliberando","category-diario-armstrong","category-locales","category-politica","tag-a","tag-acoa","tag-aporte","tag-diario-armstrong-y-region-2","tag-facundo-amil","tag-lic-graciela-de-la-casa","tag-visito","post_format-post-format-image"],"jetpack_publicize_connections":[],"jetpack_featured_media_url":"https:\/\/armstrongyregion.com.ar\/diario\/wp-content\/uploads\/2024\/05\/FACU-AMIL-22-5-24-.jpg","jetpack_shortlink":"https:\/\/wp.me\/p62QDO-bav","jetpack_sharing_enabled":true,"amp_enabled":true,"_links":{"self":[{"href":"https:\/\/armstrongyregion.com.ar\/diario\/wp-json\/wp\/v2\/posts\/42935","targetHints":{"allow":["GET"]}}],"collection":[{"href":"https:\/\/armstrongyregion.com.ar\/diario\/wp-json\/wp\/v2\/posts"}],"about":[{"href":"https:\/\/armstrongyregion.com.ar\/diario\/wp-json\/wp\/v2\/types\/post"}],"author":[{"embeddable":true,"href":"https:\/\/armstrongyregion.com.ar\/diario\/wp-json\/wp\/v2\/users\/1"}],"replies":[{"embeddable":true,"href":"https:\/\/armstrongyregion.com.ar\/diario\/wp-json\/wp\/v2\/comments?post=42935"}],"version-history":[{"count":1,"href":"https:\/\/armstrongyregion.com.ar\/diario\/wp-json\/wp\/v2\/posts\/42935\/revisions"}],"predecessor-version":[{"id":42937,"href":"https:\/\/armstrongyregion.com.ar\/diario\/wp-json\/wp\/v2\/posts\/42935\/revisions\/42937"}],"wp:featuredmedia":[{"embeddable":true,"href":"https:\/\/armstrongyregion.com.ar\/diario\/wp-json\/wp\/v2\/media\/42936"}],"wp:attachment":[{"href":"https:\/\/armstrongyregion.com.ar\/diario\/wp-json\/wp\/v2\/media?parent=42935"}],"wp:term":[{"taxonomy":"category","embeddable":true,"href":"https:\/\/armstrongyregion.com.ar\/diario\/wp-json\/wp\/v2\/categories?post=42935"},{"taxonomy":"post_tag","embeddable":true,"href":"https:\/\/armstrongyregion.com.ar\/diario\/wp-json\/wp\/v2\/tags?post=42935"}],"curies":[{"name":"wp","href":"https:\/\/api.w.org\/{rel}","templated":true}]}}