{"id":42933,"date":"2024-05-22T20:59:14","date_gmt":"2024-05-22T20:59:14","guid":{"rendered":"https:\/\/armstrongyregion.com.ar\/diario\/?p=42933"},"modified":"2024-05-22T21:30:23","modified_gmt":"2024-05-22T21:30:23","slug":"pertusati-hizo-referencia-al-proyecto-presentado-por-renovacion-por-armstrong-sobre-la-suspension-del-aumento-automatico-de-la-tasa-municipal","status":"publish","type":"post","link":"https:\/\/armstrongyregion.com.ar\/diario\/pertusati-hizo-referencia-al-proyecto-presentado-por-renovacion-por-armstrong-sobre-la-suspension-del-aumento-automatico-de-la-tasa-municipal\/","title":{"rendered":"Pertusati hizo referencia al proyecto presentado por Renovaci\u00f3n por Armstrong sobre la suspensi\u00f3n del aumento autom\u00e1tico de la tasa municipal."},"content":{"rendered":"\n<figure class=\"wp-block-image size-full\"><a href=\"http:\/\/armstrongyregion.com.ar\/diario\/wp-content\/uploads\/2023\/08\/ALE-PERTU.jpg\"><img loading=\"lazy\" decoding=\"async\" width=\"400\" height=\"295\" src=\"http:\/\/armstrongyregion.com.ar\/diario\/wp-content\/uploads\/2023\/08\/ALE-PERTU.jpg\" alt=\"\" class=\"wp-image-39647\" srcset=\"https:\/\/armstrongyregion.com.ar\/diario\/wp-content\/uploads\/2023\/08\/ALE-PERTU.jpg 400w, https:\/\/armstrongyregion.com.ar\/diario\/wp-content\/uploads\/2023\/08\/ALE-PERTU-300x221.jpg 300w\" sizes=\"auto, (max-width: 400px) 100vw, 400px\" \/><\/a><\/figure>\n\n\n\n<p>El Pte del cuerpo expres\u00f3: \u201c Nuestra nuestra ordenanza habla de unidades tributarias y t\u00e9cnicamente habr\u00eda que hacerle muchas modificaciones, de hecho hemos acompa\u00f1ado el pase a comisi\u00f3n no parec\u00eda una ordenanza para tratar sobre tablas ni mucho menos\u201d.<\/p>\n\n\n\n<p>El edil arremeti\u00f3: \u201cSe puede hacer un lectura de una impronta&nbsp; de un concejal totalmente emparentado con el <strong>kirchnerismo<\/strong>, porque parecer\u00eda que&nbsp; busca desfinanciar al municipio, que no se puedan hacer obras, que no se puedan pagar sueldos, que no se presten servicios,&nbsp; estamos hablando de un municipio que tiene las cuentas en orden, me resulta muy extra\u00f1o ya que el lunes anterior estuvo el&nbsp; Secretario de Hacienda ac\u00e1 en el Consejo y no se le consult\u00f3, lo veo como un manejo kirchnerista,&nbsp; sabemos que cuando son gobierno crean impuestos para generar puestos para \u00f1oquis, y cuando son oposici\u00f3n o est\u00e1n en campa\u00f1a&nbsp; quitan impuestos o quieren frenar las tasas\u201d.<\/p>\n\n\n\n<p>\u201cEsto es&nbsp; muy parecido a lo que hizo Sergio Massa en el&nbsp; pasado,&nbsp; hay que hacer pr\u00e1cticas de&nbsp; memoria lo que yo no quiero es que la gente crea que no&nbsp; vamos a discutir esta ordenanza\u2026<\/p>\n\n\n\n<p>Entiendo que es real la situaci\u00f3n econ\u00f3mica del pa\u00eds pero lo que a m\u00ed m\u00e1s me hace ruido es que hay una gran responsabilidad del Gobierno Alberto Fern\u00e1ndez y Sergio Massa y todos sabemos ac\u00e1 qui\u00e9n fue parte que es el concejal que presenta este proyecto de ordenanza en t\u00e9rminos pol\u00edticos no he escuchado ninguna autocr\u00edtica por parte de ninguno de los que fueron parte de Gobierno anterior y no se hacen responsables\u00a0 de la  situaci\u00f3n econ\u00f3mica. Se amontonan en un Cambia Armstrong\u201d. Arremeti\u00f3 el Pte. del Concejo Pertusati haciendo referencia a la agrupaci\u00f3n pol\u00edtica que competir\u00e1\u00a0 en las elecciones a Intendente de Armstrong el pr\u00f3ximo 11 de agosto.<\/p>\n\n\n\n<p>Luego finaliz\u00f3: \u201cVolviendo a lo que fue la reuni\u00f3n con el Secretario de Hacienda, la oposici\u00f3n le manifest\u00f3&nbsp; que los sueldos de los concejales eran muy bajos, parecer\u00eda quieren aumento, pero est\u00e1 en ellos tambi\u00e9n congelar las tasas municipales\u201d.<\/p>\n","protected":false},"excerpt":{"rendered":"<p>Pertusati hizo referencia al proyecto presentado por Renovaci\u00f3n por Armstrong sobre la suspensi\u00f3n del aumento autom\u00e1tico de la tasa municipal.<\/p>\n","protected":false},"author":1,"featured_media":39647,"comment_status":"open","ping_status":"open","sticky":false,"template":"","format":"image","meta":{"_jetpack_memberships_contains_paid_content":false,"footnotes":"","jetpack_publicize_message":"","jetpack_publicize_feature_enabled":true,"jetpack_social_post_already_shared":true,"jetpack_social_options":{"image_generator_settings":{"template":"highway","default_image_id":0,"enabled":false},"version":2}},"categories":[8,1,2,7,3],"tags":[],"class_list":["post-42933","post","type-post","status-publish","format-image","has-post-thumbnail","hentry","category-deliberando","category-diario-armstrong","category-locales","category-politica","category-region","post_format-post-format-image"],"jetpack_publicize_connections":[],"jetpack_featured_media_url":"https:\/\/armstrongyregion.com.ar\/diario\/wp-content\/uploads\/2023\/08\/ALE-PERTU.jpg","jetpack_shortlink":"https:\/\/wp.me\/p62QDO-bat","jetpack_sharing_enabled":true,"amp_enabled":true,"_links":{"self":[{"href":"https:\/\/armstrongyregion.com.ar\/diario\/wp-json\/wp\/v2\/posts\/42933","targetHints":{"allow":["GET"]}}],"collection":[{"href":"https:\/\/armstrongyregion.com.ar\/diario\/wp-json\/wp\/v2\/posts"}],"about":[{"href":"https:\/\/armstrongyregion.com.ar\/diario\/wp-json\/wp\/v2\/types\/post"}],"author":[{"embeddable":true,"href":"https:\/\/armstrongyregion.com.ar\/diario\/wp-json\/wp\/v2\/users\/1"}],"replies":[{"embeddable":true,"href":"https:\/\/armstrongyregion.com.ar\/diario\/wp-json\/wp\/v2\/comments?post=42933"}],"version-history":[{"count":2,"href":"https:\/\/armstrongyregion.com.ar\/diario\/wp-json\/wp\/v2\/posts\/42933\/revisions"}],"predecessor-version":[{"id":42938,"href":"https:\/\/armstrongyregion.com.ar\/diario\/wp-json\/wp\/v2\/posts\/42933\/revisions\/42938"}],"wp:featuredmedia":[{"embeddable":true,"href":"https:\/\/armstrongyregion.com.ar\/diario\/wp-json\/wp\/v2\/media\/39647"}],"wp:attachment":[{"href":"https:\/\/armstrongyregion.com.ar\/diario\/wp-json\/wp\/v2\/media?parent=42933"}],"wp:term":[{"taxonomy":"category","embeddable":true,"href":"https:\/\/armstrongyregion.com.ar\/diario\/wp-json\/wp\/v2\/categories?post=42933"},{"taxonomy":"post_tag","embeddable":true,"href":"https:\/\/armstrongyregion.com.ar\/diario\/wp-json\/wp\/v2\/tags?post=42933"}],"curies":[{"name":"wp","href":"https:\/\/api.w.org\/{rel}","templated":true}]}}