{"id":42930,"date":"2024-05-22T19:56:48","date_gmt":"2024-05-22T19:56:48","guid":{"rendered":"https:\/\/armstrongyregion.com.ar\/diario\/?p=42930"},"modified":"2024-05-22T19:56:51","modified_gmt":"2024-05-22T19:56:51","slug":"emiliano-gramigna-presento-un-proyecto-para-la-suspension-del-aumento-automatico-de-la-tasa-municipal","status":"publish","type":"post","link":"https:\/\/armstrongyregion.com.ar\/diario\/emiliano-gramigna-presento-un-proyecto-para-la-suspension-del-aumento-automatico-de-la-tasa-municipal\/","title":{"rendered":"Emiliano Gramigna present\u00f3 un proyecto para la suspensi\u00f3n del aumento autom\u00e1tico de la tasa municipal."},"content":{"rendered":"\n<figure class=\"wp-block-image size-full\"><a href=\"http:\/\/armstrongyregion.com.ar\/diario\/wp-content\/uploads\/2024\/05\/EMILIANO-GRAMIGNA-21.05-24.jpg\"><img loading=\"lazy\" decoding=\"async\" width=\"756\" height=\"1008\" src=\"http:\/\/armstrongyregion.com.ar\/diario\/wp-content\/uploads\/2024\/05\/EMILIANO-GRAMIGNA-21.05-24.jpg\" alt=\"\" class=\"wp-image-42931\" srcset=\"https:\/\/armstrongyregion.com.ar\/diario\/wp-content\/uploads\/2024\/05\/EMILIANO-GRAMIGNA-21.05-24.jpg 756w, https:\/\/armstrongyregion.com.ar\/diario\/wp-content\/uploads\/2024\/05\/EMILIANO-GRAMIGNA-21.05-24-225x300.jpg 225w\" sizes=\"auto, (max-width: 756px) 100vw, 756px\" \/><\/a><\/figure>\n\n\n\n<p>El concejal expres\u00f3: \u201cNuestro bloque present\u00f3&nbsp; una ordenanza para la suspensi\u00f3n del aumento autom\u00e1tico de la tasa, tema que nosotros nos hab\u00edamos comprometido con la gente, y&nbsp; ten\u00edamos que cumplir porque cre\u00edamos que es muy importante&nbsp; trabajar en pos y beneficio de la econom\u00eda de los armstronenses\u201d.&nbsp;<\/p>\n\n\n\n<p>Luego a\u00f1adi\u00f3: \u201cLa tasa municipal hoy no solamente afecta al&nbsp; ciudadano com\u00fan y corriente sino&nbsp; tambi\u00e9n al comerciante y al industrial. Tuvimos durante estos primeros meses del a\u00f1o muchos aumentos de la nafta.<\/p>\n\n\n\n<p>\u201cEn el aumento autom\u00e1tico de la tasa creemos conveniente&nbsp; suspender dicho incremento porque va a ser un impacto al bolsillo de la gente. Nosotros&nbsp; planteamos&nbsp; que se conforme una comisi\u00f3n para poder hacer un nuevo c\u00e1lculo de la tasa municipal teniendo en cuenta el hecho de tener la menor consecuencia posible en el bolsillo de los ciudadanos\u201d. Expresaba el edil.<\/p>\n\n\n\n<p>Siguiendo la misma l\u00ednea de discurso Gramigna arremeti\u00f3: \u201cSabemos que la tasa tiene una contraprestaci\u00f3n que es el&nbsp; alumbrado; barrido y limpieza.&nbsp; Y hoy&nbsp; hay que reconocer que de la&nbsp; iluminaci\u00f3n se ocupa la cooperativa y lo est\u00e1 haciendo bastante bien,&nbsp; pero&nbsp; tambi\u00e9n tenemos que tener en cuenta que hoy tenemos la calles rotas, que tenemos los cordones cunetas llenos de yuyos porque se acumula la tierra ya que no tenemos un correcto barrido. No se est\u00e1n haciendo viviendas,&nbsp; no hay playones deportivos,&nbsp; el museo todav\u00eda est\u00e1 tapado con chapas porque se desmantel\u00f3 todo y no se hizo absolutamente nada; entonces lo que decimos es que, le estamos haciendo una carga tributaria al vecino para&nbsp; no devolverlo ni en obras; ni servicios\u201d.<\/p>\n\n\n\n<p>\u201cReitero- dijo el edil- nos comprometimos con la gente en tratar este tema y es tambi\u00e9n lo que a m\u00ed hizo que por tercera vez me siente en esta banca; para trabajar por el ciudadano, entonces creemos que debemos hacerlo seriamente\u00a0 teniendo en cuenta\u00a0 que el municipio necesita recursos por supuesto; pero tambi\u00e9n tenemos que cuidar el bolsillo de todos los armstronenses\u201d.<\/p>\n","protected":false},"excerpt":{"rendered":"<p>Emiliano Gramigna present\u00f3 un proyecto para la suspensi\u00f3n del aumento autom\u00e1tico de la tasa municipal.<\/p>\n","protected":false},"author":1,"featured_media":42931,"comment_status":"open","ping_status":"open","sticky":false,"template":"","format":"image","meta":{"_jetpack_memberships_contains_paid_content":false,"footnotes":"","jetpack_publicize_message":"","jetpack_publicize_feature_enabled":true,"jetpack_social_post_already_shared":true,"jetpack_social_options":{"image_generator_settings":{"template":"highway","default_image_id":0,"enabled":false},"version":2}},"categories":[8,1,2,7,3],"tags":[1234,10704,53,5030,9924,10701,31,8777,8655,10702,118,10703,10705],"class_list":["post-42930","post","type-post","status-publish","format-image","has-post-thumbnail","hentry","category-deliberando","category-diario-armstrong","category-locales","category-politica","category-region","tag-aumento","tag-automatico","tag-del","tag-diario-armstrong","tag-diario-armstrong-y-region-2","tag-emiliao-gramigna","tag-la","tag-lic-graciela-de-la-casa","tag-municipal-2","tag-presento-proyecto","tag-sobre","tag-suspension","tag-tasa","post_format-post-format-image"],"jetpack_publicize_connections":[],"jetpack_featured_media_url":"https:\/\/armstrongyregion.com.ar\/diario\/wp-content\/uploads\/2024\/05\/EMILIANO-GRAMIGNA-21.05-24.jpg","jetpack_shortlink":"https:\/\/wp.me\/p62QDO-baq","jetpack_sharing_enabled":true,"amp_enabled":true,"_links":{"self":[{"href":"https:\/\/armstrongyregion.com.ar\/diario\/wp-json\/wp\/v2\/posts\/42930","targetHints":{"allow":["GET"]}}],"collection":[{"href":"https:\/\/armstrongyregion.com.ar\/diario\/wp-json\/wp\/v2\/posts"}],"about":[{"href":"https:\/\/armstrongyregion.com.ar\/diario\/wp-json\/wp\/v2\/types\/post"}],"author":[{"embeddable":true,"href":"https:\/\/armstrongyregion.com.ar\/diario\/wp-json\/wp\/v2\/users\/1"}],"replies":[{"embeddable":true,"href":"https:\/\/armstrongyregion.com.ar\/diario\/wp-json\/wp\/v2\/comments?post=42930"}],"version-history":[{"count":1,"href":"https:\/\/armstrongyregion.com.ar\/diario\/wp-json\/wp\/v2\/posts\/42930\/revisions"}],"predecessor-version":[{"id":42932,"href":"https:\/\/armstrongyregion.com.ar\/diario\/wp-json\/wp\/v2\/posts\/42930\/revisions\/42932"}],"wp:featuredmedia":[{"embeddable":true,"href":"https:\/\/armstrongyregion.com.ar\/diario\/wp-json\/wp\/v2\/media\/42931"}],"wp:attachment":[{"href":"https:\/\/armstrongyregion.com.ar\/diario\/wp-json\/wp\/v2\/media?parent=42930"}],"wp:term":[{"taxonomy":"category","embeddable":true,"href":"https:\/\/armstrongyregion.com.ar\/diario\/wp-json\/wp\/v2\/categories?post=42930"},{"taxonomy":"post_tag","embeddable":true,"href":"https:\/\/armstrongyregion.com.ar\/diario\/wp-json\/wp\/v2\/tags?post=42930"}],"curies":[{"name":"wp","href":"https:\/\/api.w.org\/{rel}","templated":true}]}}