{"id":42926,"date":"2024-05-22T16:17:43","date_gmt":"2024-05-22T16:17:43","guid":{"rendered":"https:\/\/armstrongyregion.com.ar\/diario\/?p=42926"},"modified":"2024-05-22T16:17:45","modified_gmt":"2024-05-22T16:17:45","slug":"fischer-tres-nuevas-calles-llevaran-el-nombre-de-mujeres-destacadas-de-la-ciudad","status":"publish","type":"post","link":"https:\/\/armstrongyregion.com.ar\/diario\/fischer-tres-nuevas-calles-llevaran-el-nombre-de-mujeres-destacadas-de-la-ciudad\/","title":{"rendered":"Fischer \u201cTres nuevas calles llevaran el nombre de mujeres destacadas de la ciudad\u201d."},"content":{"rendered":"\n<figure class=\"wp-block-image size-full\"><a href=\"http:\/\/armstrongyregion.com.ar\/diario\/wp-content\/uploads\/2024\/05\/LUZ-FISCHER-15-5-24-.jpg\"><img loading=\"lazy\" decoding=\"async\" width=\"786\" height=\"827\" src=\"http:\/\/armstrongyregion.com.ar\/diario\/wp-content\/uploads\/2024\/05\/LUZ-FISCHER-15-5-24-.jpg\" alt=\"\" class=\"wp-image-42874\" srcset=\"https:\/\/armstrongyregion.com.ar\/diario\/wp-content\/uploads\/2024\/05\/LUZ-FISCHER-15-5-24-.jpg 786w, https:\/\/armstrongyregion.com.ar\/diario\/wp-content\/uploads\/2024\/05\/LUZ-FISCHER-15-5-24--285x300.jpg 285w, https:\/\/armstrongyregion.com.ar\/diario\/wp-content\/uploads\/2024\/05\/LUZ-FISCHER-15-5-24--768x808.jpg 768w\" sizes=\"auto, (max-width: 786px) 100vw, 786px\" \/><\/a><\/figure>\n\n\n\n<p>La Concejal Lu Marina Fischer, en dialogo con los medios locales, hablo sobre un proyecto presentado por el oficialismo, donde ella hizo un gran aporte, y tres nuevas calles de la ciudad, llevaran el nombre de mujeres destacadas de la ciudad, ellas son: Mirta Francisconi, Iris Giuva y Paulina Sapo<em>z<\/em><em>K<\/em>o.<\/p>\n\n\n\n<p>Mirta Francisconi, se denominar\u00e1 a la calle P\u00fablica, ubicada entre calles Barrios, Tortugas, Paran\u00e1 y V\u00edas F\u00e9rreas.<\/p>\n\n\n\n<p>Iris Giuva, a la calle p\u00fablica ubicada entre Barrios, Bergara, Tortugas y V\u00edas F\u00e9rreas.<\/p>\n\n\n\n<p>Y la tercera, Paulina Sapo<em>z<\/em><em>K<\/em>o, a la calle P\u00fablica I, ubicada entre las calles Radical, Elisa, Villa Mar\u00eda y Schaer.<\/p>\n","protected":false},"excerpt":{"rendered":"<p>Fischer \u201cTres nuevas calles llevaran el nombre de mujeres destacadas de la ciudad\u201d.<\/p>\n","protected":false},"author":1,"featured_media":42874,"comment_status":"open","ping_status":"open","sticky":false,"template":"","format":"image","meta":{"_jetpack_memberships_contains_paid_content":false,"footnotes":"","jetpack_publicize_message":"","jetpack_publicize_feature_enabled":true,"jetpack_social_post_already_shared":true,"jetpack_social_options":{"image_generator_settings":{"template":"highway","default_image_id":0,"enabled":false},"version":2}},"categories":[8,1,2,7,3],"tags":[1985,8646,19,5030,15,10698,31,8777,10699,9146,4189,8645],"class_list":["post-42926","post","type-post","status-publish","format-image","has-post-thumbnail","hentry","category-deliberando","category-diario-armstrong","category-locales","category-politica","category-region","tag-calles","tag-ciudad-2","tag-de","tag-diario-armstrong","tag-en","tag-ficher","tag-la","tag-lic-graciela-de-la-casa","tag-llevaran","tag-mujeres-2","tag-nombre","tag-tres-2","post_format-post-format-image"],"jetpack_publicize_connections":[],"jetpack_featured_media_url":"https:\/\/armstrongyregion.com.ar\/diario\/wp-content\/uploads\/2024\/05\/LUZ-FISCHER-15-5-24-.jpg","jetpack_shortlink":"https:\/\/wp.me\/p62QDO-bam","jetpack_sharing_enabled":true,"amp_enabled":true,"_links":{"self":[{"href":"https:\/\/armstrongyregion.com.ar\/diario\/wp-json\/wp\/v2\/posts\/42926","targetHints":{"allow":["GET"]}}],"collection":[{"href":"https:\/\/armstrongyregion.com.ar\/diario\/wp-json\/wp\/v2\/posts"}],"about":[{"href":"https:\/\/armstrongyregion.com.ar\/diario\/wp-json\/wp\/v2\/types\/post"}],"author":[{"embeddable":true,"href":"https:\/\/armstrongyregion.com.ar\/diario\/wp-json\/wp\/v2\/users\/1"}],"replies":[{"embeddable":true,"href":"https:\/\/armstrongyregion.com.ar\/diario\/wp-json\/wp\/v2\/comments?post=42926"}],"version-history":[{"count":1,"href":"https:\/\/armstrongyregion.com.ar\/diario\/wp-json\/wp\/v2\/posts\/42926\/revisions"}],"predecessor-version":[{"id":42927,"href":"https:\/\/armstrongyregion.com.ar\/diario\/wp-json\/wp\/v2\/posts\/42926\/revisions\/42927"}],"wp:featuredmedia":[{"embeddable":true,"href":"https:\/\/armstrongyregion.com.ar\/diario\/wp-json\/wp\/v2\/media\/42874"}],"wp:attachment":[{"href":"https:\/\/armstrongyregion.com.ar\/diario\/wp-json\/wp\/v2\/media?parent=42926"}],"wp:term":[{"taxonomy":"category","embeddable":true,"href":"https:\/\/armstrongyregion.com.ar\/diario\/wp-json\/wp\/v2\/categories?post=42926"},{"taxonomy":"post_tag","embeddable":true,"href":"https:\/\/armstrongyregion.com.ar\/diario\/wp-json\/wp\/v2\/tags?post=42926"}],"curies":[{"name":"wp","href":"https:\/\/api.w.org\/{rel}","templated":true}]}}