{"id":42916,"date":"2024-05-20T15:28:23","date_gmt":"2024-05-20T15:28:23","guid":{"rendered":"https:\/\/armstrongyregion.com.ar\/diario\/?p=42916"},"modified":"2024-05-20T15:28:26","modified_gmt":"2024-05-20T15:28:26","slug":"armstrong-invitacion-para-el-25-de-mayo-de-2024","status":"publish","type":"post","link":"https:\/\/armstrongyregion.com.ar\/diario\/armstrong-invitacion-para-el-25-de-mayo-de-2024\/","title":{"rendered":"Armstrong. Invitaci\u00f3n para el 25 de Mayo de 2024."},"content":{"rendered":"\n<figure class=\"wp-block-image size-full\"><a href=\"http:\/\/armstrongyregion.com.ar\/diario\/wp-content\/uploads\/2024\/05\/25-DE-MAYO-24.jpg\"><img loading=\"lazy\" decoding=\"async\" width=\"632\" height=\"639\" src=\"http:\/\/armstrongyregion.com.ar\/diario\/wp-content\/uploads\/2024\/05\/25-DE-MAYO-24.jpg\" alt=\"\" class=\"wp-image-42917\" srcset=\"https:\/\/armstrongyregion.com.ar\/diario\/wp-content\/uploads\/2024\/05\/25-DE-MAYO-24.jpg 632w, https:\/\/armstrongyregion.com.ar\/diario\/wp-content\/uploads\/2024\/05\/25-DE-MAYO-24-297x300.jpg 297w\" sizes=\"auto, (max-width: 632px) 100vw, 632px\" \/><\/a><\/figure>\n\n\n\n<p>La Municipalidad de Armstrong junto a la Escuela Normal Superior N\u00b0 33 \u201cDr. Mariano Moreno\u201d<br>invitan a participar del acto oficial el s\u00e1bado 25 de mayo a las 14:30 hs. en Plaza San Mart\u00edn.<br>Participar\u00e1n todas las modalidades de la escuela y la Banda del Conservatorio Municipal de M\u00fasica.<br>Se cumplen 214 a\u00f1os de la Revoluci\u00f3n de Mayo y la creaci\u00f3n del Primer Gobierno Patrio de nuestro<br>pa\u00eds. Por ello se invita a embanderar el frente de todos los edificios.<br>En caso de lluvia se realizar\u00e1 en la Estaci\u00f3n M\u00e1s.<\/p>\n","protected":false},"excerpt":{"rendered":"<p>Armstrong. Invitaci\u00f3n para el 25 de Mayo de 2024<\/p>\n","protected":false},"author":1,"featured_media":42917,"comment_status":"open","ping_status":"open","sticky":false,"template":"","format":"image","meta":{"_jetpack_memberships_contains_paid_content":false,"footnotes":"","jetpack_publicize_message":"","jetpack_publicize_feature_enabled":true,"jetpack_social_post_already_shared":true,"jetpack_social_options":{"image_generator_settings":{"template":"highway","default_image_id":0,"enabled":false},"version":2}},"categories":[8,1,2,7,3],"tags":[9378,1212,20,9924,616,8777],"class_list":["post-42916","post","type-post","status-publish","format-image","has-post-thumbnail","hentry","category-deliberando","category-diario-armstrong","category-locales","category-politica","category-region","tag-25-de-mayo","tag-acto","tag-armstrong","tag-diario-armstrong-y-region-2","tag-invitacion","tag-lic-graciela-de-la-casa","post_format-post-format-image"],"jetpack_publicize_connections":[],"jetpack_featured_media_url":"https:\/\/armstrongyregion.com.ar\/diario\/wp-content\/uploads\/2024\/05\/25-DE-MAYO-24.jpg","jetpack_shortlink":"https:\/\/wp.me\/p62QDO-bac","jetpack_sharing_enabled":true,"amp_enabled":true,"_links":{"self":[{"href":"https:\/\/armstrongyregion.com.ar\/diario\/wp-json\/wp\/v2\/posts\/42916","targetHints":{"allow":["GET"]}}],"collection":[{"href":"https:\/\/armstrongyregion.com.ar\/diario\/wp-json\/wp\/v2\/posts"}],"about":[{"href":"https:\/\/armstrongyregion.com.ar\/diario\/wp-json\/wp\/v2\/types\/post"}],"author":[{"embeddable":true,"href":"https:\/\/armstrongyregion.com.ar\/diario\/wp-json\/wp\/v2\/users\/1"}],"replies":[{"embeddable":true,"href":"https:\/\/armstrongyregion.com.ar\/diario\/wp-json\/wp\/v2\/comments?post=42916"}],"version-history":[{"count":1,"href":"https:\/\/armstrongyregion.com.ar\/diario\/wp-json\/wp\/v2\/posts\/42916\/revisions"}],"predecessor-version":[{"id":42918,"href":"https:\/\/armstrongyregion.com.ar\/diario\/wp-json\/wp\/v2\/posts\/42916\/revisions\/42918"}],"wp:featuredmedia":[{"embeddable":true,"href":"https:\/\/armstrongyregion.com.ar\/diario\/wp-json\/wp\/v2\/media\/42917"}],"wp:attachment":[{"href":"https:\/\/armstrongyregion.com.ar\/diario\/wp-json\/wp\/v2\/media?parent=42916"}],"wp:term":[{"taxonomy":"category","embeddable":true,"href":"https:\/\/armstrongyregion.com.ar\/diario\/wp-json\/wp\/v2\/categories?post=42916"},{"taxonomy":"post_tag","embeddable":true,"href":"https:\/\/armstrongyregion.com.ar\/diario\/wp-json\/wp\/v2\/tags?post=42916"}],"curies":[{"name":"wp","href":"https:\/\/api.w.org\/{rel}","templated":true}]}}