{"id":42909,"date":"2024-05-19T23:39:52","date_gmt":"2024-05-19T23:39:52","guid":{"rendered":"https:\/\/armstrongyregion.com.ar\/diario\/?p=42909"},"modified":"2024-05-19T23:40:50","modified_gmt":"2024-05-19T23:40:50","slug":"la-ucr-provincial-definio-nueva-mesa-de-conduccion","status":"publish","type":"post","link":"https:\/\/armstrongyregion.com.ar\/diario\/la-ucr-provincial-definio-nueva-mesa-de-conduccion\/","title":{"rendered":"La UCR Provincial defini\u00f3 nueva mesa de conducci\u00f3n."},"content":{"rendered":"\n<figure class=\"wp-block-image size-full\"><a href=\"http:\/\/armstrongyregion.com.ar\/diario\/wp-content\/uploads\/2024\/05\/Pablito-Senador-19-5-24-.jpg\"><img loading=\"lazy\" decoding=\"async\" width=\"951\" height=\"740\" src=\"http:\/\/armstrongyregion.com.ar\/diario\/wp-content\/uploads\/2024\/05\/Pablito-Senador-19-5-24-.jpg\" alt=\"\" class=\"wp-image-42910\" srcset=\"https:\/\/armstrongyregion.com.ar\/diario\/wp-content\/uploads\/2024\/05\/Pablito-Senador-19-5-24-.jpg 951w, https:\/\/armstrongyregion.com.ar\/diario\/wp-content\/uploads\/2024\/05\/Pablito-Senador-19-5-24--300x233.jpg 300w, https:\/\/armstrongyregion.com.ar\/diario\/wp-content\/uploads\/2024\/05\/Pablito-Senador-19-5-24--768x598.jpg 768w\" sizes=\"auto, (max-width: 951px) 100vw, 951px\" \/><\/a><\/figure>\n\n\n\n<h2 class=\"wp-block-heading\">Felipe Michlig asumi\u00f3 su cuarto mandato al frente del partido. Estuvo presente el Senador Provincial por el Dep. Belgrano Pablo Verdecchia.<\/h2>\n\n\n\n<p>Este mi\u00e9rcoles, en la hist\u00f3rica Sede Provincial del Comit\u00e9 Provincial de la Uni\u00f3n C\u00edvica Radical, sito en la ciudad de Santa Fe, asumi\u00f3 -ante una amplia concurrencia de asistentes- la nueva Mesa Directiva del Comit\u00e9 Provincial, periodo 2024 \u2013 2026, con la presidencia de Felipe Michlig, que por unanimidad, asume por cuarta vez la m\u00e1xima representaci\u00f3n partidaria.<\/p>\n\n\n\n<figure class=\"wp-block-embed is-type-video is-provider-youtube wp-block-embed-youtube wp-embed-aspect-16-9 wp-has-aspect-ratio\"><div class=\"wp-block-embed__wrapper\">\n<iframe loading=\"lazy\" title=\"16-05-24 Nota Pablo Verdecchia \u2013 Senador Belgrano\" width=\"800\" height=\"450\" src=\"https:\/\/www.youtube.com\/embed\/spXBz4sj7jI?feature=oembed\" frameborder=\"0\" allow=\"accelerometer; autoplay; clipboard-write; encrypted-media; gyroscope; picture-in-picture; web-share\" referrerpolicy=\"strict-origin-when-cross-origin\" allowfullscreen><\/iframe>\n<\/div><\/figure>\n\n\n\n<p>Fuente: Renacer Regional.<\/p>\n","protected":false},"excerpt":{"rendered":"<p>La UCR Provincial defini\u00f3 nueva mesa de conducci\u00f3n.<\/p>\n","protected":false},"author":1,"featured_media":42910,"comment_status":"open","ping_status":"open","sticky":false,"template":"","format":"image","meta":{"_jetpack_memberships_contains_paid_content":false,"footnotes":"","jetpack_publicize_message":"","jetpack_publicize_feature_enabled":true,"jetpack_social_post_already_shared":true,"jetpack_social_options":{"image_generator_settings":{"template":"highway","default_image_id":0,"enabled":false},"version":2}},"categories":[8,1,2,7,3],"tags":[9880,19,9324,5030,8777,10460,10694],"class_list":["post-42909","post","type-post","status-publish","format-image","has-post-thumbnail","hentry","category-deliberando","category-diario-armstrong","category-locales","category-politica","category-region","tag-conduccion-2","tag-de","tag-definio","tag-diario-armstrong","tag-lic-graciela-de-la-casa","tag-mesa","tag-ucr-provincial","post_format-post-format-image"],"jetpack_publicize_connections":[],"jetpack_featured_media_url":"https:\/\/armstrongyregion.com.ar\/diario\/wp-content\/uploads\/2024\/05\/Pablito-Senador-19-5-24-.jpg","jetpack_shortlink":"https:\/\/wp.me\/p62QDO-ba5","jetpack_sharing_enabled":true,"amp_enabled":true,"_links":{"self":[{"href":"https:\/\/armstrongyregion.com.ar\/diario\/wp-json\/wp\/v2\/posts\/42909","targetHints":{"allow":["GET"]}}],"collection":[{"href":"https:\/\/armstrongyregion.com.ar\/diario\/wp-json\/wp\/v2\/posts"}],"about":[{"href":"https:\/\/armstrongyregion.com.ar\/diario\/wp-json\/wp\/v2\/types\/post"}],"author":[{"embeddable":true,"href":"https:\/\/armstrongyregion.com.ar\/diario\/wp-json\/wp\/v2\/users\/1"}],"replies":[{"embeddable":true,"href":"https:\/\/armstrongyregion.com.ar\/diario\/wp-json\/wp\/v2\/comments?post=42909"}],"version-history":[{"count":2,"href":"https:\/\/armstrongyregion.com.ar\/diario\/wp-json\/wp\/v2\/posts\/42909\/revisions"}],"predecessor-version":[{"id":42912,"href":"https:\/\/armstrongyregion.com.ar\/diario\/wp-json\/wp\/v2\/posts\/42909\/revisions\/42912"}],"wp:featuredmedia":[{"embeddable":true,"href":"https:\/\/armstrongyregion.com.ar\/diario\/wp-json\/wp\/v2\/media\/42910"}],"wp:attachment":[{"href":"https:\/\/armstrongyregion.com.ar\/diario\/wp-json\/wp\/v2\/media?parent=42909"}],"wp:term":[{"taxonomy":"category","embeddable":true,"href":"https:\/\/armstrongyregion.com.ar\/diario\/wp-json\/wp\/v2\/categories?post=42909"},{"taxonomy":"post_tag","embeddable":true,"href":"https:\/\/armstrongyregion.com.ar\/diario\/wp-json\/wp\/v2\/tags?post=42909"}],"curies":[{"name":"wp","href":"https:\/\/api.w.org\/{rel}","templated":true}]}}