{"id":42906,"date":"2024-05-19T23:26:00","date_gmt":"2024-05-19T23:26:00","guid":{"rendered":"https:\/\/armstrongyregion.com.ar\/diario\/?p=42906"},"modified":"2024-05-19T23:26:03","modified_gmt":"2024-05-19T23:26:03","slug":"en-las-parejas-el-concejo-municipal-resolvio-quitar-el-nombre-nestor-kirchner-al-parque-municipal","status":"publish","type":"post","link":"https:\/\/armstrongyregion.com.ar\/diario\/en-las-parejas-el-concejo-municipal-resolvio-quitar-el-nombre-nestor-kirchner-al-parque-municipal\/","title":{"rendered":"En Las Parejas el Concejo Municipal resolvi\u00f3 quitar el nombre \u00abN\u00e9stor Kirchner\u00bb al Parque Municipal."},"content":{"rendered":"\n<figure class=\"wp-block-image size-full\"><a href=\"http:\/\/armstrongyregion.com.ar\/diario\/wp-content\/uploads\/2024\/05\/parque-municipal-nestor.jpg\"><img loading=\"lazy\" decoding=\"async\" width=\"645\" height=\"470\" src=\"http:\/\/armstrongyregion.com.ar\/diario\/wp-content\/uploads\/2024\/05\/parque-municipal-nestor.jpg\" alt=\"\" class=\"wp-image-42907\" srcset=\"https:\/\/armstrongyregion.com.ar\/diario\/wp-content\/uploads\/2024\/05\/parque-municipal-nestor.jpg 645w, https:\/\/armstrongyregion.com.ar\/diario\/wp-content\/uploads\/2024\/05\/parque-municipal-nestor-300x219.jpg 300w\" sizes=\"auto, (max-width: 645px) 100vw, 645px\" \/><\/a><\/figure>\n\n\n\n<p>Presentado por el concejal Damian Astegiano, de Uni\u00f3n Vecinal. Sali\u00f3 con dictamen favorable por mayor\u00eda.<\/p>\n\n\n\n<figure class=\"wp-block-embed is-type-video is-provider-youtube wp-block-embed-youtube wp-embed-aspect-16-9 wp-has-aspect-ratio\"><div class=\"wp-block-embed__wrapper\">\n<iframe loading=\"lazy\" title=\"El Concejo resolvi\u00f3 quitar el nombre de Kirchner al parque municipal\" width=\"800\" height=\"450\" src=\"https:\/\/www.youtube.com\/embed\/nvXbA4gUvPQ?feature=oembed\" frameborder=\"0\" allow=\"accelerometer; autoplay; clipboard-write; encrypted-media; gyroscope; picture-in-picture; web-share\" referrerpolicy=\"strict-origin-when-cross-origin\" allowfullscreen><\/iframe>\n<\/div><\/figure>\n\n\n\n<p><\/p>\n\n\n\n<p>Damian Astegiano, de la Uni\u00f3n Vecinal, quienes presentaron la ordenanza para sacarlo dijo<em>\u00a0\u00abparece un parque de un partido pol\u00edtico, a veces no te dan ganas con el nombre que tiene\u00bb.\u00a0<\/em>Adem\u00e1s se propone una consulta popular para ver que nombre poner a parque.<\/p>\n\n\n\n<p>Mientras que la concejal Marconato, del Justicialimo expres\u00f3 que\u00a0<em>\u00abno creemos que la gente hoy est\u00e9 preocupada por el nombre\u00a0<\/em>-de un espacio p\u00fablico-<em>, tiene otros problemas m\u00e1s acuciantes\u00bb . Sabemos que hay gente que puede estar de acuerdo\u00bb<\/em>\u00a0pero ese nombre\u00a0<em>\u00abse puso respetando lo institucional mediante una ordenanza votada en 2011\u00bb<\/em>.\u00a0<em>\u00abY no se trata de argumentar que deben hacerlo para cumplir promesa de campa\u00f1a\u00bb.<\/em>\u00a0<\/p>\n\n\n\n<p><\/p>\n\n\n\n<p><\/p>\n\n\n\n<h3 class=\"wp-block-heading\">\u201cEl Intendente la tiene que vetar\u201d<\/h3>\n\n\n\n<p><br>Diego Mansilla, ex intendente de Las Parejas,&nbsp; decidi\u00f3 hablar sobre la aprobaci\u00f3n por mayor\u00eda del cambio de nombre al Parque Municipal. Hace un tiempo dio un paso al costado en la pol\u00edtica y sentencia que nunca m\u00e1s volver\u00e1 pero que al enterarse de esta cuesti\u00f3n le toc\u00f3 cuestiones de la raz\u00f3n.&nbsp;<em>\u201cCreo que esta fuera de foco y muy alejado de la realidad, los concejales tienen que dedicarse a laburar, a laburar en serio.\u201d \u201cLa gente la esta pasando realmente mal y perder realmente el tiempo para destruir algo, en estos momentos, como parejense me pone muy mal y creo que es de una bajeza terrible\u201d<\/em><\/p>\n\n\n\n<p><strong><em>Fuente: Contacto 100.9 FM \/ Edici\u00f3n: LRD<\/em><\/strong><\/p>\n","protected":false},"excerpt":{"rendered":"<p>En Las Parejas el Concejo Municipal resolvi\u00f3 quitar el nombre \u00abN\u00e9stor Kirchner\u00bb al Parque Municipal.<\/p>\n","protected":false},"author":1,"featured_media":42907,"comment_status":"open","ping_status":"open","sticky":false,"template":"","format":"image","meta":{"_jetpack_memberships_contains_paid_content":false,"footnotes":"","jetpack_publicize_message":"","jetpack_publicize_feature_enabled":true,"jetpack_social_post_already_shared":true,"jetpack_social_options":{"image_generator_settings":{"template":"highway","default_image_id":0,"enabled":false},"version":2}},"categories":[8,1,2,7,3],"tags":[868,5030,509,8777,10693,4189,10692,9273],"class_list":["post-42906","post","type-post","status-publish","format-image","has-post-thumbnail","hentry","category-deliberando","category-diario-armstrong","category-locales","category-politica","category-region","tag-concejo","tag-diario-armstrong","tag-las-parejas","tag-lic-graciela-de-la-casa","tag-nestor-kirchner","tag-nombre","tag-parque-municipal","tag-resolvio","post_format-post-format-image"],"jetpack_publicize_connections":[],"jetpack_featured_media_url":"https:\/\/armstrongyregion.com.ar\/diario\/wp-content\/uploads\/2024\/05\/parque-municipal-nestor.jpg","jetpack_shortlink":"https:\/\/wp.me\/p62QDO-ba2","jetpack_sharing_enabled":true,"amp_enabled":true,"_links":{"self":[{"href":"https:\/\/armstrongyregion.com.ar\/diario\/wp-json\/wp\/v2\/posts\/42906","targetHints":{"allow":["GET"]}}],"collection":[{"href":"https:\/\/armstrongyregion.com.ar\/diario\/wp-json\/wp\/v2\/posts"}],"about":[{"href":"https:\/\/armstrongyregion.com.ar\/diario\/wp-json\/wp\/v2\/types\/post"}],"author":[{"embeddable":true,"href":"https:\/\/armstrongyregion.com.ar\/diario\/wp-json\/wp\/v2\/users\/1"}],"replies":[{"embeddable":true,"href":"https:\/\/armstrongyregion.com.ar\/diario\/wp-json\/wp\/v2\/comments?post=42906"}],"version-history":[{"count":1,"href":"https:\/\/armstrongyregion.com.ar\/diario\/wp-json\/wp\/v2\/posts\/42906\/revisions"}],"predecessor-version":[{"id":42908,"href":"https:\/\/armstrongyregion.com.ar\/diario\/wp-json\/wp\/v2\/posts\/42906\/revisions\/42908"}],"wp:featuredmedia":[{"embeddable":true,"href":"https:\/\/armstrongyregion.com.ar\/diario\/wp-json\/wp\/v2\/media\/42907"}],"wp:attachment":[{"href":"https:\/\/armstrongyregion.com.ar\/diario\/wp-json\/wp\/v2\/media?parent=42906"}],"wp:term":[{"taxonomy":"category","embeddable":true,"href":"https:\/\/armstrongyregion.com.ar\/diario\/wp-json\/wp\/v2\/categories?post=42906"},{"taxonomy":"post_tag","embeddable":true,"href":"https:\/\/armstrongyregion.com.ar\/diario\/wp-json\/wp\/v2\/tags?post=42906"}],"curies":[{"name":"wp","href":"https:\/\/api.w.org\/{rel}","templated":true}]}}