{"id":42900,"date":"2024-05-19T20:38:14","date_gmt":"2024-05-19T20:38:14","guid":{"rendered":"https:\/\/armstrongyregion.com.ar\/diario\/?p=42900"},"modified":"2024-05-19T21:25:10","modified_gmt":"2024-05-19T21:25:10","slug":"pullaro-consolidar-la-region-centro-nos-permitira-construir-un-futuro-increible","status":"publish","type":"post","link":"https:\/\/armstrongyregion.com.ar\/diario\/pullaro-consolidar-la-region-centro-nos-permitira-construir-un-futuro-increible\/","title":{"rendered":"Pullaro: \u201cConsolidar la Regi\u00f3n Centro nos permitir\u00e1 construir un futuro incre\u00edble\u201d"},"content":{"rendered":"\n<figure class=\"wp-block-image size-full\"><a href=\"http:\/\/armstrongyregion.com.ar\/diario\/wp-content\/uploads\/2024\/05\/PULLARO-123-2024.jpg\"><img loading=\"lazy\" decoding=\"async\" width=\"800\" height=\"533\" src=\"http:\/\/armstrongyregion.com.ar\/diario\/wp-content\/uploads\/2024\/05\/PULLARO-123-2024.jpg\" alt=\"\" class=\"wp-image-42901\" srcset=\"https:\/\/armstrongyregion.com.ar\/diario\/wp-content\/uploads\/2024\/05\/PULLARO-123-2024.jpg 800w, https:\/\/armstrongyregion.com.ar\/diario\/wp-content\/uploads\/2024\/05\/PULLARO-123-2024-300x200.jpg 300w, https:\/\/armstrongyregion.com.ar\/diario\/wp-content\/uploads\/2024\/05\/PULLARO-123-2024-768x512.jpg 768w\" sizes=\"auto, (max-width: 800px) 100vw, 800px\" \/><\/a><\/figure>\n\n\n\n<h2 class=\"wp-block-heading\">Lo asegur\u00f3 el Gobernador al encabezar el encuentro del Gabinete Productivo de la Regi\u00f3n Centro, organismo del que es presidente pro-t\u00e9mpore. La reuni\u00f3n se desarroll\u00f3 este viernes en Amstrong y cont\u00f3 con la participaci\u00f3n de los ministros de las carteras productivas de las provincias de Santa Fe, Entre R\u00edos y C\u00f3rdoba.<\/h2>\n\n\n\n<figure class=\"wp-block-embed is-type-video is-provider-youtube wp-block-embed-youtube wp-embed-aspect-16-9 wp-has-aspect-ratio\"><div class=\"wp-block-embed__wrapper\">\n<iframe loading=\"lazy\" title=\"Diario Armstrong y Region: Pullaro: \u201cConsolidar la Regi\u00f3n Centro&quot;... Lic. Graciela De la Casa\" width=\"800\" height=\"450\" src=\"https:\/\/www.youtube.com\/embed\/ANm5X_O88Dk?feature=oembed\" frameborder=\"0\" allow=\"accelerometer; autoplay; clipboard-write; encrypted-media; gyroscope; picture-in-picture; web-share\" referrerpolicy=\"strict-origin-when-cross-origin\" allowfullscreen><\/iframe>\n<\/div><\/figure>\n\n\n\n<p><\/p>\n\n\n\n<p>El gobernador Maximiliano Pullaro presidi\u00f3 esta semana la apertura del encuentro del Gabinete Productivo de la Regi\u00f3n Centro. La sede elegida fue el auditorio Municipal Delmo Dar\u00f3 de la ciudad de Armstrong y cont\u00f3 con la participaci\u00f3n del intendente de Armstrong, Guillermo Luzzi, y de los ministros de Desarrollo Productivo de Santa Fe, Gustavo Puccini; de Desarrollo Econ\u00f3mico de Entre R\u00edos, Guillermo Bernaudo; y de Producci\u00f3n, Ciencia e Innovaci\u00f3n Tecnol\u00f3gica de C\u00f3rdoba, Pedro Dellarossa. Adem\u00e1s, participaron integrantes de la Mesa Ejecutiva como la subsecretaria de Santa Fe de la Regi\u00f3n Centro, Claudia Giaccone; y el secretario de Integraci\u00f3n Regional y Relaciones Internacionales de C\u00f3rdoba, Carlos Mazzei; y el diputado nacional por Entre R\u00edos, Jorge Chemes.<\/p>\n\n\n\n<p>Al tomar la palabra, Pullaro -quien desde abril est\u00e1 a cargo de la presidencia pro t\u00e9mpore de la Regi\u00f3n Centro- valor\u00f3: \u201cEs muy importante la consolidaci\u00f3n de este espacio y pensar pol\u00edticas p\u00fablicas juntos en la Regi\u00f3n Centro que nos permitan posicionarnos y fortalecernos para tener perspectiva de futuro\u201d. En este sentido, el Gobernador de Santa Fe enfatiz\u00f3: \u201cColectivamente, tenemos una gran oportunidad para dise\u00f1ar pol\u00edticas institucionales a largo plazo basadas en el di\u00e1logo entre todos los sectores. Es clave que debatamos cu\u00e1l es el norte que tenemos que construir juntos llegando a acuerdos que nos permitan construir bloques parlamentarios y de gobernadores para defender nuestra identidad colectiva de los que somos\u201d.<\/p>\n\n\n\n<p>Luego, Pullaro enfatiz\u00f3 que \u201cno somos un \u00e1rea de la Rep\u00fablica Argentina que pretende vivir de los subsidios del Gobierno nacional. Somos de las tres provincias que m\u00e1s le aportan a la Argentina y de las que menos reciben, a las que menos vuelve. Eso lo tenemos que poner arriba de la mesa y para defender a nuestra regi\u00f3n\u201d. Finalmente, el Gobernador remarc\u00f3: \u201cSomos el centro de la producci\u00f3n de la Naci\u00f3n; si trabajamos en equipo, si pensamos pol\u00edticas p\u00fablicas en conjunto, tenemos realmente un futuro incre\u00edble\u201d.<\/p>\n\n\n\n<figure class=\"wp-block-image\"><img decoding=\"async\" src=\"https:\/\/ci3.googleusercontent.com\/meips\/ADKq_NZTPcwQE1oD1f8kXYbeI3O6p3e-69H2ThNyFaM_XIvRlvXwC2N5V78SqNHjbrtXZ81UxI4iL3HAGE2qJOcHPyphFqkfZO37ueED82GmAfyhzEdQS_mAQKAZiENS-zK4OhE0Xns-hSd7MZsBnZM=s0-d-e1-ft#https:\/\/www.santafe.gob.ar\/noticias\/recursos\/fotos\/2024\/05\/2024-05-19NID_280314O_1.jpeg\" alt=\"\"\/><\/figure>\n\n\n\n<p><strong>Potenciar la Regi\u00f3n Centro<\/strong><\/p>\n\n\n\n<p>Al momento de tomar la palabra, el ministro de Desarrollo Productivo de Santa Fe, Gustavo Puccini, puntualiz\u00f3 que \u201ccompartimos puntos en com\u00fan en nuestras provincias respecto a la Producci\u00f3n. Estos encuentros nos permiten enriquecer nuestras miradas y potenciar la Regi\u00f3n Centro trabajando juntos\u201d. Luego, hizo hincapi\u00e9 en la importancia de abordar dos ejes: \u201cEl mercado interno, que lo podemos fortalecer como Regi\u00f3n Centro y para el resto del pa\u00eds, que no solamente es poder ofrecer nuestros productos, sino tambi\u00e9n lograr ser competitivos; y tambi\u00e9n pensar en el mercado internacional y las potencialidades que tenemos, ya que si nos unimos nos vemos m\u00e1s como socios que como competidores y, como Regi\u00f3n Centro, ofrecerle al mundo productos de calidad\u201d.<\/p>\n\n\n\n<p>Por su parte, la presidenta pro-t\u00e9mpore de la Mesa Ejecutiva de la Regi\u00f3n Centro, Claudia Giaccone, valor\u00f3 que \u201cpor mandato de nuestros gobernadores, venimos realizando un trabajo colaborativo, articuladlo y federal. En equipo estamos reactivando la Regi\u00f3n Centro y poni\u00e9ndola en marcha m\u00e1s que nunca, en este momento donde el eje Federal es tan importante\u201d.<\/p>\n\n\n\n<p><strong>Agenda federal<\/strong><\/p>\n\n\n\n<p>Vale destacar que desde que Maximiliano Pullaro asumi\u00f3 al frente de la Regi\u00f3n Centro ya se han realizado diferentes encuentros de esta naturaleza como el de Salud y Seguridad Laboral en C\u00f3rdoba, la reuni\u00f3n de autoridades del sector energ\u00e9tico de la Regi\u00f3n Centro en Entre R\u00edos y el encuentro de la Mesa Permanente de Trabajo, Empleo y Seguridad Social de la Regi\u00f3n Centro llevada a cabo en Rosario, que tambi\u00e9n fue encabezada tambi\u00e9n por el gobernador santafesino.<\/p>\n","protected":false},"excerpt":{"rendered":"<p>Pullaro: \u201cConsolidar la Regi\u00f3n Centro nos permitir\u00e1 construir un futuro incre\u00edble\u201d<\/p>\n","protected":false},"author":1,"featured_media":42901,"comment_status":"open","ping_status":"open","sticky":false,"template":"","format":"image","meta":{"_jetpack_memberships_contains_paid_content":false,"footnotes":"","jetpack_publicize_message":"","jetpack_publicize_feature_enabled":true,"jetpack_social_post_already_shared":true,"jetpack_social_options":{"image_generator_settings":{"template":"highway","default_image_id":0,"enabled":false},"version":2}},"categories":[8,1,2,7,3],"tags":[2137,592,2254,10690,31,10689,2846,10515,192],"class_list":["post-42900","post","type-post","status-publish","format-image","has-post-thumbnail","hentry","category-deliberando","category-diario-armstrong","category-locales","category-politica","category-region","tag-consolidar","tag-construir","tag-futuro","tag-increible","tag-la","tag-permitira","tag-pullaro","tag-region-centro","tag-un","post_format-post-format-image"],"jetpack_publicize_connections":[],"jetpack_featured_media_url":"https:\/\/armstrongyregion.com.ar\/diario\/wp-content\/uploads\/2024\/05\/PULLARO-123-2024.jpg","jetpack_shortlink":"https:\/\/wp.me\/p62QDO-b9W","jetpack_sharing_enabled":true,"amp_enabled":true,"_links":{"self":[{"href":"https:\/\/armstrongyregion.com.ar\/diario\/wp-json\/wp\/v2\/posts\/42900","targetHints":{"allow":["GET"]}}],"collection":[{"href":"https:\/\/armstrongyregion.com.ar\/diario\/wp-json\/wp\/v2\/posts"}],"about":[{"href":"https:\/\/armstrongyregion.com.ar\/diario\/wp-json\/wp\/v2\/types\/post"}],"author":[{"embeddable":true,"href":"https:\/\/armstrongyregion.com.ar\/diario\/wp-json\/wp\/v2\/users\/1"}],"replies":[{"embeddable":true,"href":"https:\/\/armstrongyregion.com.ar\/diario\/wp-json\/wp\/v2\/comments?post=42900"}],"version-history":[{"count":3,"href":"https:\/\/armstrongyregion.com.ar\/diario\/wp-json\/wp\/v2\/posts\/42900\/revisions"}],"predecessor-version":[{"id":42905,"href":"https:\/\/armstrongyregion.com.ar\/diario\/wp-json\/wp\/v2\/posts\/42900\/revisions\/42905"}],"wp:featuredmedia":[{"embeddable":true,"href":"https:\/\/armstrongyregion.com.ar\/diario\/wp-json\/wp\/v2\/media\/42901"}],"wp:attachment":[{"href":"https:\/\/armstrongyregion.com.ar\/diario\/wp-json\/wp\/v2\/media?parent=42900"}],"wp:term":[{"taxonomy":"category","embeddable":true,"href":"https:\/\/armstrongyregion.com.ar\/diario\/wp-json\/wp\/v2\/categories?post=42900"},{"taxonomy":"post_tag","embeddable":true,"href":"https:\/\/armstrongyregion.com.ar\/diario\/wp-json\/wp\/v2\/tags?post=42900"}],"curies":[{"name":"wp","href":"https:\/\/api.w.org\/{rel}","templated":true}]}}