{"id":42894,"date":"2024-05-18T22:55:27","date_gmt":"2024-05-18T22:55:27","guid":{"rendered":"https:\/\/armstrongyregion.com.ar\/diario\/?p=42894"},"modified":"2024-05-18T22:55:30","modified_gmt":"2024-05-18T22:55:30","slug":"armstrong-reunion-del-gabinete-de-la-region-centro","status":"publish","type":"post","link":"https:\/\/armstrongyregion.com.ar\/diario\/armstrong-reunion-del-gabinete-de-la-region-centro\/","title":{"rendered":"Armstrong. Reuni\u00f3n del Gabinete de la Regi\u00f3n Centro."},"content":{"rendered":"\n<figure class=\"wp-block-image size-full\"><a href=\"http:\/\/armstrongyregion.com.ar\/diario\/wp-content\/uploads\/2024\/05\/region-centro-1-.jpg\"><img loading=\"lazy\" decoding=\"async\" width=\"645\" height=\"418\" src=\"http:\/\/armstrongyregion.com.ar\/diario\/wp-content\/uploads\/2024\/05\/region-centro-1-.jpg\" alt=\"\" class=\"wp-image-42895\" srcset=\"https:\/\/armstrongyregion.com.ar\/diario\/wp-content\/uploads\/2024\/05\/region-centro-1-.jpg 645w, https:\/\/armstrongyregion.com.ar\/diario\/wp-content\/uploads\/2024\/05\/region-centro-1--300x194.jpg 300w\" sizes=\"auto, (max-width: 645px) 100vw, 645px\" \/><\/a><\/figure>\n\n\n\n<p>El viernes 17 de mayo en horas de la ma\u00f1ana, en el sal\u00f3 Delmo Dar\u00f3 de la Municipalidad de Armstrong se realiz\u00f3 la apertura de la reuni\u00f3n del Gabinete Productivo de la Regi\u00f3n Centro, integrado por las provincias de Santa Fe, C\u00f3rdoba y Entre R\u00edos.<\/p>\n\n\n\n<figure class=\"wp-block-image size-full\"><a href=\"http:\/\/armstrongyregion.com.ar\/diario\/wp-content\/uploads\/2024\/05\/region-centro-2.jpg\"><img loading=\"lazy\" decoding=\"async\" width=\"645\" height=\"420\" src=\"http:\/\/armstrongyregion.com.ar\/diario\/wp-content\/uploads\/2024\/05\/region-centro-2.jpg\" alt=\"\" class=\"wp-image-42896\" srcset=\"https:\/\/armstrongyregion.com.ar\/diario\/wp-content\/uploads\/2024\/05\/region-centro-2.jpg 645w, https:\/\/armstrongyregion.com.ar\/diario\/wp-content\/uploads\/2024\/05\/region-centro-2-300x195.jpg 300w\" sizes=\"auto, (max-width: 645px) 100vw, 645px\" \/><\/a><\/figure>\n\n\n\n<p>Encabez\u00f3 el acto el Gobernador Maximilliano Pullaro, e hicieron tambi\u00e9n uso de la palabra el Intendente Guillermo Luzzi quien dijo sentirse honrado por recibirlos en la localidad, coraz\u00f3n productivo de la maquinaria agr\u00edcola del pa\u00eds, y las autoridades de dichas provincias: Ministro\u00a0de Desarrollo Productivo de Santa Fe Gustavo Puccini, Ministro de Desarrollo Econ\u00f3mico de la Provincia de Entre R\u00edos Guillermo Bernaudo y Ministro\u00a0de Producci\u00f3n, Ciencia e Innovaci\u00f3n Tecnol\u00f3gica de la provincia de C\u00f3rdoba Pedro\u00a0Dellarossa.<\/p>\n\n\n\n<figure class=\"wp-block-image size-full\"><a href=\"http:\/\/armstrongyregion.com.ar\/diario\/wp-content\/uploads\/2024\/05\/region-centro.3.jpg\"><img loading=\"lazy\" decoding=\"async\" width=\"645\" height=\"425\" src=\"http:\/\/armstrongyregion.com.ar\/diario\/wp-content\/uploads\/2024\/05\/region-centro.3.jpg\" alt=\"\" class=\"wp-image-42897\" srcset=\"https:\/\/armstrongyregion.com.ar\/diario\/wp-content\/uploads\/2024\/05\/region-centro.3.jpg 645w, https:\/\/armstrongyregion.com.ar\/diario\/wp-content\/uploads\/2024\/05\/region-centro.3-300x198.jpg 300w\" sizes=\"auto, (max-width: 645px) 100vw, 645px\" \/><\/a><\/figure>\n\n\n\n<p>Se encontraban presentes el Senador Pablo Verdecchia, miembro de la comisi\u00f3n parlamentaria de la regi\u00f3n centro, Intendentes, presidentes Comunales, miembros de la mesa ejecutiva, miembros y coordinadores de foros.<\/p>\n\n\n\n<figure class=\"wp-block-image size-full\"><a href=\"http:\/\/armstrongyregion.com.ar\/diario\/wp-content\/uploads\/2024\/05\/region-centro-4.jpg\"><img loading=\"lazy\" decoding=\"async\" width=\"645\" height=\"420\" src=\"http:\/\/armstrongyregion.com.ar\/diario\/wp-content\/uploads\/2024\/05\/region-centro-4.jpg\" alt=\"\" class=\"wp-image-42898\" srcset=\"https:\/\/armstrongyregion.com.ar\/diario\/wp-content\/uploads\/2024\/05\/region-centro-4.jpg 645w, https:\/\/armstrongyregion.com.ar\/diario\/wp-content\/uploads\/2024\/05\/region-centro-4-300x195.jpg 300w\" sizes=\"auto, (max-width: 645px) 100vw, 645px\" \/><\/a><\/figure>\n\n\n\n<p>En esta oportunidad se priorizaron 4 sectores productivos que identifican a la regi\u00f3n, que son las de mayor fortaleza y por las que se convoc\u00f3 al sector empresarial productivo, de c\u00e1maras y entidades, industriales, y comerciantes.&nbsp;<\/p>\n\n\n\n<p>Durante todo el d\u00eda se realizaron mesas de trabajo sobre maquinaria agr\u00edcola, granos, carne y lecher\u00eda, donde pueden gestionar, debatir y consensuar distintas pol\u00edticas productivas que vienen llevando adelante y poder mejorarlas.&nbsp;<\/p>\n","protected":false},"excerpt":{"rendered":"<p>Armstrong. Reuni\u00f3n del Gabinete de la Regi\u00f3n Centro.<\/p>\n","protected":false},"author":1,"featured_media":42895,"comment_status":"open","ping_status":"open","sticky":false,"template":"","format":"image","meta":{"_jetpack_memberships_contains_paid_content":false,"footnotes":"","jetpack_publicize_message":"","jetpack_publicize_feature_enabled":true,"jetpack_social_post_already_shared":true,"jetpack_social_options":{"image_generator_settings":{"template":"highway","default_image_id":0,"enabled":false},"version":2}},"categories":[8,1,2,3],"tags":[20,21,53,5030,3275,8777,388,10688],"class_list":["post-42894","post","type-post","status-publish","format-image","has-post-thumbnail","hentry","category-deliberando","category-diario-armstrong","category-locales","category-region","tag-armstrong","tag-centro","tag-del","tag-diario-armstrong","tag-gabinete","tag-lic-graciela-de-la-casa","tag-region-2","tag-reunion-2","post_format-post-format-image"],"jetpack_publicize_connections":[],"jetpack_featured_media_url":"https:\/\/armstrongyregion.com.ar\/diario\/wp-content\/uploads\/2024\/05\/region-centro-1-.jpg","jetpack_shortlink":"https:\/\/wp.me\/p62QDO-b9Q","jetpack_sharing_enabled":true,"amp_enabled":true,"_links":{"self":[{"href":"https:\/\/armstrongyregion.com.ar\/diario\/wp-json\/wp\/v2\/posts\/42894","targetHints":{"allow":["GET"]}}],"collection":[{"href":"https:\/\/armstrongyregion.com.ar\/diario\/wp-json\/wp\/v2\/posts"}],"about":[{"href":"https:\/\/armstrongyregion.com.ar\/diario\/wp-json\/wp\/v2\/types\/post"}],"author":[{"embeddable":true,"href":"https:\/\/armstrongyregion.com.ar\/diario\/wp-json\/wp\/v2\/users\/1"}],"replies":[{"embeddable":true,"href":"https:\/\/armstrongyregion.com.ar\/diario\/wp-json\/wp\/v2\/comments?post=42894"}],"version-history":[{"count":1,"href":"https:\/\/armstrongyregion.com.ar\/diario\/wp-json\/wp\/v2\/posts\/42894\/revisions"}],"predecessor-version":[{"id":42899,"href":"https:\/\/armstrongyregion.com.ar\/diario\/wp-json\/wp\/v2\/posts\/42894\/revisions\/42899"}],"wp:featuredmedia":[{"embeddable":true,"href":"https:\/\/armstrongyregion.com.ar\/diario\/wp-json\/wp\/v2\/media\/42895"}],"wp:attachment":[{"href":"https:\/\/armstrongyregion.com.ar\/diario\/wp-json\/wp\/v2\/media?parent=42894"}],"wp:term":[{"taxonomy":"category","embeddable":true,"href":"https:\/\/armstrongyregion.com.ar\/diario\/wp-json\/wp\/v2\/categories?post=42894"},{"taxonomy":"post_tag","embeddable":true,"href":"https:\/\/armstrongyregion.com.ar\/diario\/wp-json\/wp\/v2\/tags?post=42894"}],"curies":[{"name":"wp","href":"https:\/\/api.w.org\/{rel}","templated":true}]}}