{"id":42867,"date":"2024-05-15T19:59:35","date_gmt":"2024-05-15T19:59:35","guid":{"rendered":"https:\/\/armstrongyregion.com.ar\/diario\/?p=42867"},"modified":"2024-05-15T19:59:38","modified_gmt":"2024-05-15T19:59:38","slug":"el-gobierno-de-santa-fe-va-a-descontar-el-dia-a-todos-los-empleados-publicos-que-hicieron-paro","status":"publish","type":"post","link":"https:\/\/armstrongyregion.com.ar\/diario\/el-gobierno-de-santa-fe-va-a-descontar-el-dia-a-todos-los-empleados-publicos-que-hicieron-paro\/","title":{"rendered":"\u201cEl Gobierno de Santa Fe va a descontar el d\u00eda a todos los empleados p\u00fablicos que hicieron paro\u201d"},"content":{"rendered":"\n<figure class=\"wp-block-image size-full\"><a href=\"http:\/\/armstrongyregion.com.ar\/diario\/wp-content\/uploads\/2024\/05\/MAXIMILIANO-PULLARO-.jpg\"><img loading=\"lazy\" decoding=\"async\" width=\"686\" height=\"496\" src=\"http:\/\/armstrongyregion.com.ar\/diario\/wp-content\/uploads\/2024\/05\/MAXIMILIANO-PULLARO-.jpg\" alt=\"\" class=\"wp-image-42868\" srcset=\"https:\/\/armstrongyregion.com.ar\/diario\/wp-content\/uploads\/2024\/05\/MAXIMILIANO-PULLARO-.jpg 686w, https:\/\/armstrongyregion.com.ar\/diario\/wp-content\/uploads\/2024\/05\/MAXIMILIANO-PULLARO--300x217.jpg 300w\" sizes=\"auto, (max-width: 686px) 100vw, 686px\" \/><\/a><\/figure>\n\n\n\n<h2 class=\"wp-block-heading\">As\u00ed lo ratific\u00f3 el gobernador Maximiliano Pullaro en conferencia de prensa. \u201cEn base a diciembre estamos ofreciendo una recomposici\u00f3n salarial superior al 66%. Por eso, sentimos que la medida tomada no fue justa, y que con 13 d\u00edas de paro, como ha sucedido con los docentes, se ha corrido una l\u00ednea\u201d, agreg\u00f3 el mandatario.<\/h2>\n\n\n\n<p>El gobernador de la provincia de Santa Fe, Maximiliano Pullaro fue consultado&nbsp;esta ma\u00f1ana en la ciudad de Santa Fe, sobre la medida de fuerza adoptada por empleados estatales y de la educaci\u00f3n provincial el pasado mi\u00e9rcoles 8.<\/p>\n\n\n\n<p>Al respecto, el mandatario remarc\u00f3 que \u201cel Gobierno de la Provincia de Santa Fe va a descontar el d\u00eda a todos los empleados p\u00fablicos que hicieron paro la semana pasada. Los sueldos tuvieron una recomposici\u00f3n salarial de 24, 26 puntos por encima de la recaudaci\u00f3n y nosotros no queremos sacarle recursos a otras \u00e1reas ni a todos los proyectos que tenemos que llevar adelante\u201d.<\/p>\n\n\n\n<p>\u201cSentimos sinceramente que hicimos todos los esfuerzos que estaban a nuestro alcance y, lo planteamos en m\u00e1s de una oportunidad, c\u00f3mo hab\u00eda crecido la recaudaci\u00f3n en un 30 % el mes de marzo, y c\u00f3mo hab\u00edamos recompuesto los salarios de los empleados p\u00fablicos entre un 54 % y un 56 %. Hab\u00edamos hecho una oferta por los dos meses siguientes que iban a rondar -sobre base de diciembre- casi 70 % y esa era la mayor propuesta o la m\u00e1xima propuesta que pod\u00eda hacer el Poder Ejecutivo\u201d, explic\u00f3 Pullaro.<\/p>\n\n\n\n<p>Respecto a la legalidad del descuento, Pullaro dijo que \u201ctodos los empleados p\u00fablicos tienen un derecho constitucional que es hacer huelga, pero estamos en el marco de la ley y de lo que nos permite nuestra Constituci\u00f3n, que es el de descontar el d\u00eda\u201d.<\/p>\n\n\n\n<p><strong>Recuperar la calidad educativa en las aulas<\/strong><\/p>\n\n\n\n<p>El mandatario se refiri\u00f3 categ\u00f3ricamente a los 13 d\u00edas de paro realizados por el sector docente provincial: \u201cEntendemos que los chicos tienen que estar en la escuela, que tienen que tener conocimientos. Y los docentes, y todo el Estado tiene que apostar a que los chicos puedan recuperar la calidad educativa que tuvo la provincia de Santa Fe y con 13 paros no lo vamos a poder lograr\u201d.&nbsp;<\/p>\n\n\n\n<p>Asimismo, el gobernador remarc\u00f3 que \u201cson 13 los d\u00edas de paro que han hecho los gremios vinculados a la educaci\u00f3n en la Provincia de Santa Fe. Por eso, entendemos que se ha cruzado un l\u00edmite, un l\u00edmite que tuvimos mucho trabajo para que no se cruce, porque empezamos a dialogar desde el d\u00eda 4 de enero con los gremios del sector docente de la Provincia de Santa Fe para no llegar a esto\u201d.<\/p>\n\n\n\n<p>\u201cVamos a convocar a los gremios esta semana. Pero creemos que s\u00ed se cruz\u00f3 una l\u00ednea. Y la l\u00ednea son 13 paros en dos meses y nosotros solo queremos que los chicos est\u00e9n en la escuela\u201d, cerr\u00f3 el gobernador de la provincia.<\/p>\n","protected":false},"excerpt":{"rendered":"<p>\u201cEl Gobierno de Santa Fe va a descontar el d\u00eda a todos los empleados p\u00fablicos que hicieron paro\u201d<\/p>\n","protected":false},"author":1,"featured_media":42868,"comment_status":"open","ping_status":"open","sticky":false,"template":"","format":"image","meta":{"_jetpack_memberships_contains_paid_content":false,"footnotes":"","jetpack_publicize_message":"","jetpack_publicize_feature_enabled":true,"jetpack_social_post_already_shared":true,"jetpack_social_options":{"image_generator_settings":{"template":"highway","default_image_id":0,"enabled":false},"version":2}},"categories":[8,1,2,7,3],"tags":[33,10673,8609,5030,9924,16,207,3729,8777,1026,108,3381],"class_list":["post-42867","post","type-post","status-publish","format-image","has-post-thumbnail","hentry","category-deliberando","category-diario-armstrong","category-locales","category-politica","category-region","tag-a","tag-descontar","tag-dia-2","tag-diario-armstrong","tag-diario-armstrong-y-region-2","tag-el","tag-empleados","tag-hicieron","tag-lic-graciela-de-la-casa","tag-paro","tag-que","tag-santa-fe","post_format-post-format-image"],"jetpack_publicize_connections":[],"jetpack_featured_media_url":"https:\/\/armstrongyregion.com.ar\/diario\/wp-content\/uploads\/2024\/05\/MAXIMILIANO-PULLARO-.jpg","jetpack_shortlink":"https:\/\/wp.me\/p62QDO-b9p","jetpack_sharing_enabled":true,"amp_enabled":true,"_links":{"self":[{"href":"https:\/\/armstrongyregion.com.ar\/diario\/wp-json\/wp\/v2\/posts\/42867","targetHints":{"allow":["GET"]}}],"collection":[{"href":"https:\/\/armstrongyregion.com.ar\/diario\/wp-json\/wp\/v2\/posts"}],"about":[{"href":"https:\/\/armstrongyregion.com.ar\/diario\/wp-json\/wp\/v2\/types\/post"}],"author":[{"embeddable":true,"href":"https:\/\/armstrongyregion.com.ar\/diario\/wp-json\/wp\/v2\/users\/1"}],"replies":[{"embeddable":true,"href":"https:\/\/armstrongyregion.com.ar\/diario\/wp-json\/wp\/v2\/comments?post=42867"}],"version-history":[{"count":1,"href":"https:\/\/armstrongyregion.com.ar\/diario\/wp-json\/wp\/v2\/posts\/42867\/revisions"}],"predecessor-version":[{"id":42869,"href":"https:\/\/armstrongyregion.com.ar\/diario\/wp-json\/wp\/v2\/posts\/42867\/revisions\/42869"}],"wp:featuredmedia":[{"embeddable":true,"href":"https:\/\/armstrongyregion.com.ar\/diario\/wp-json\/wp\/v2\/media\/42868"}],"wp:attachment":[{"href":"https:\/\/armstrongyregion.com.ar\/diario\/wp-json\/wp\/v2\/media?parent=42867"}],"wp:term":[{"taxonomy":"category","embeddable":true,"href":"https:\/\/armstrongyregion.com.ar\/diario\/wp-json\/wp\/v2\/categories?post=42867"},{"taxonomy":"post_tag","embeddable":true,"href":"https:\/\/armstrongyregion.com.ar\/diario\/wp-json\/wp\/v2\/tags?post=42867"}],"curies":[{"name":"wp","href":"https:\/\/api.w.org\/{rel}","templated":true}]}}