{"id":42861,"date":"2024-05-15T18:41:54","date_gmt":"2024-05-15T18:41:54","guid":{"rendered":"https:\/\/armstrongyregion.com.ar\/diario\/?p=42861"},"modified":"2024-05-15T18:41:57","modified_gmt":"2024-05-15T18:41:57","slug":"se-declaro-de-interes-municipal-la-presentacion-de-mujeres-argentinas-irreverentes-en-la-primera-mitad-del-siglo-xx","status":"publish","type":"post","link":"https:\/\/armstrongyregion.com.ar\/diario\/se-declaro-de-interes-municipal-la-presentacion-de-mujeres-argentinas-irreverentes-en-la-primera-mitad-del-siglo-xx\/","title":{"rendered":"Se declar\u00f3 de inter\u00e9s municipal la presentaci\u00f3n de \u00abMujeres argentinas irreverentes en la primera mitad del siglo XX\u00bb.\u00a0"},"content":{"rendered":"\n<figure class=\"wp-block-image size-full\"><a href=\"http:\/\/armstrongyregion.com.ar\/diario\/wp-content\/uploads\/2024\/05\/CARLITA-REVIGLIONO-21-4-24-.jpg\"><img loading=\"lazy\" decoding=\"async\" width=\"786\" height=\"709\" src=\"http:\/\/armstrongyregion.com.ar\/diario\/wp-content\/uploads\/2024\/05\/CARLITA-REVIGLIONO-21-4-24-.jpg\" alt=\"\" class=\"wp-image-42862\" srcset=\"https:\/\/armstrongyregion.com.ar\/diario\/wp-content\/uploads\/2024\/05\/CARLITA-REVIGLIONO-21-4-24-.jpg 786w, https:\/\/armstrongyregion.com.ar\/diario\/wp-content\/uploads\/2024\/05\/CARLITA-REVIGLIONO-21-4-24--300x271.jpg 300w, https:\/\/armstrongyregion.com.ar\/diario\/wp-content\/uploads\/2024\/05\/CARLITA-REVIGLIONO-21-4-24--768x693.jpg 768w\" sizes=\"auto, (max-width: 786px) 100vw, 786px\" \/><\/a><\/figure>\n\n\n\n<p>La concejal Carla Revigliono expresaba, \u00abse declar\u00f3 de inter\u00e9s municipal la presentaci\u00f3n del libro \u00abMujeres argentinas irreverentes en la primera mitad del siglo XX\u00bb de la autora Norma <strong>Matteucci,<\/strong> dicha presentaci\u00f3n se realizar\u00e1 el pr\u00f3ximo jueves 23 de mayo en las instalaciones de la Esc. N\u00b0 33 Dr. Mariano Moreno.<\/p>\n\n\n\n<p>En los inicios del siglo XX, mujeres argentinas toman la palabra en nombre de los intereses comunes de todas las mujeres para reclamar la igualdad de los derechos civiles, pol\u00edticos y\/o econ\u00f3micos, negados por la sociedad patriarcal de la \u00e9poca, lo que no es otra cosa que la lucha por la emancipaci\u00f3n femenina y la libertad, al menos en algunos aspectos de la vida.<br>Las mujeres -la mayor\u00eda de ellas condenadas a la domesticidad- tienen limitada participaci\u00f3n social y con su lucha abogan por su intervenci\u00f3n en el \u00e1mbito p\u00fablico, que lleva impl\u00edcita la justicia social. Se trata de mujeres que minan el discurso patriarcal mediante una l\u00f3gica discursiva femenina, con un posicionamiento pol\u00edtico antihegem\u00f3nico.<br>Historizar la vida de algunas mujeres -aunque fragmentariamente- m\u00e1s que el hecho de sacarlas del silencio, es reivindicar el acto de tomar la palabra, por parte de las mismas, y revalorizar sus discursos en lo referente a la conquista de derechos femeninos, desde una perspectiva de g\u00e9nero. Es decir, recuperar su \u00abpuesta en discurso\u00bb respecto de la adquisici\u00f3n de derechos femeninos, desde lugares dis\u00edmiles, entre unas y otras.<\/p>\n","protected":false},"excerpt":{"rendered":"<p>Se declar\u00f3 de inter\u00e9s municipal la presentaci\u00f3n de \u00abMujeres argentinas irreverentes en la primera mitad del siglo XX\u00bb.\u00a0<\/p>\n","protected":false},"author":1,"featured_media":42862,"comment_status":"open","ping_status":"open","sticky":false,"template":"","format":"image","meta":{"_jetpack_memberships_contains_paid_content":false,"footnotes":"","jetpack_publicize_message":"","jetpack_publicize_feature_enabled":true,"jetpack_social_post_already_shared":true,"jetpack_social_options":{"image_generator_settings":{"template":"highway","default_image_id":0,"enabled":false},"version":2}},"categories":[8,1,2,7,3],"tags":[19,53,5030,31,26,8777,8655,10669,10667,10666],"class_list":["post-42861","post","type-post","status-publish","format-image","has-post-thumbnail","hentry","category-deliberando","category-diario-armstrong","category-locales","category-politica","category-region","tag-de","tag-del","tag-diario-armstrong","tag-la","tag-libro","tag-lic-graciela-de-la-casa","tag-municipal-2","tag-norma-matteucci","tag-presentacion-3","tag-se-declaro-de-interes","post_format-post-format-image"],"jetpack_publicize_connections":[],"jetpack_featured_media_url":"https:\/\/armstrongyregion.com.ar\/diario\/wp-content\/uploads\/2024\/05\/CARLITA-REVIGLIONO-21-4-24-.jpg","jetpack_shortlink":"https:\/\/wp.me\/p62QDO-b9j","jetpack_sharing_enabled":true,"amp_enabled":true,"_links":{"self":[{"href":"https:\/\/armstrongyregion.com.ar\/diario\/wp-json\/wp\/v2\/posts\/42861","targetHints":{"allow":["GET"]}}],"collection":[{"href":"https:\/\/armstrongyregion.com.ar\/diario\/wp-json\/wp\/v2\/posts"}],"about":[{"href":"https:\/\/armstrongyregion.com.ar\/diario\/wp-json\/wp\/v2\/types\/post"}],"author":[{"embeddable":true,"href":"https:\/\/armstrongyregion.com.ar\/diario\/wp-json\/wp\/v2\/users\/1"}],"replies":[{"embeddable":true,"href":"https:\/\/armstrongyregion.com.ar\/diario\/wp-json\/wp\/v2\/comments?post=42861"}],"version-history":[{"count":1,"href":"https:\/\/armstrongyregion.com.ar\/diario\/wp-json\/wp\/v2\/posts\/42861\/revisions"}],"predecessor-version":[{"id":42863,"href":"https:\/\/armstrongyregion.com.ar\/diario\/wp-json\/wp\/v2\/posts\/42861\/revisions\/42863"}],"wp:featuredmedia":[{"embeddable":true,"href":"https:\/\/armstrongyregion.com.ar\/diario\/wp-json\/wp\/v2\/media\/42862"}],"wp:attachment":[{"href":"https:\/\/armstrongyregion.com.ar\/diario\/wp-json\/wp\/v2\/media?parent=42861"}],"wp:term":[{"taxonomy":"category","embeddable":true,"href":"https:\/\/armstrongyregion.com.ar\/diario\/wp-json\/wp\/v2\/categories?post=42861"},{"taxonomy":"post_tag","embeddable":true,"href":"https:\/\/armstrongyregion.com.ar\/diario\/wp-json\/wp\/v2\/tags?post=42861"}],"curies":[{"name":"wp","href":"https:\/\/api.w.org\/{rel}","templated":true}]}}