{"id":42853,"date":"2024-05-15T16:43:11","date_gmt":"2024-05-15T16:43:11","guid":{"rendered":"https:\/\/armstrongyregion.com.ar\/diario\/?p=42853"},"modified":"2024-05-15T16:43:14","modified_gmt":"2024-05-15T16:43:14","slug":"pertusati-hizo-un-balance-sobre-la-sesion-del-pasado-martes-14-de-mayo","status":"publish","type":"post","link":"https:\/\/armstrongyregion.com.ar\/diario\/pertusati-hizo-un-balance-sobre-la-sesion-del-pasado-martes-14-de-mayo\/","title":{"rendered":"Pertusati hizo un balance sobre la sesi\u00f3n del pasado martes 14 de mayo."},"content":{"rendered":"\n<figure class=\"wp-block-image size-full\"><a href=\"http:\/\/armstrongyregion.com.ar\/diario\/wp-content\/uploads\/2024\/05\/patas-15-5-24.jpg\"><img loading=\"lazy\" decoding=\"async\" width=\"378\" height=\"504\" src=\"http:\/\/armstrongyregion.com.ar\/diario\/wp-content\/uploads\/2024\/05\/patas-15-5-24.jpg\" alt=\"\" class=\"wp-image-42854\" srcset=\"https:\/\/armstrongyregion.com.ar\/diario\/wp-content\/uploads\/2024\/05\/patas-15-5-24.jpg 378w, https:\/\/armstrongyregion.com.ar\/diario\/wp-content\/uploads\/2024\/05\/patas-15-5-24-225x300.jpg 225w\" sizes=\"auto, (max-width: 378px) 100vw, 378px\" \/><\/a><\/figure>\n\n\n\n<p>Al t\u00e9rmino de la sesi\u00f3n ordinaria, el Pte. del Concejo de Armstrong, Prof. Alejandro Pertusati, hizo un balance de la misma; \u201chubo varios temas de inter\u00e9s para la ciudad, tuvimos la presencia de la directora del SAMCo en el recinto,&nbsp; por la la declaratoria de inter\u00e9s de la campa\u00f1a de&nbsp; prevenci\u00f3n de&nbsp; hipertensi\u00f3n arterial que se va a llevar a cabo el viernes 17 de mayo en el marco del&nbsp; D\u00eda Mundial\u201d.<\/p>\n\n\n\n<p>&nbsp;Pertusati a\u00f1adi\u00f3: \u201c La verdad que la presencia de&nbsp; Veronica siempre es importante porque el SAMCo es quien promueve esta campa\u00f1a, si bien fue&nbsp; un proyecto que presentamos del bloque, ya lo hab\u00edamos hablado con ella, este es un trabajo institucional es en el SAMCO donde todos nos refugiamos cuando realmente la papas queman\u201d.<\/p>\n\n\n\n<p>&nbsp;El Presidente fue consultado sobre un pedido de informe que realiz\u00f3 el bloque de Renovaci\u00f3n por Armstrong, que tiene que ver con las fechas del sorteo del LOTEO MUNICIPAL II. \u201cCuando v\u00ed este pedido consult\u00e9 al ejecutivo y me informaron que el d\u00eda viernes estar\u00edan publicando los padrones de aptos y no aptos. Si bien no tengo precisiones t\u00e9cnicas dicho sorteo ser\u00eda en la segunda quincena de junio\u201d. Expres\u00f3 el edil.<\/p>\n","protected":false},"excerpt":{"rendered":"<p>Pertusati hizo un balance sobre la sesi\u00f3n del pasado martes 14 de mayo.<\/p>\n","protected":false},"author":1,"featured_media":42854,"comment_status":"open","ping_status":"open","sticky":false,"template":"","format":"image","meta":{"_jetpack_memberships_contains_paid_content":false,"footnotes":"","jetpack_publicize_message":"","jetpack_publicize_feature_enabled":true,"jetpack_social_post_already_shared":true,"jetpack_social_options":{"image_generator_settings":{"template":"highway","default_image_id":0,"enabled":false},"version":2}},"categories":[8,1,2,7,3],"tags":[19,5030,1197,8777,6961,2534],"class_list":["post-42853","post","type-post","status-publish","format-image","has-post-thumbnail","hentry","category-deliberando","category-diario-armstrong","category-locales","category-politica","category-region","tag-de","tag-diario-armstrong","tag-hizo","tag-lic-graciela-de-la-casa","tag-pertusati","tag-sesion","post_format-post-format-image"],"jetpack_publicize_connections":[],"jetpack_featured_media_url":"https:\/\/armstrongyregion.com.ar\/diario\/wp-content\/uploads\/2024\/05\/patas-15-5-24.jpg","jetpack_shortlink":"https:\/\/wp.me\/p62QDO-b9b","jetpack_sharing_enabled":true,"amp_enabled":true,"_links":{"self":[{"href":"https:\/\/armstrongyregion.com.ar\/diario\/wp-json\/wp\/v2\/posts\/42853","targetHints":{"allow":["GET"]}}],"collection":[{"href":"https:\/\/armstrongyregion.com.ar\/diario\/wp-json\/wp\/v2\/posts"}],"about":[{"href":"https:\/\/armstrongyregion.com.ar\/diario\/wp-json\/wp\/v2\/types\/post"}],"author":[{"embeddable":true,"href":"https:\/\/armstrongyregion.com.ar\/diario\/wp-json\/wp\/v2\/users\/1"}],"replies":[{"embeddable":true,"href":"https:\/\/armstrongyregion.com.ar\/diario\/wp-json\/wp\/v2\/comments?post=42853"}],"version-history":[{"count":1,"href":"https:\/\/armstrongyregion.com.ar\/diario\/wp-json\/wp\/v2\/posts\/42853\/revisions"}],"predecessor-version":[{"id":42855,"href":"https:\/\/armstrongyregion.com.ar\/diario\/wp-json\/wp\/v2\/posts\/42853\/revisions\/42855"}],"wp:featuredmedia":[{"embeddable":true,"href":"https:\/\/armstrongyregion.com.ar\/diario\/wp-json\/wp\/v2\/media\/42854"}],"wp:attachment":[{"href":"https:\/\/armstrongyregion.com.ar\/diario\/wp-json\/wp\/v2\/media?parent=42853"}],"wp:term":[{"taxonomy":"category","embeddable":true,"href":"https:\/\/armstrongyregion.com.ar\/diario\/wp-json\/wp\/v2\/categories?post=42853"},{"taxonomy":"post_tag","embeddable":true,"href":"https:\/\/armstrongyregion.com.ar\/diario\/wp-json\/wp\/v2\/tags?post=42853"}],"curies":[{"name":"wp","href":"https:\/\/api.w.org\/{rel}","templated":true}]}}