{"id":42841,"date":"2024-05-15T02:33:11","date_gmt":"2024-05-15T02:33:11","guid":{"rendered":"https:\/\/armstrongyregion.com.ar\/diario\/?p=42841"},"modified":"2024-05-15T02:33:14","modified_gmt":"2024-05-15T02:33:14","slug":"programas-provinciales-de-empleo","status":"publish","type":"post","link":"https:\/\/armstrongyregion.com.ar\/diario\/programas-provinciales-de-empleo\/","title":{"rendered":"Programas provinciales de Empleo."},"content":{"rendered":"\n<figure class=\"wp-block-image size-full\"><a href=\"http:\/\/armstrongyregion.com.ar\/diario\/wp-content\/uploads\/2024\/05\/Cuffia-empleo-1-.jpg\"><img loading=\"lazy\" decoding=\"async\" width=\"653\" height=\"436\" src=\"http:\/\/armstrongyregion.com.ar\/diario\/wp-content\/uploads\/2024\/05\/Cuffia-empleo-1-.jpg\" alt=\"\" class=\"wp-image-42842\" srcset=\"https:\/\/armstrongyregion.com.ar\/diario\/wp-content\/uploads\/2024\/05\/Cuffia-empleo-1-.jpg 653w, https:\/\/armstrongyregion.com.ar\/diario\/wp-content\/uploads\/2024\/05\/Cuffia-empleo-1--300x200.jpg 300w\" sizes=\"auto, (max-width: 653px) 100vw, 653px\" \/><\/a><\/figure>\n\n\n\n<p>Personal Ministerio de Trabajo y Seguridad Social de Santa Fe lleg\u00f3 al auditorio Delmo Dar\u00f3 de la<br>Municipalidad de Armstrong para ofrecer informaci\u00f3n sobre los diversos programas que ofrece la<br>provincia para el sector productivo y para la generaci\u00f3n de empleo.<\/p>\n\n\n\n<figure class=\"wp-block-image size-full\"><a href=\"http:\/\/armstrongyregion.com.ar\/diario\/wp-content\/uploads\/2024\/05\/14.05-01-1.jpg\"><img loading=\"lazy\" decoding=\"async\" width=\"664\" height=\"443\" src=\"http:\/\/armstrongyregion.com.ar\/diario\/wp-content\/uploads\/2024\/05\/14.05-01-1.jpg\" alt=\"\" class=\"wp-image-42843\" srcset=\"https:\/\/armstrongyregion.com.ar\/diario\/wp-content\/uploads\/2024\/05\/14.05-01-1.jpg 664w, https:\/\/armstrongyregion.com.ar\/diario\/wp-content\/uploads\/2024\/05\/14.05-01-1-300x200.jpg 300w\" sizes=\"auto, (max-width: 664px) 100vw, 664px\" \/><\/a><\/figure>\n\n\n\n<p><br>La provincia junto al municipio y al Senador Verdecchia trabajan de forma articulada para que estos<br>programas de inserci\u00f3n laboral, de promoci\u00f3n y formaci\u00f3n profesional, est\u00e9n a disposici\u00f3n de todos<br>los ciudadanos, llegando a cada rinc\u00f3n del territorio.<\/p>\n\n\n\n<p><br>Las capacitaciones est\u00e1n orientadas a la demanda laboral de la zona. En este marco se gener\u00f3 la<br>plataforma Impulsa en la que intervienen los Ministerio de Trabajo, de Producci\u00f3n y de Educaci\u00f3n.<br>Hicieron referencia al Santa Fe Capacita, el cual financia cursos de capacitaci\u00f3n y formaci\u00f3n para que<br>los beneficiarios de los mismos\u00a0adquieran conocimientos, competencias y habilidades\u00a0para: Mejorar<br>sus posibilidades de acceder a un empleo formal, desempe\u00f1arse eficazmente como emprendedores<br>o aut\u00f3nomos, lograr una recalificaci\u00f3n laboral en sus empleos actuales.<\/p>\n\n\n\n<p><br>Los cursos son gratuitos para los beneficiarios. El empleador deber\u00e1 estar inscripto y con sus datos<br>actualizados en el registro de SIPAF que posee el MTEySS.<br>Otro programa es Empleo Joven, que es un est\u00edmulo para j\u00f3venes entre 18 y 30 a\u00f1os de edad. Los<br>participantes seleccionados realizan una experiencia de inserci\u00f3n laboral de entre 4 y 6 meses.<br>Durante este tiempo, las empresas receptoras perciben una ayuda econ\u00f3mica por cada trabajador<br>incorporado.<br>Est\u00e1 disponible tambi\u00e9n un programa de pr\u00e1cticas formativas, es un sistema de formaci\u00f3n dentro del<br>\u00e1mbito laboral, en empresas o comercios.<br>Todos los programas se pueden gestionar a trav\u00e9s del municipio o de manera online en<br>www.santafe.gob.ar\/empleo.<\/p>\n","protected":false},"excerpt":{"rendered":"<p>Programas provinciales de Empleo.<\/p>\n","protected":false},"author":1,"featured_media":42842,"comment_status":"open","ping_status":"open","sticky":false,"template":"","format":"image","meta":{"_jetpack_memberships_contains_paid_content":false,"footnotes":"","jetpack_publicize_message":"","jetpack_publicize_feature_enabled":true,"jetpack_social_post_already_shared":true,"jetpack_social_options":{"image_generator_settings":{"template":"highway","default_image_id":0,"enabled":false},"version":2}},"categories":[8,1,2,7,3],"tags":[19,5030,9924,3540,8777,4079,748],"class_list":["post-42841","post","type-post","status-publish","format-image","has-post-thumbnail","hentry","category-deliberando","category-diario-armstrong","category-locales","category-politica","category-region","tag-de","tag-diario-armstrong","tag-diario-armstrong-y-region-2","tag-empleo","tag-lic-graciela-de-la-casa","tag-programas","tag-provinciales","post_format-post-format-image"],"jetpack_publicize_connections":[],"jetpack_featured_media_url":"https:\/\/armstrongyregion.com.ar\/diario\/wp-content\/uploads\/2024\/05\/Cuffia-empleo-1-.jpg","jetpack_shortlink":"https:\/\/wp.me\/p62QDO-b8Z","jetpack_sharing_enabled":true,"amp_enabled":true,"_links":{"self":[{"href":"https:\/\/armstrongyregion.com.ar\/diario\/wp-json\/wp\/v2\/posts\/42841","targetHints":{"allow":["GET"]}}],"collection":[{"href":"https:\/\/armstrongyregion.com.ar\/diario\/wp-json\/wp\/v2\/posts"}],"about":[{"href":"https:\/\/armstrongyregion.com.ar\/diario\/wp-json\/wp\/v2\/types\/post"}],"author":[{"embeddable":true,"href":"https:\/\/armstrongyregion.com.ar\/diario\/wp-json\/wp\/v2\/users\/1"}],"replies":[{"embeddable":true,"href":"https:\/\/armstrongyregion.com.ar\/diario\/wp-json\/wp\/v2\/comments?post=42841"}],"version-history":[{"count":1,"href":"https:\/\/armstrongyregion.com.ar\/diario\/wp-json\/wp\/v2\/posts\/42841\/revisions"}],"predecessor-version":[{"id":42844,"href":"https:\/\/armstrongyregion.com.ar\/diario\/wp-json\/wp\/v2\/posts\/42841\/revisions\/42844"}],"wp:featuredmedia":[{"embeddable":true,"href":"https:\/\/armstrongyregion.com.ar\/diario\/wp-json\/wp\/v2\/media\/42842"}],"wp:attachment":[{"href":"https:\/\/armstrongyregion.com.ar\/diario\/wp-json\/wp\/v2\/media?parent=42841"}],"wp:term":[{"taxonomy":"category","embeddable":true,"href":"https:\/\/armstrongyregion.com.ar\/diario\/wp-json\/wp\/v2\/categories?post=42841"},{"taxonomy":"post_tag","embeddable":true,"href":"https:\/\/armstrongyregion.com.ar\/diario\/wp-json\/wp\/v2\/tags?post=42841"}],"curies":[{"name":"wp","href":"https:\/\/api.w.org\/{rel}","templated":true}]}}