{"id":42836,"date":"2024-05-15T02:19:48","date_gmt":"2024-05-15T02:19:48","guid":{"rendered":"https:\/\/armstrongyregion.com.ar\/diario\/?p=42836"},"modified":"2024-05-15T02:19:51","modified_gmt":"2024-05-15T02:19:51","slug":"la-vicegobernadora-scaglia-recorrio-el-departamento-junto-al-senador-verdecchia","status":"publish","type":"post","link":"https:\/\/armstrongyregion.com.ar\/diario\/la-vicegobernadora-scaglia-recorrio-el-departamento-junto-al-senador-verdecchia\/","title":{"rendered":"La Vicegobernadora Scaglia recorri\u00f3 el departamento junto al Senador Verdecchia."},"content":{"rendered":"\n<figure class=\"wp-block-image size-full\"><a href=\"http:\/\/armstrongyregion.com.ar\/diario\/wp-content\/uploads\/2024\/05\/Verdecchia-Luzzi-Scaglia-.jpg\"><img loading=\"lazy\" decoding=\"async\" width=\"800\" height=\"533\" src=\"http:\/\/armstrongyregion.com.ar\/diario\/wp-content\/uploads\/2024\/05\/Verdecchia-Luzzi-Scaglia-.jpg\" alt=\"\" class=\"wp-image-42837\" srcset=\"https:\/\/armstrongyregion.com.ar\/diario\/wp-content\/uploads\/2024\/05\/Verdecchia-Luzzi-Scaglia-.jpg 800w, https:\/\/armstrongyregion.com.ar\/diario\/wp-content\/uploads\/2024\/05\/Verdecchia-Luzzi-Scaglia--300x200.jpg 300w, https:\/\/armstrongyregion.com.ar\/diario\/wp-content\/uploads\/2024\/05\/Verdecchia-Luzzi-Scaglia--768x512.jpg 768w\" sizes=\"auto, (max-width: 800px) 100vw, 800px\" \/><\/a><\/figure>\n\n\n\n<p>\u00a0En el d\u00eda de hoy Gisela Scaglia visit\u00f3 el departamento, para una recorrida acompa\u00f1ada por el Senador Pablo Verdecchia, quien la recibi\u00f3 junto al Intendente de Armstrong Guillermo Luzzi, donde la homenajearon con la entrega del decreto de Hu\u00e9sped de Honor y el escudo de la ciudad, para luego visitar industrias e interiorizarse sobre su realidad y previsiones para el mercado. <\/p>\n\n\n\n<figure class=\"wp-block-image size-full\"><a href=\"http:\/\/armstrongyregion.com.ar\/diario\/wp-content\/uploads\/2024\/05\/Verdecchia-Ema-Scaglia-.jpg\"><img loading=\"lazy\" decoding=\"async\" width=\"800\" height=\"652\" src=\"http:\/\/armstrongyregion.com.ar\/diario\/wp-content\/uploads\/2024\/05\/Verdecchia-Ema-Scaglia-.jpg\" alt=\"\" class=\"wp-image-42838\" srcset=\"https:\/\/armstrongyregion.com.ar\/diario\/wp-content\/uploads\/2024\/05\/Verdecchia-Ema-Scaglia-.jpg 800w, https:\/\/armstrongyregion.com.ar\/diario\/wp-content\/uploads\/2024\/05\/Verdecchia-Ema-Scaglia--300x245.jpg 300w, https:\/\/armstrongyregion.com.ar\/diario\/wp-content\/uploads\/2024\/05\/Verdecchia-Ema-Scaglia--768x626.jpg 768w\" sizes=\"auto, (max-width: 800px) 100vw, 800px\" \/><\/a><\/figure>\n\n\n\n<p>La recorrida continu\u00f3 por la localidad de Montes de Oca, donde visitaron el Jard\u00edn N200 Espiguitas Doradas, que est\u00e1 a punto de iniciar la obra de un aula en el marco del Plan Abre Escuelas. En esta instancia tambi\u00e9n fueron acompa\u00f1ados por el Presidente Comunal Emanuel Sagripanti.<\/p>\n\n\n\n<figure class=\"wp-block-image size-full\"><a href=\"http:\/\/armstrongyregion.com.ar\/diario\/wp-content\/uploads\/2024\/05\/Verdecchia-Meyer-Scaglia-.jpg\"><img loading=\"lazy\" decoding=\"async\" width=\"720\" height=\"540\" src=\"http:\/\/armstrongyregion.com.ar\/diario\/wp-content\/uploads\/2024\/05\/Verdecchia-Meyer-Scaglia-.jpg\" alt=\"\" class=\"wp-image-42839\" srcset=\"https:\/\/armstrongyregion.com.ar\/diario\/wp-content\/uploads\/2024\/05\/Verdecchia-Meyer-Scaglia-.jpg 720w, https:\/\/armstrongyregion.com.ar\/diario\/wp-content\/uploads\/2024\/05\/Verdecchia-Meyer-Scaglia--300x225.jpg 300w\" sizes=\"auto, (max-width: 720px) 100vw, 720px\" \/><\/a><\/figure>\n\n\n\n<p> Para cierre de la jornada las autoridades llegaron a la localidad de Las Rosas, recibidos por el Intendente Javier Meyer, para la presentaci\u00f3n del programa Empleo J\u00f3ven, junto con industriales y empresarios locales.<\/p>\n\n\n\n<p> Este programa fomenta la creaci\u00f3n del empleo privado en la provincia. Esta visita se da en el marco de la pol\u00edtica territorial del Gobierno Provincial, la cual plantea la presencia y conocimiento de cada rinc\u00f3n de nuestra provincia para trabajar de manera seria y conjunta en la soluci\u00f3n de las diversas problem\u00e1ticas de cada sector y regi\u00f3n.<\/p>\n","protected":false},"excerpt":{"rendered":"<p>La Vicegobernadora Scaglia recorri\u00f3 el departamento junto al Senador Verdecchia.<\/p>\n","protected":false},"author":1,"featured_media":42837,"comment_status":"open","ping_status":"open","sticky":false,"template":"","format":"image","meta":{"_jetpack_memberships_contains_paid_content":false,"footnotes":"","jetpack_publicize_message":"","jetpack_publicize_feature_enabled":true,"jetpack_social_post_already_shared":true,"jetpack_social_options":{"image_generator_settings":{"template":"highway","default_image_id":0,"enabled":false},"version":2}},"categories":[8,1,2,3],"tags":[179,872,5030,9924,16,290,8777,9400,10438,10662],"class_list":["post-42836","post","type-post","status-publish","format-image","has-post-thumbnail","hentry","category-deliberando","category-diario-armstrong","category-locales","category-region","tag-al","tag-departamento","tag-diario-armstrong","tag-diario-armstrong-y-region-2","tag-el","tag-junto","tag-lic-graciela-de-la-casa","tag-scaglia","tag-senador-verdecchia","tag-vicegobernadora","post_format-post-format-image"],"jetpack_publicize_connections":[],"jetpack_featured_media_url":"https:\/\/armstrongyregion.com.ar\/diario\/wp-content\/uploads\/2024\/05\/Verdecchia-Luzzi-Scaglia-.jpg","jetpack_shortlink":"https:\/\/wp.me\/p62QDO-b8U","jetpack_sharing_enabled":true,"amp_enabled":true,"_links":{"self":[{"href":"https:\/\/armstrongyregion.com.ar\/diario\/wp-json\/wp\/v2\/posts\/42836","targetHints":{"allow":["GET"]}}],"collection":[{"href":"https:\/\/armstrongyregion.com.ar\/diario\/wp-json\/wp\/v2\/posts"}],"about":[{"href":"https:\/\/armstrongyregion.com.ar\/diario\/wp-json\/wp\/v2\/types\/post"}],"author":[{"embeddable":true,"href":"https:\/\/armstrongyregion.com.ar\/diario\/wp-json\/wp\/v2\/users\/1"}],"replies":[{"embeddable":true,"href":"https:\/\/armstrongyregion.com.ar\/diario\/wp-json\/wp\/v2\/comments?post=42836"}],"version-history":[{"count":1,"href":"https:\/\/armstrongyregion.com.ar\/diario\/wp-json\/wp\/v2\/posts\/42836\/revisions"}],"predecessor-version":[{"id":42840,"href":"https:\/\/armstrongyregion.com.ar\/diario\/wp-json\/wp\/v2\/posts\/42836\/revisions\/42840"}],"wp:featuredmedia":[{"embeddable":true,"href":"https:\/\/armstrongyregion.com.ar\/diario\/wp-json\/wp\/v2\/media\/42837"}],"wp:attachment":[{"href":"https:\/\/armstrongyregion.com.ar\/diario\/wp-json\/wp\/v2\/media?parent=42836"}],"wp:term":[{"taxonomy":"category","embeddable":true,"href":"https:\/\/armstrongyregion.com.ar\/diario\/wp-json\/wp\/v2\/categories?post=42836"},{"taxonomy":"post_tag","embeddable":true,"href":"https:\/\/armstrongyregion.com.ar\/diario\/wp-json\/wp\/v2\/tags?post=42836"}],"curies":[{"name":"wp","href":"https:\/\/api.w.org\/{rel}","templated":true}]}}