{"id":42832,"date":"2024-05-14T18:00:12","date_gmt":"2024-05-14T18:00:12","guid":{"rendered":"https:\/\/armstrongyregion.com.ar\/diario\/?p=42832"},"modified":"2024-05-14T19:38:19","modified_gmt":"2024-05-14T19:38:19","slug":"42832-2","status":"publish","type":"post","link":"https:\/\/armstrongyregion.com.ar\/diario\/42832-2\/","title":{"rendered":"Jun\u00ed Per\u00e1, la marca de cosm\u00e9tica entrerriana que combina excelencia cient\u00edfica y sustentabilidad ambiental."},"content":{"rendered":"\n<p><\/p>\n\n\n\n<figure class=\"wp-block-image size-large\"><a href=\"http:\/\/armstrongyregion.com.ar\/diario\/wp-content\/uploads\/2024\/05\/foto-emprendedora.jpg\"><img loading=\"lazy\" decoding=\"async\" width=\"682\" height=\"1024\" src=\"http:\/\/armstrongyregion.com.ar\/diario\/wp-content\/uploads\/2024\/05\/foto-emprendedora-682x1024.jpg\" alt=\"\" class=\"wp-image-42833\" srcset=\"https:\/\/armstrongyregion.com.ar\/diario\/wp-content\/uploads\/2024\/05\/foto-emprendedora-682x1024.jpg 682w, https:\/\/armstrongyregion.com.ar\/diario\/wp-content\/uploads\/2024\/05\/foto-emprendedora-200x300.jpg 200w, https:\/\/armstrongyregion.com.ar\/diario\/wp-content\/uploads\/2024\/05\/foto-emprendedora-768x1153.jpg 768w, https:\/\/armstrongyregion.com.ar\/diario\/wp-content\/uploads\/2024\/05\/foto-emprendedora-1023x1536.jpg 1023w, https:\/\/armstrongyregion.com.ar\/diario\/wp-content\/uploads\/2024\/05\/foto-emprendedora.jpg 1066w\" sizes=\"auto, (max-width: 682px) 100vw, 682px\" \/><\/a><\/figure>\n\n\n\n<p>Carolina Kranewitter cre\u00f3 Jun\u00ed Per\u00e1 al integrar sus valores personales con sus conocimientos<br>profesionales como Bioqu\u00edmica. En la b\u00fasqueda de mejorar la calidad de vida de las personas,<br>fund\u00f3 su propia marca de cosm\u00e9tica natural en sinergia con el desarrollo sustentable y la<br>rigurosidad cient\u00edfica.<br>La profesional de 38 a\u00f1os comprendi\u00f3 que para nutrir, hidratar y mejorar la piel, es posible<br>utilizar ingredientes naturales y org\u00e1nicos sin tener que recurrir a componentes sint\u00e9ticos y<br>alterados qu\u00edmicamente. Cuando comenz\u00f3 a desarrollar sus innovadores productos cosm\u00e9ticos,<br>no solo las rutinas de skincare se volvieron m\u00e1s simples y efectivas, sino que adem\u00e1s obtuvo<br>resultados visibles en muy poco tiempo.&nbsp;<br>Desde Valle Mar\u00eda, Entre R\u00edos, Jun\u00ed Per\u00e1 creci\u00f3 a trav\u00e9s del boca en boca, en un contexto donde<br>son cada vez m\u00e1s los que buscan opciones org\u00e1nicas y sustentables para reemplazar sus<br>necesidades diarias.&nbsp;<br>En su primer a\u00f1o en el mercado, la empresa triplic\u00f3 su n\u00famero de Dermo Consultoras y<br>aument\u00f3 un 400% la venta de sus cosm\u00e9ticos.<br>La l\u00ednea de productos puede conseguirse en distintos puntos del pa\u00eds a trav\u00e9s de sus Dermo<br>Consultoras y revendedoras o en su p\u00e1gina web: https:\/\/www.junipera.com.ar\/, donde Carolina<br>ofrece un asesoramiento personalizado para brindar el mejor producto de acuerdo con el tipo<br>de piel de sus clientes y sus necesidades.<br>Sus cosm\u00e9ticos est\u00e1n destinados a un p\u00fablico que ronda los 28 y 65 a\u00f1os. Son multifuncionales,<br>no s\u00f3lo contribuyen a mejorar el cuidado diario de la piel o el cabello, sino que adem\u00e1s sirven<br>para el cuidado de pieles con patolog\u00edas.&nbsp;<br>As\u00ed es como Jun\u00ed Per\u00e1 ofrece una variedad de productos no testeados en animales, donde la<br>ciencia de la naturaleza es aplicada a la piel. \u201cNos ponemos naturalmente en tu piel\u201d, es el lema<br>de la marca creada a imagen y semejanza de su due\u00f1a, donde la transparencia, la \u00e9tica y el<br>cuidado productivo son total prioridad.<\/p>\n\n\n\n<p>Jun\u00ed Per\u00e1 y el medio ambiente son sin\u00f3nimos. \u201cLa naturaleza es nuestro hogar y necesitamos<br>cuidarla. Y como siempre digo, cuidamos lo que valoramos\u201d, remarca la bioqu\u00edmica.&nbsp;<br>Carolina Kranewitter cree profundamente que el concepto de sostenibilidad est\u00e1 lejos de ser<br>una utop\u00eda. \u201cAs\u00ed como en la f\u00e1bula del colibr\u00ed (que es la insignia de su marca), en donde la<br>diminuta ave con su peque\u00f1o pico es capaz de transportar, una y otra vez, una gota de agua<br>para apagar un incendio en la selva, el esp\u00edritu de la marca est\u00e1 en brindar su peque\u00f1o aporte al<br>cuidado del planeta\u201d, concluye la emprendedora.&nbsp;<br>Para m\u00e1s informaci\u00f3n:<br>https:\/\/www.junipera.com.ar\/<br>https:\/\/www.instagram.com\/juni.pera\/<\/p>\n","protected":false},"excerpt":{"rendered":"<p>Jun\u00ed Per\u00e1, la marca de cosm\u00e9tica entrerriana que combina excelencia cient\u00edfica y sustentabilidad ambiental.<\/p>\n","protected":false},"author":1,"featured_media":42833,"comment_status":"open","ping_status":"open","sticky":false,"template":"","format":"image","meta":{"_jetpack_memberships_contains_paid_content":false,"footnotes":"","jetpack_publicize_message":"","jetpack_publicize_feature_enabled":true,"jetpack_social_post_already_shared":true,"jetpack_social_options":{"image_generator_settings":{"template":"highway","default_image_id":0,"enabled":false},"version":2}},"categories":[8,1,2,7,3],"tags":[5030,4186,10660,8777,10661],"class_list":["post-42832","post","type-post","status-publish","format-image","has-post-thumbnail","hentry","category-deliberando","category-diario-armstrong","category-locales","category-politica","category-region","tag-diario-armstrong","tag-emprendedora","tag-juni-pera","tag-lic-graciela-de-la-casa","tag-marca-cosmetica","post_format-post-format-image"],"jetpack_publicize_connections":[],"jetpack_featured_media_url":"https:\/\/armstrongyregion.com.ar\/diario\/wp-content\/uploads\/2024\/05\/foto-emprendedora.jpg","jetpack_shortlink":"https:\/\/wp.me\/p62QDO-b8Q","jetpack_sharing_enabled":true,"amp_enabled":true,"_links":{"self":[{"href":"https:\/\/armstrongyregion.com.ar\/diario\/wp-json\/wp\/v2\/posts\/42832","targetHints":{"allow":["GET"]}}],"collection":[{"href":"https:\/\/armstrongyregion.com.ar\/diario\/wp-json\/wp\/v2\/posts"}],"about":[{"href":"https:\/\/armstrongyregion.com.ar\/diario\/wp-json\/wp\/v2\/types\/post"}],"author":[{"embeddable":true,"href":"https:\/\/armstrongyregion.com.ar\/diario\/wp-json\/wp\/v2\/users\/1"}],"replies":[{"embeddable":true,"href":"https:\/\/armstrongyregion.com.ar\/diario\/wp-json\/wp\/v2\/comments?post=42832"}],"version-history":[{"count":2,"href":"https:\/\/armstrongyregion.com.ar\/diario\/wp-json\/wp\/v2\/posts\/42832\/revisions"}],"predecessor-version":[{"id":42835,"href":"https:\/\/armstrongyregion.com.ar\/diario\/wp-json\/wp\/v2\/posts\/42832\/revisions\/42835"}],"wp:featuredmedia":[{"embeddable":true,"href":"https:\/\/armstrongyregion.com.ar\/diario\/wp-json\/wp\/v2\/media\/42833"}],"wp:attachment":[{"href":"https:\/\/armstrongyregion.com.ar\/diario\/wp-json\/wp\/v2\/media?parent=42832"}],"wp:term":[{"taxonomy":"category","embeddable":true,"href":"https:\/\/armstrongyregion.com.ar\/diario\/wp-json\/wp\/v2\/categories?post=42832"},{"taxonomy":"post_tag","embeddable":true,"href":"https:\/\/armstrongyregion.com.ar\/diario\/wp-json\/wp\/v2\/tags?post=42832"}],"curies":[{"name":"wp","href":"https:\/\/api.w.org\/{rel}","templated":true}]}}