{"id":42801,"date":"2024-05-12T18:11:51","date_gmt":"2024-05-12T18:11:51","guid":{"rendered":"https:\/\/armstrongyregion.com.ar\/diario\/?p=42801"},"modified":"2024-05-12T18:11:55","modified_gmt":"2024-05-12T18:11:55","slug":"emi-gramigna-la-escuela-de-tenis-adaptado-es-la-maxima-expresion-del-trabajo-por-la-inclusion-y-la-igualdad","status":"publish","type":"post","link":"https:\/\/armstrongyregion.com.ar\/diario\/emi-gramigna-la-escuela-de-tenis-adaptado-es-la-maxima-expresion-del-trabajo-por-la-inclusion-y-la-igualdad\/","title":{"rendered":"Emi Gramigna: \u201cLa Escuela de Tenis Adaptado es la m\u00e1xima expresi\u00f3n del trabajo por la inclusi\u00f3n y la igualdad\u201d"},"content":{"rendered":"\n<figure class=\"wp-block-image size-full\"><a href=\"http:\/\/armstrongyregion.com.ar\/diario\/wp-content\/uploads\/2024\/05\/Emi-Gramigna-1-.jpg\"><img loading=\"lazy\" decoding=\"async\" width=\"800\" height=\"473\" src=\"http:\/\/armstrongyregion.com.ar\/diario\/wp-content\/uploads\/2024\/05\/Emi-Gramigna-1-.jpg\" alt=\"\" class=\"wp-image-42802\" srcset=\"https:\/\/armstrongyregion.com.ar\/diario\/wp-content\/uploads\/2024\/05\/Emi-Gramigna-1-.jpg 800w, https:\/\/armstrongyregion.com.ar\/diario\/wp-content\/uploads\/2024\/05\/Emi-Gramigna-1--300x177.jpg 300w, https:\/\/armstrongyregion.com.ar\/diario\/wp-content\/uploads\/2024\/05\/Emi-Gramigna-1--768x454.jpg 768w\" sizes=\"auto, (max-width: 800px) 100vw, 800px\" \/><\/a><\/figure>\n\n\n\n<p>La Escuela de Tenis Adaptado \u00abFacundo Bagnis\u00bb festej\u00f3 su sexto aniversario en Armstrong. Alumnos y compa\u00f1eros de la escuela Las Rosas y la Escuela Especial N\u00b0 2100 \u201cGabriela Brimmer\u201d participaron de la jornada que cont\u00f3 con actividades deportivas, entrega de premios y medallas. <\/p>\n\n\n\n<figure class=\"wp-block-image size-full\"><a href=\"http:\/\/armstrongyregion.com.ar\/diario\/wp-content\/uploads\/2024\/05\/Emi-Gramigna-2-.jpg\"><img loading=\"lazy\" decoding=\"async\" width=\"688\" height=\"615\" src=\"http:\/\/armstrongyregion.com.ar\/diario\/wp-content\/uploads\/2024\/05\/Emi-Gramigna-2-.jpg\" alt=\"\" class=\"wp-image-42804\" srcset=\"https:\/\/armstrongyregion.com.ar\/diario\/wp-content\/uploads\/2024\/05\/Emi-Gramigna-2-.jpg 688w, https:\/\/armstrongyregion.com.ar\/diario\/wp-content\/uploads\/2024\/05\/Emi-Gramigna-2--300x268.jpg 300w\" sizes=\"auto, (max-width: 688px) 100vw, 688px\" \/><\/a><\/figure>\n\n\n\n<p>Emi Graminga particip\u00f3 del encuentro y valor\u00f3 que \u00abes la m\u00e1xima expresi\u00f3n del trabajo por la inclusi\u00f3n y la igualdad\u00bb. Un hermoso clima de emoci\u00f3n y alegr\u00eda generado por el deporte inclusivo en la ciudad. <\/p>\n\n\n\n<figure class=\"wp-block-image size-full\"><a href=\"http:\/\/armstrongyregion.com.ar\/diario\/wp-content\/uploads\/2024\/05\/emi-gramigna-3-.jpg\"><img loading=\"lazy\" decoding=\"async\" width=\"524\" height=\"419\" src=\"http:\/\/armstrongyregion.com.ar\/diario\/wp-content\/uploads\/2024\/05\/emi-gramigna-3-.jpg\" alt=\"\" class=\"wp-image-42805\" srcset=\"https:\/\/armstrongyregion.com.ar\/diario\/wp-content\/uploads\/2024\/05\/emi-gramigna-3-.jpg 524w, https:\/\/armstrongyregion.com.ar\/diario\/wp-content\/uploads\/2024\/05\/emi-gramigna-3--300x240.jpg 300w\" sizes=\"auto, (max-width: 524px) 100vw, 524px\" \/><\/a><\/figure>\n\n\n\n<p>\u201cComo colaboradores e impulsores de la Escuela junto a Jes\u00fas Urqu\u00eda y  un grupo de personas que siempre genera ideas para crecer, nos sentimos orgullosos del gran trabajo que hace la profe Sofia Castro con todos los alumnos y agradecidos con Facu Bagnis y su familia que est\u00e1n en cada detalle para que todo funcione bien\u201d, sostuvo Gramigna.<\/p>\n\n\n\n<p>  \u201cLa Escuela de Tenis Adaptado es la m\u00e1xima expresi\u00f3n del trabajo por la inclusi\u00f3n y la igualdad mediante el deporte, donde no s\u00f3lo se practica una disciplina sino adem\u00e1s se transmiten los valores del respeto, la solidaridad y la integraci\u00f3n\u201d. Finaliz\u00f3.<\/p>\n","protected":false},"excerpt":{"rendered":"<p>Emi Gramigna: \u201cLa Escuela de Tenis Adaptado es la m\u00e1xima expresi\u00f3n del trabajo por la inclusi\u00f3n y la igualdad\u201d<\/p>\n","protected":false},"author":1,"featured_media":42802,"comment_status":"open","ping_status":"open","sticky":false,"template":"","format":"image","meta":{"_jetpack_memberships_contains_paid_content":false,"footnotes":"","jetpack_publicize_message":"","jetpack_publicize_feature_enabled":true,"jetpack_social_post_already_shared":true,"jetpack_social_options":{"image_generator_settings":{"template":"highway","default_image_id":0,"enabled":false},"version":2}},"categories":[8,1,2,7,3],"tags":[53,5030,9924,10617,139,1547,10654,31,10652,8777,60,1066],"class_list":["post-42801","post","type-post","status-publish","format-image","has-post-thumbnail","hentry","category-deliberando","category-diario-armstrong","category-locales","category-politica","category-region","tag-del","tag-diario-armstrong","tag-diario-armstrong-y-region-2","tag-emi-gramigna","tag-es","tag-expresion","tag-inclusion-2","tag-la","tag-la-escuela-de-tenis-adaptado","tag-lic-graciela-de-la-casa","tag-por","tag-trabajo","post_format-post-format-image"],"jetpack_publicize_connections":[],"jetpack_featured_media_url":"https:\/\/armstrongyregion.com.ar\/diario\/wp-content\/uploads\/2024\/05\/Emi-Gramigna-1-.jpg","jetpack_shortlink":"https:\/\/wp.me\/p62QDO-b8l","jetpack_sharing_enabled":true,"amp_enabled":true,"_links":{"self":[{"href":"https:\/\/armstrongyregion.com.ar\/diario\/wp-json\/wp\/v2\/posts\/42801","targetHints":{"allow":["GET"]}}],"collection":[{"href":"https:\/\/armstrongyregion.com.ar\/diario\/wp-json\/wp\/v2\/posts"}],"about":[{"href":"https:\/\/armstrongyregion.com.ar\/diario\/wp-json\/wp\/v2\/types\/post"}],"author":[{"embeddable":true,"href":"https:\/\/armstrongyregion.com.ar\/diario\/wp-json\/wp\/v2\/users\/1"}],"replies":[{"embeddable":true,"href":"https:\/\/armstrongyregion.com.ar\/diario\/wp-json\/wp\/v2\/comments?post=42801"}],"version-history":[{"count":2,"href":"https:\/\/armstrongyregion.com.ar\/diario\/wp-json\/wp\/v2\/posts\/42801\/revisions"}],"predecessor-version":[{"id":42806,"href":"https:\/\/armstrongyregion.com.ar\/diario\/wp-json\/wp\/v2\/posts\/42801\/revisions\/42806"}],"wp:featuredmedia":[{"embeddable":true,"href":"https:\/\/armstrongyregion.com.ar\/diario\/wp-json\/wp\/v2\/media\/42802"}],"wp:attachment":[{"href":"https:\/\/armstrongyregion.com.ar\/diario\/wp-json\/wp\/v2\/media?parent=42801"}],"wp:term":[{"taxonomy":"category","embeddable":true,"href":"https:\/\/armstrongyregion.com.ar\/diario\/wp-json\/wp\/v2\/categories?post=42801"},{"taxonomy":"post_tag","embeddable":true,"href":"https:\/\/armstrongyregion.com.ar\/diario\/wp-json\/wp\/v2\/tags?post=42801"}],"curies":[{"name":"wp","href":"https:\/\/api.w.org\/{rel}","templated":true}]}}