{"id":42780,"date":"2024-05-11T20:44:59","date_gmt":"2024-05-11T20:44:59","guid":{"rendered":"https:\/\/armstrongyregion.com.ar\/diario\/?p=42780"},"modified":"2024-05-12T17:18:51","modified_gmt":"2024-05-12T17:18:51","slug":"facundo-amil-a-esta-gestion-le-falta-amor-desde-mantenimiento-hasta-obras-de-calidad","status":"publish","type":"post","link":"https:\/\/armstrongyregion.com.ar\/diario\/facundo-amil-a-esta-gestion-le-falta-amor-desde-mantenimiento-hasta-obras-de-calidad\/","title":{"rendered":"Facundo Amil: \u00abA esta gesti\u00f3n le falta AMOR, desde mantenimiento, hasta obras de calidad\u00bb"},"content":{"rendered":"\n<figure class=\"wp-block-image size-large\"><a href=\"http:\/\/armstrongyregion.com.ar\/diario\/wp-content\/uploads\/2017\/08\/DSC_0752.jpg\"><img loading=\"lazy\" decoding=\"async\" width=\"1024\" height=\"683\" src=\"http:\/\/armstrongyregion.com.ar\/diario\/wp-content\/uploads\/2017\/08\/DSC_0752-1024x683.jpg\" alt=\"Facundo-Amil-Armstrongyregion-\" class=\"wp-image-14242\" srcset=\"https:\/\/armstrongyregion.com.ar\/diario\/wp-content\/uploads\/2017\/08\/DSC_0752-1024x683.jpg 1024w, https:\/\/armstrongyregion.com.ar\/diario\/wp-content\/uploads\/2017\/08\/DSC_0752-300x200.jpg 300w\" sizes=\"auto, (max-width: 1024px) 100vw, 1024px\" \/><\/a><\/figure>\n\n\n\n<p>&nbsp;\u00abSe perdi\u00f3 la idea de \u201cEl bien com\u00fan\u201d y se prefiere una visi\u00f3n centrada en el beneficio propio, sin importar las consecuencias para la comunidad ni los medios para alcanzar los fines ego\u00edstas, lo que termina llegando inevitablemente a los sectores de dirigencia pol\u00edtica\u00bb. As\u00ed se expresaba Facundo Amil, quien competir\u00e1 como candidato a intendente, en las pr\u00f3ximas elecciones de Armstrong, el 11 de agosto.<\/p>\n\n\n\n<p>\u00abSi bien el problema viene desde hace tiempo, creo que la soluci\u00f3n debe salir del mismo pueblo quien tiene el &#8216;poder&#8217; de optar por nuevos dirigentes con genuina capacidad de liderazgo que permitir\u00e1 a su vez devolver la grandeza de acompa\u00f1ar el crecimiento de la ciudad\u00bb. Finaliz\u00f3 Amil.<\/p>\n","protected":false},"excerpt":{"rendered":"<p>Facundo Amil: \u00abA esta gesti\u00f3n le falta AMOR, desde mantenimiento, hasta obras de calidad\u00bb<\/p>\n","protected":false},"author":1,"featured_media":14242,"comment_status":"open","ping_status":"open","sticky":false,"template":"","format":"image","meta":{"_jetpack_memberships_contains_paid_content":false,"footnotes":"","jetpack_publicize_message":"","jetpack_publicize_feature_enabled":true,"jetpack_social_post_already_shared":true,"jetpack_social_options":{"image_generator_settings":{"template":"highway","default_image_id":0,"enabled":false},"version":2}},"categories":[8,1,2,7,3],"tags":[10206,10651,4608,9515,8777],"class_list":["post-42780","post","type-post","status-publish","format-image","has-post-thumbnail","hentry","category-deliberando","category-diario-armstrong","category-locales","category-politica","category-region","tag-11-de-agosto","tag-candidato-a-intendente","tag-diario-armstrong-y-region","tag-facundo-amil","tag-lic-graciela-de-la-casa","post_format-post-format-image"],"jetpack_publicize_connections":[],"jetpack_featured_media_url":"https:\/\/armstrongyregion.com.ar\/diario\/wp-content\/uploads\/2017\/08\/DSC_0752.jpg","jetpack_shortlink":"https:\/\/wp.me\/p62QDO-b80","jetpack_sharing_enabled":true,"amp_enabled":true,"_links":{"self":[{"href":"https:\/\/armstrongyregion.com.ar\/diario\/wp-json\/wp\/v2\/posts\/42780","targetHints":{"allow":["GET"]}}],"collection":[{"href":"https:\/\/armstrongyregion.com.ar\/diario\/wp-json\/wp\/v2\/posts"}],"about":[{"href":"https:\/\/armstrongyregion.com.ar\/diario\/wp-json\/wp\/v2\/types\/post"}],"author":[{"embeddable":true,"href":"https:\/\/armstrongyregion.com.ar\/diario\/wp-json\/wp\/v2\/users\/1"}],"replies":[{"embeddable":true,"href":"https:\/\/armstrongyregion.com.ar\/diario\/wp-json\/wp\/v2\/comments?post=42780"}],"version-history":[{"count":2,"href":"https:\/\/armstrongyregion.com.ar\/diario\/wp-json\/wp\/v2\/posts\/42780\/revisions"}],"predecessor-version":[{"id":42796,"href":"https:\/\/armstrongyregion.com.ar\/diario\/wp-json\/wp\/v2\/posts\/42780\/revisions\/42796"}],"wp:featuredmedia":[{"embeddable":true,"href":"https:\/\/armstrongyregion.com.ar\/diario\/wp-json\/wp\/v2\/media\/14242"}],"wp:attachment":[{"href":"https:\/\/armstrongyregion.com.ar\/diario\/wp-json\/wp\/v2\/media?parent=42780"}],"wp:term":[{"taxonomy":"category","embeddable":true,"href":"https:\/\/armstrongyregion.com.ar\/diario\/wp-json\/wp\/v2\/categories?post=42780"},{"taxonomy":"post_tag","embeddable":true,"href":"https:\/\/armstrongyregion.com.ar\/diario\/wp-json\/wp\/v2\/tags?post=42780"}],"curies":[{"name":"wp","href":"https:\/\/api.w.org\/{rel}","templated":true}]}}