{"id":42757,"date":"2024-05-09T04:24:57","date_gmt":"2024-05-09T04:24:57","guid":{"rendered":"https:\/\/armstrongyregion.com.ar\/diario\/?p=42757"},"modified":"2024-05-09T04:25:00","modified_gmt":"2024-05-09T04:25:00","slug":"proyecto-sobre-la-creacion-del-espacio-educativo-comunidad-y-ambiente-en-el-paseo-saludable-rene-favaloro","status":"publish","type":"post","link":"https:\/\/armstrongyregion.com.ar\/diario\/proyecto-sobre-la-creacion-del-espacio-educativo-comunidad-y-ambiente-en-el-paseo-saludable-rene-favaloro\/","title":{"rendered":"Proyecto sobre la creaci\u00f3n del espacio educativo, comunidad y ambiente en el paseo saludable Ren\u00e9 Favaloro."},"content":{"rendered":"\n<figure class=\"wp-block-image size-full\"><a href=\"http:\/\/armstrongyregion.com.ar\/diario\/wp-content\/uploads\/2024\/05\/CARLA-REVIGLIONO-5-4-24-.jpg\"><img loading=\"lazy\" decoding=\"async\" width=\"378\" height=\"504\" src=\"http:\/\/armstrongyregion.com.ar\/diario\/wp-content\/uploads\/2024\/05\/CARLA-REVIGLIONO-5-4-24-.jpg\" alt=\"\" class=\"wp-image-42676\" srcset=\"https:\/\/armstrongyregion.com.ar\/diario\/wp-content\/uploads\/2024\/05\/CARLA-REVIGLIONO-5-4-24-.jpg 378w, https:\/\/armstrongyregion.com.ar\/diario\/wp-content\/uploads\/2024\/05\/CARLA-REVIGLIONO-5-4-24--225x300.jpg 225w\" sizes=\"auto, (max-width: 378px) 100vw, 378px\" \/><\/a><\/figure>\n\n\n\n<p>Se aprob\u00f3 el proyecto de ordenanza sobre la creaci\u00f3n del espacio educativo, comunidad y ambiente en el paseo saludable Ren\u00e9 Favaloro, para que tanto la comunidad, alumnos y docentes se apropien y lo puedan recorrer, inform\u00e1ndose y capacit\u00e1ndose sobre las especies arb\u00f3reas que tiene el lugar.<\/p>\n\n\n\n<p> La concejal Carla Revigliono expresaba: \u201cproyectamos implementar a trav\u00e9s de c\u00f3digos QR acceso a la informaci\u00f3n del lugar y a la biodiversidad que tiene nuestro espacio verde. Queremos que desde el ejecutivo municipal se involucre a las \u00e1reas de educaci\u00f3n y de producci\u00f3n generando contenido destinado al conocimiento, creando conciencia del medio ambiente en el que vivimos\u201d.<\/p>\n","protected":false},"excerpt":{"rendered":"<p>Proyecto sobre la creaci\u00f3n del espacio educativo, comunidad y ambiente en el paseo saludable Ren\u00e9 Favaloro.<\/p>\n","protected":false},"author":1,"featured_media":42676,"comment_status":"open","ping_status":"open","sticky":false,"template":"","format":"image","meta":{"_jetpack_memberships_contains_paid_content":false,"footnotes":"","jetpack_publicize_message":"","jetpack_publicize_feature_enabled":true,"jetpack_social_post_already_shared":true,"jetpack_social_options":{"image_generator_settings":{"template":"highway","default_image_id":0,"enabled":false},"version":2}},"categories":[8,1,2,7,3],"tags":[2032,19,5030,9924,10648,8777,10616,639,10649,118],"class_list":["post-42757","post","type-post","status-publish","format-image","has-post-thumbnail","hentry","category-deliberando","category-diario-armstrong","category-locales","category-politica","category-region","tag-creacion","tag-de","tag-diario-armstrong","tag-diario-armstrong-y-region-2","tag-espacio-educativo","tag-lic-graciela-de-la-casa","tag-paseo-saludable","tag-proyecto","tag-rene-favaloro","tag-sobre","post_format-post-format-image"],"jetpack_publicize_connections":[],"jetpack_featured_media_url":"https:\/\/armstrongyregion.com.ar\/diario\/wp-content\/uploads\/2024\/05\/CARLA-REVIGLIONO-5-4-24-.jpg","jetpack_shortlink":"https:\/\/wp.me\/p62QDO-b7D","jetpack_sharing_enabled":true,"amp_enabled":true,"_links":{"self":[{"href":"https:\/\/armstrongyregion.com.ar\/diario\/wp-json\/wp\/v2\/posts\/42757","targetHints":{"allow":["GET"]}}],"collection":[{"href":"https:\/\/armstrongyregion.com.ar\/diario\/wp-json\/wp\/v2\/posts"}],"about":[{"href":"https:\/\/armstrongyregion.com.ar\/diario\/wp-json\/wp\/v2\/types\/post"}],"author":[{"embeddable":true,"href":"https:\/\/armstrongyregion.com.ar\/diario\/wp-json\/wp\/v2\/users\/1"}],"replies":[{"embeddable":true,"href":"https:\/\/armstrongyregion.com.ar\/diario\/wp-json\/wp\/v2\/comments?post=42757"}],"version-history":[{"count":1,"href":"https:\/\/armstrongyregion.com.ar\/diario\/wp-json\/wp\/v2\/posts\/42757\/revisions"}],"predecessor-version":[{"id":42758,"href":"https:\/\/armstrongyregion.com.ar\/diario\/wp-json\/wp\/v2\/posts\/42757\/revisions\/42758"}],"wp:featuredmedia":[{"embeddable":true,"href":"https:\/\/armstrongyregion.com.ar\/diario\/wp-json\/wp\/v2\/media\/42676"}],"wp:attachment":[{"href":"https:\/\/armstrongyregion.com.ar\/diario\/wp-json\/wp\/v2\/media?parent=42757"}],"wp:term":[{"taxonomy":"category","embeddable":true,"href":"https:\/\/armstrongyregion.com.ar\/diario\/wp-json\/wp\/v2\/categories?post=42757"},{"taxonomy":"post_tag","embeddable":true,"href":"https:\/\/armstrongyregion.com.ar\/diario\/wp-json\/wp\/v2\/tags?post=42757"}],"curies":[{"name":"wp","href":"https:\/\/api.w.org\/{rel}","templated":true}]}}