{"id":42738,"date":"2024-05-08T20:46:30","date_gmt":"2024-05-08T20:46:30","guid":{"rendered":"https:\/\/armstrongyregion.com.ar\/diario\/?p=42738"},"modified":"2024-05-08T21:26:57","modified_gmt":"2024-05-08T21:26:57","slug":"luz-fischer-se-aprobo-el-consejo-consultivo-ciudadano","status":"publish","type":"post","link":"https:\/\/armstrongyregion.com.ar\/diario\/luz-fischer-se-aprobo-el-consejo-consultivo-ciudadano\/","title":{"rendered":"Luz Fischer :\u201dSe aprob\u00f3 el Consejo Consultivo Ciudadano\u201d"},"content":{"rendered":"\n<figure class=\"wp-block-image size-full\"><a href=\"http:\/\/armstrongyregion.com.ar\/diario\/wp-content\/uploads\/2024\/05\/Luz-Marina-Fischer-8-5-24.jpg\"><img loading=\"lazy\" decoding=\"async\" width=\"756\" height=\"936\" src=\"http:\/\/armstrongyregion.com.ar\/diario\/wp-content\/uploads\/2024\/05\/Luz-Marina-Fischer-8-5-24.jpg\" alt=\"\" class=\"wp-image-42739\" srcset=\"https:\/\/armstrongyregion.com.ar\/diario\/wp-content\/uploads\/2024\/05\/Luz-Marina-Fischer-8-5-24.jpg 756w, https:\/\/armstrongyregion.com.ar\/diario\/wp-content\/uploads\/2024\/05\/Luz-Marina-Fischer-8-5-24-242x300.jpg 242w\" sizes=\"auto, (max-width: 756px) 100vw, 756px\" \/><\/a><\/figure>\n\n\n\n<p>La concejal Luz Marina Fischer, al t\u00e9rmino de la sesi\u00f3n ordinaria, en di\u00e1logo con los medios locales expresaba: \u201cEn la noche de hoy, se aprobaron dos proyectos de ordenanzas, uno de mi autor\u00eda que ya lo hab\u00edamos presentado junto a Augusto Fischer en octubre del 2023. Tiene que ver con la creaci\u00f3n del Consejo Consultivo Ciudadano,  para la evaluaci\u00f3n y declaraci\u00f3n del patrimonio natural y cultural de Armstrong\u201d. <\/p>\n\n\n\n<p>\u201cEste Consejo Consultivo Ciudadano, se crea para la identificaci\u00f3n o evaluaci\u00f3n del Patrimonio Natural, Cultural, Arquitect\u00f3nico y Ambiental de Armstrong, con el objetivo de declarar Patrimonio de la Comunidad a todo lo que forma parte de nuestra identidad, para conocerlo, ponerlo en valor, difundirlo y preservarlo\u201d. Explicaba Fischer. <\/p>\n\n\n\n<p>Luego a\u00f1adi\u00f3: \u201cEstar\u00e1 integrado por representantes del Departamento Ejecutivo Municipal, Concejales de todos los Bloques, ciudadanos id\u00f3neos e interesados en la tem\u00e1tica. Su sede ser\u00e1 el Concejo Deliberante de Armstrong. Pueden declararse Patrimonio de la comunidad las cosas \u201cTANGIBLES\u201d (edificios, documentos hist\u00f3ricos, escritos, fotogr\u00e1ficos, objetos, obras de arte, herramientas) e \u201cINTANGIBLES\u201d (h\u00e1bitos, costumbres, pr\u00e1cticas, celebraciones, actos, religiosos, tradicionales o populares, de la comunidad). Para brindar una efectiva protecci\u00f3n a los elementos que forman parte de la propia identidad de nuestra comunidad, esta ordenanza, act\u00faa como un marco ordenador, siendo una herramienta concreta de regulaci\u00f3n, motivaci\u00f3n y control\u201d. <\/p>\n\n\n\n<p>Dicha ordenanza se cre\u00f3 para: <\/p>\n\n\n\n<p>&#8211; Aprender de nuestro pasado.<\/p>\n\n\n\n<p> &#8211; Mantener viva nuestra identidad. <\/p>\n\n\n\n<p>&#8211; Generar conciencia comunitaria sobre la necesidad de cuidar y defender las diversas riquezas y valores que constituyen el patrimonio de la ciudad.<\/p>\n","protected":false},"excerpt":{"rendered":"<p>Luz Fischer :\u201dSe aprob\u00f3 el Consejo Consultivo Ciudadano\u201d<\/p>\n","protected":false},"author":1,"featured_media":42739,"comment_status":"open","ping_status":"open","sticky":false,"template":"","format":"image","meta":{"_jetpack_memberships_contains_paid_content":false,"footnotes":"","jetpack_publicize_message":"","jetpack_publicize_feature_enabled":true,"jetpack_social_post_already_shared":true,"jetpack_social_options":{"image_generator_settings":{"template":"highway","default_image_id":0,"enabled":false},"version":2}},"categories":[8,1,2,7,3],"tags":[2460,10644,10645,19,5030,4608,8777,9262,9870,86],"class_list":["post-42738","post","type-post","status-publish","format-image","has-post-thumbnail","hentry","category-deliberando","category-diario-armstrong","category-locales","category-politica","category-region","tag-aprobo","tag-concejo-ciudadano","tag-consultivo","tag-de","tag-diario-armstrong","tag-diario-armstrong-y-region","tag-lic-graciela-de-la-casa","tag-luz-marina-fischer","tag-ordenanza-2","tag-se","post_format-post-format-image"],"jetpack_publicize_connections":[],"jetpack_featured_media_url":"https:\/\/armstrongyregion.com.ar\/diario\/wp-content\/uploads\/2024\/05\/Luz-Marina-Fischer-8-5-24.jpg","jetpack_shortlink":"https:\/\/wp.me\/p62QDO-b7k","jetpack_sharing_enabled":true,"amp_enabled":true,"_links":{"self":[{"href":"https:\/\/armstrongyregion.com.ar\/diario\/wp-json\/wp\/v2\/posts\/42738","targetHints":{"allow":["GET"]}}],"collection":[{"href":"https:\/\/armstrongyregion.com.ar\/diario\/wp-json\/wp\/v2\/posts"}],"about":[{"href":"https:\/\/armstrongyregion.com.ar\/diario\/wp-json\/wp\/v2\/types\/post"}],"author":[{"embeddable":true,"href":"https:\/\/armstrongyregion.com.ar\/diario\/wp-json\/wp\/v2\/users\/1"}],"replies":[{"embeddable":true,"href":"https:\/\/armstrongyregion.com.ar\/diario\/wp-json\/wp\/v2\/comments?post=42738"}],"version-history":[{"count":4,"href":"https:\/\/armstrongyregion.com.ar\/diario\/wp-json\/wp\/v2\/posts\/42738\/revisions"}],"predecessor-version":[{"id":42748,"href":"https:\/\/armstrongyregion.com.ar\/diario\/wp-json\/wp\/v2\/posts\/42738\/revisions\/42748"}],"wp:featuredmedia":[{"embeddable":true,"href":"https:\/\/armstrongyregion.com.ar\/diario\/wp-json\/wp\/v2\/media\/42739"}],"wp:attachment":[{"href":"https:\/\/armstrongyregion.com.ar\/diario\/wp-json\/wp\/v2\/media?parent=42738"}],"wp:term":[{"taxonomy":"category","embeddable":true,"href":"https:\/\/armstrongyregion.com.ar\/diario\/wp-json\/wp\/v2\/categories?post=42738"},{"taxonomy":"post_tag","embeddable":true,"href":"https:\/\/armstrongyregion.com.ar\/diario\/wp-json\/wp\/v2\/tags?post=42738"}],"curies":[{"name":"wp","href":"https:\/\/api.w.org\/{rel}","templated":true}]}}