{"id":42735,"date":"2024-05-08T19:17:40","date_gmt":"2024-05-08T19:17:40","guid":{"rendered":"https:\/\/armstrongyregion.com.ar\/diario\/?p=42735"},"modified":"2024-05-08T19:48:02","modified_gmt":"2024-05-08T19:48:02","slug":"gramigna-es-vital-y-necesario-que-la-ruta-178-este-iluminada","status":"publish","type":"post","link":"https:\/\/armstrongyregion.com.ar\/diario\/gramigna-es-vital-y-necesario-que-la-ruta-178-este-iluminada\/","title":{"rendered":"Gramigna: \u201cEs vital y necesario que la Ruta 178 este iluminada\u201d."},"content":{"rendered":"\n<figure class=\"wp-block-image size-full\"><a href=\"http:\/\/armstrongyregion.com.ar\/diario\/wp-content\/uploads\/2024\/05\/Emiliano-Gramigna-mayo-24-.jpg\"><img loading=\"lazy\" decoding=\"async\" width=\"640\" height=\"427\" src=\"http:\/\/armstrongyregion.com.ar\/diario\/wp-content\/uploads\/2024\/05\/Emiliano-Gramigna-mayo-24-.jpg\" alt=\"\" class=\"wp-image-42673\" srcset=\"https:\/\/armstrongyregion.com.ar\/diario\/wp-content\/uploads\/2024\/05\/Emiliano-Gramigna-mayo-24-.jpg 640w, https:\/\/armstrongyregion.com.ar\/diario\/wp-content\/uploads\/2024\/05\/Emiliano-Gramigna-mayo-24--300x200.jpg 300w\" sizes=\"auto, (max-width: 640px) 100vw, 640px\" \/><\/a><\/figure>\n\n\n\n<p>As\u00ed se expresaba Emiliano Gramigna, con respecto a la minuta presentada por su bloque. La misma se trata de realizar un pedido a vialidad nacional por iluminaci\u00f3n en el puente que pasa sobre las v\u00edas f\u00e9rreas y que conduce desde la ruta hasta la autopista. <\/p>\n\n\n\n<p>El edil expresaba: \u201c Este es un lugar concurrido por much\u00edsima gente y tambi\u00e9n se utiliza para ir al cementerio de Armstrong por dicha ruta debido a que su camino directo esta en muy mal estado\u00bb. <\/p>\n\n\n\n<p>Luego remarc\u00f3: \u00abNuestra minuta tiene la finalidad de poder evitar accidentes teniendo en cuenta que los d\u00edas se acortan, en menos de un mes llega Agroactiva y a sabiendas de que luego de las cosechas el movimiento de veh\u00edculos de todo porte es muy grande; sumado a la peligrosidad que implica el hecho de que tenemos cada vez m\u00e1s veh\u00edculos sobre la ruta por lo tiempos en los que estamos viviendo\u00bb&#8230;<\/p>\n\n\n\n<p>Gramigna finaliz\u00f3: \u00abPor ello, solicitamos que desde el Ejecutivo se le pida a vialidad nacional la iluminaci\u00f3n del puente, a su vez tambi\u00e9n lo haremos desde el Concejo e instaremos a  los municipios, comunas y concejos  de la regi\u00f3n para que se sumen en este reclamo, porque es vital y necesario que la Ruta 178 este iluminada\u00bb.<\/p>\n","protected":false},"excerpt":{"rendered":"<p>Gramigna: \u201cEs vital y necesario que la Ruta 178 este iluminada\u201d.<\/p>\n","protected":false},"author":1,"featured_media":42673,"comment_status":"open","ping_status":"open","sticky":false,"template":"","format":"image","meta":{"_jetpack_memberships_contains_paid_content":false,"footnotes":"","jetpack_publicize_message":"","jetpack_publicize_feature_enabled":true,"jetpack_social_post_already_shared":true,"jetpack_social_options":{"image_generator_settings":{"template":"highway","default_image_id":0,"enabled":false},"version":2}},"categories":[8,1,2,7,3],"tags":[5030,9924,139,10643,979,31,8777,2060,9182,10642,13],"class_list":["post-42735","post","type-post","status-publish","format-image","has-post-thumbnail","hentry","category-deliberando","category-diario-armstrong","category-locales","category-politica","category-region","tag-diario-armstrong","tag-diario-armstrong-y-region-2","tag-es","tag-este-iluminada","tag-gramigna","tag-la","tag-lic-graciela-de-la-casa","tag-necesario","tag-ruta-178","tag-vital-2","tag-y","post_format-post-format-image"],"jetpack_publicize_connections":[],"jetpack_featured_media_url":"https:\/\/armstrongyregion.com.ar\/diario\/wp-content\/uploads\/2024\/05\/Emiliano-Gramigna-mayo-24-.jpg","jetpack_shortlink":"https:\/\/wp.me\/p62QDO-b7h","jetpack_sharing_enabled":true,"amp_enabled":true,"_links":{"self":[{"href":"https:\/\/armstrongyregion.com.ar\/diario\/wp-json\/wp\/v2\/posts\/42735","targetHints":{"allow":["GET"]}}],"collection":[{"href":"https:\/\/armstrongyregion.com.ar\/diario\/wp-json\/wp\/v2\/posts"}],"about":[{"href":"https:\/\/armstrongyregion.com.ar\/diario\/wp-json\/wp\/v2\/types\/post"}],"author":[{"embeddable":true,"href":"https:\/\/armstrongyregion.com.ar\/diario\/wp-json\/wp\/v2\/users\/1"}],"replies":[{"embeddable":true,"href":"https:\/\/armstrongyregion.com.ar\/diario\/wp-json\/wp\/v2\/comments?post=42735"}],"version-history":[{"count":2,"href":"https:\/\/armstrongyregion.com.ar\/diario\/wp-json\/wp\/v2\/posts\/42735\/revisions"}],"predecessor-version":[{"id":42737,"href":"https:\/\/armstrongyregion.com.ar\/diario\/wp-json\/wp\/v2\/posts\/42735\/revisions\/42737"}],"wp:featuredmedia":[{"embeddable":true,"href":"https:\/\/armstrongyregion.com.ar\/diario\/wp-json\/wp\/v2\/media\/42673"}],"wp:attachment":[{"href":"https:\/\/armstrongyregion.com.ar\/diario\/wp-json\/wp\/v2\/media?parent=42735"}],"wp:term":[{"taxonomy":"category","embeddable":true,"href":"https:\/\/armstrongyregion.com.ar\/diario\/wp-json\/wp\/v2\/categories?post=42735"},{"taxonomy":"post_tag","embeddable":true,"href":"https:\/\/armstrongyregion.com.ar\/diario\/wp-json\/wp\/v2\/tags?post=42735"}],"curies":[{"name":"wp","href":"https:\/\/api.w.org\/{rel}","templated":true}]}}