{"id":42732,"date":"2024-05-08T18:45:52","date_gmt":"2024-05-08T18:45:52","guid":{"rendered":"https:\/\/armstrongyregion.com.ar\/diario\/?p=42732"},"modified":"2024-05-08T18:45:54","modified_gmt":"2024-05-08T18:45:54","slug":"se-celebrara-el-6-aniversario-de-la-escuela-de-tenis-adaptado","status":"publish","type":"post","link":"https:\/\/armstrongyregion.com.ar\/diario\/se-celebrara-el-6-aniversario-de-la-escuela-de-tenis-adaptado\/","title":{"rendered":"Se celebrar\u00e1 el 6\u00b0 Aniversario de la Escuela de Tenis Adaptado."},"content":{"rendered":"\n<figure class=\"wp-block-image size-full\"><a href=\"http:\/\/armstrongyregion.com.ar\/diario\/wp-content\/uploads\/2024\/05\/Jesus-Urquia-8-5-24.jpg\"><img loading=\"lazy\" decoding=\"async\" width=\"378\" height=\"504\" src=\"http:\/\/armstrongyregion.com.ar\/diario\/wp-content\/uploads\/2024\/05\/Jesus-Urquia-8-5-24.jpg\" alt=\"\" class=\"wp-image-42733\" srcset=\"https:\/\/armstrongyregion.com.ar\/diario\/wp-content\/uploads\/2024\/05\/Jesus-Urquia-8-5-24.jpg 378w, https:\/\/armstrongyregion.com.ar\/diario\/wp-content\/uploads\/2024\/05\/Jesus-Urquia-8-5-24-225x300.jpg 225w\" sizes=\"auto, (max-width: 378px) 100vw, 378px\" \/><\/a><\/figure>\n\n\n\n<p>El Concejal Jes\u00fas Urqu\u00eda, se expres\u00f3 sobre el tema: \u201cNos llena de orgullo poder ser parte de dicho proyecto, en sus inicios se sum\u00f3 un grande de nuestra ciudad como lo es Facu Bagnis, el deporte une a los chicos y la capacidad de liderazgo la tiene su profesora Sofia Castro, hay much\u00edsimo por agradecer como el acompa\u00f1amiento de la comunidad y de los padres\u201d.<\/p>\n\n\n\n<p>Urqu\u00eda a\u00f1adi\u00f3: \u201cPara este festejo que se realizar\u00e1 el pr\u00f3ximo viernes en el Club Atl\u00e9tico Defensores, colabor\u00f3 el Senador Pablo Verdecchia y gracias a su aporte econ\u00f3mico podremos contar con la presencia de los chicos de la escuela de tenis de Las Rosas, a las empresas Crucianelli; a Erca, a Facu Bagnis quien siempre nos hace llegar para estos eventos prendas, mu\u00f1equeras, para los alumnos. Esperemos que sea un lindo d\u00eda as\u00ed nuestros peque\u00f1os puedan disfrutar de un rico chocolate y la torta del 6to Aniversario\u201d.<\/p>\n\n\n\n<p>El concejal tambi\u00e9n agradeci\u00f3 al Club Defensores, ya que desde su dirigencia le dijeron s\u00ed desde el minuto cero para que la escuela de tenis adaptado pueda funcionar en dichas instalaciones.<\/p>\n","protected":false},"excerpt":{"rendered":"<p>Se celebrar\u00e1 el 6\u00b0 Aniversario de la Escuela de Tenis Adaptado.<\/p>\n","protected":false},"author":1,"featured_media":42733,"comment_status":"open","ping_status":"open","sticky":false,"template":"","format":"image","meta":{"_jetpack_memberships_contains_paid_content":false,"footnotes":"","jetpack_publicize_message":"","jetpack_publicize_feature_enabled":true,"jetpack_social_post_already_shared":true,"jetpack_social_options":{"image_generator_settings":{"template":"highway","default_image_id":0,"enabled":false},"version":2}},"categories":[1,2,3],"tags":[10639,10638,10641,744,31,86],"class_list":["post-42732","post","type-post","status-publish","format-image","has-post-thumbnail","hentry","category-diario-armstrong","category-locales","category-region","tag-6to-aniversario","tag-celebrara-el","tag-de-tenis-adaptado","tag-escuela","tag-la","tag-se","post_format-post-format-image"],"jetpack_publicize_connections":[],"jetpack_featured_media_url":"https:\/\/armstrongyregion.com.ar\/diario\/wp-content\/uploads\/2024\/05\/Jesus-Urquia-8-5-24.jpg","jetpack_shortlink":"https:\/\/wp.me\/p62QDO-b7e","jetpack_sharing_enabled":true,"amp_enabled":true,"_links":{"self":[{"href":"https:\/\/armstrongyregion.com.ar\/diario\/wp-json\/wp\/v2\/posts\/42732","targetHints":{"allow":["GET"]}}],"collection":[{"href":"https:\/\/armstrongyregion.com.ar\/diario\/wp-json\/wp\/v2\/posts"}],"about":[{"href":"https:\/\/armstrongyregion.com.ar\/diario\/wp-json\/wp\/v2\/types\/post"}],"author":[{"embeddable":true,"href":"https:\/\/armstrongyregion.com.ar\/diario\/wp-json\/wp\/v2\/users\/1"}],"replies":[{"embeddable":true,"href":"https:\/\/armstrongyregion.com.ar\/diario\/wp-json\/wp\/v2\/comments?post=42732"}],"version-history":[{"count":1,"href":"https:\/\/armstrongyregion.com.ar\/diario\/wp-json\/wp\/v2\/posts\/42732\/revisions"}],"predecessor-version":[{"id":42734,"href":"https:\/\/armstrongyregion.com.ar\/diario\/wp-json\/wp\/v2\/posts\/42732\/revisions\/42734"}],"wp:featuredmedia":[{"embeddable":true,"href":"https:\/\/armstrongyregion.com.ar\/diario\/wp-json\/wp\/v2\/media\/42733"}],"wp:attachment":[{"href":"https:\/\/armstrongyregion.com.ar\/diario\/wp-json\/wp\/v2\/media?parent=42732"}],"wp:term":[{"taxonomy":"category","embeddable":true,"href":"https:\/\/armstrongyregion.com.ar\/diario\/wp-json\/wp\/v2\/categories?post=42732"},{"taxonomy":"post_tag","embeddable":true,"href":"https:\/\/armstrongyregion.com.ar\/diario\/wp-json\/wp\/v2\/tags?post=42732"}],"curies":[{"name":"wp","href":"https:\/\/api.w.org\/{rel}","templated":true}]}}