{"id":42720,"date":"2024-05-07T02:00:15","date_gmt":"2024-05-07T02:00:15","guid":{"rendered":"https:\/\/armstrongyregion.com.ar\/diario\/?p=42720"},"modified":"2024-05-07T02:00:19","modified_gmt":"2024-05-07T02:00:19","slug":"gramigna-el-radar-no-tiene-que-tener-una-funcion-recaudatoria-sino-de-regular-la-velocidad-para-evitar-siniestros-viales","status":"publish","type":"post","link":"https:\/\/armstrongyregion.com.ar\/diario\/gramigna-el-radar-no-tiene-que-tener-una-funcion-recaudatoria-sino-de-regular-la-velocidad-para-evitar-siniestros-viales\/","title":{"rendered":"Gramigna: \u201cEl radar no tiene que tener una funci\u00f3n recaudatoria sino de regular la velocidad para evitar siniestros viales\u201d"},"content":{"rendered":"\n<figure class=\"wp-block-image size-full\"><a href=\"http:\/\/armstrongyregion.com.ar\/diario\/wp-content\/uploads\/2024\/05\/Emiliano-Gramigna-mayo-24-.jpg\"><img loading=\"lazy\" decoding=\"async\" width=\"640\" height=\"427\" src=\"http:\/\/armstrongyregion.com.ar\/diario\/wp-content\/uploads\/2024\/05\/Emiliano-Gramigna-mayo-24-.jpg\" alt=\"\" class=\"wp-image-42673\" srcset=\"https:\/\/armstrongyregion.com.ar\/diario\/wp-content\/uploads\/2024\/05\/Emiliano-Gramigna-mayo-24-.jpg 640w, https:\/\/armstrongyregion.com.ar\/diario\/wp-content\/uploads\/2024\/05\/Emiliano-Gramigna-mayo-24--300x200.jpg 300w\" sizes=\"auto, (max-width: 640px) 100vw, 640px\" \/><\/a><\/figure>\n\n\n\n<h2 class=\"wp-block-heading\">As\u00ed se expresaba el concejal Emiliano Gramigna, cuando present\u00f3 desde su bloque, el pasado martes una minuta de comunicaci\u00f3n donde solicitan la colocaci\u00f3n de carteler\u00eda para la se\u00f1alizaci\u00f3n de los radares ubicados en la Ruta Nacional N\u00ba 9 .<\/h2>\n\n\n\n<p>Gramigna dec\u00eda: \u201cLa funci\u00f3n tiene que ser la disminuci\u00f3n de  velocidad para evitar siniestros viales y hoy no se est\u00e1 cumpliendo, en realidad tiene solamente un fin recaudatorio porque la persona no advierte que hay un radar, se entera reci\u00e9n cuando llega la multa\u201d. <\/p>\n\n\n\n<p>\u201cLos radares est\u00e1n en los extremos este y oeste de la ciudad por Ruta 9, donde hay much\u00edsimo tr\u00e1nsito de veh\u00edculos y camiones, solicitamos al municipio la colocaci\u00f3n de la carteler\u00eda correspondiente para la disminuci\u00f3n de la velocidad y as\u00ed evitar cualquier tipo de accidente, advirtiendo tambi\u00e9n la existencia de los detectores de velocidad a trav\u00e9s de dicha se\u00f1al\u00e9tica\u201d. A\u00f1adi\u00f3 el edil.<\/p>\n","protected":false},"excerpt":{"rendered":"<p>Gramigna: \u201cEl radar no tiene que tener una funci\u00f3n recaudatoria sino de regular la velocidad para evitar siniestros viales\u201d<\/p>\n","protected":false},"author":1,"featured_media":42673,"comment_status":"open","ping_status":"open","sticky":false,"template":"","format":"image","meta":{"_jetpack_memberships_contains_paid_content":false,"footnotes":"","jetpack_publicize_message":"","jetpack_publicize_feature_enabled":true,"jetpack_social_post_already_shared":true,"jetpack_social_options":{"image_generator_settings":{"template":"highway","default_image_id":0,"enabled":false},"version":2}},"categories":[8,1,2,7,3],"tags":[9924,16,1294,979,8777,10631,96,108,10632,591,3017,192],"class_list":["post-42720","post","type-post","status-publish","format-image","has-post-thumbnail","hentry","category-deliberando","category-diario-armstrong","category-locales","category-politica","category-region","tag-diario-armstrong-y-region-2","tag-el","tag-fin","tag-gramigna","tag-lic-graciela-de-la-casa","tag-meramente","tag-no","tag-que","tag-recaudatorio","tag-tener","tag-tiene","tag-un","post_format-post-format-image"],"jetpack_publicize_connections":[],"jetpack_featured_media_url":"https:\/\/armstrongyregion.com.ar\/diario\/wp-content\/uploads\/2024\/05\/Emiliano-Gramigna-mayo-24-.jpg","jetpack_shortlink":"https:\/\/wp.me\/p62QDO-b72","jetpack_sharing_enabled":true,"amp_enabled":true,"_links":{"self":[{"href":"https:\/\/armstrongyregion.com.ar\/diario\/wp-json\/wp\/v2\/posts\/42720","targetHints":{"allow":["GET"]}}],"collection":[{"href":"https:\/\/armstrongyregion.com.ar\/diario\/wp-json\/wp\/v2\/posts"}],"about":[{"href":"https:\/\/armstrongyregion.com.ar\/diario\/wp-json\/wp\/v2\/types\/post"}],"author":[{"embeddable":true,"href":"https:\/\/armstrongyregion.com.ar\/diario\/wp-json\/wp\/v2\/users\/1"}],"replies":[{"embeddable":true,"href":"https:\/\/armstrongyregion.com.ar\/diario\/wp-json\/wp\/v2\/comments?post=42720"}],"version-history":[{"count":1,"href":"https:\/\/armstrongyregion.com.ar\/diario\/wp-json\/wp\/v2\/posts\/42720\/revisions"}],"predecessor-version":[{"id":42721,"href":"https:\/\/armstrongyregion.com.ar\/diario\/wp-json\/wp\/v2\/posts\/42720\/revisions\/42721"}],"wp:featuredmedia":[{"embeddable":true,"href":"https:\/\/armstrongyregion.com.ar\/diario\/wp-json\/wp\/v2\/media\/42673"}],"wp:attachment":[{"href":"https:\/\/armstrongyregion.com.ar\/diario\/wp-json\/wp\/v2\/media?parent=42720"}],"wp:term":[{"taxonomy":"category","embeddable":true,"href":"https:\/\/armstrongyregion.com.ar\/diario\/wp-json\/wp\/v2\/categories?post=42720"},{"taxonomy":"post_tag","embeddable":true,"href":"https:\/\/armstrongyregion.com.ar\/diario\/wp-json\/wp\/v2\/tags?post=42720"}],"curies":[{"name":"wp","href":"https:\/\/api.w.org\/{rel}","templated":true}]}}