{"id":42717,"date":"2024-05-06T21:59:15","date_gmt":"2024-05-06T21:59:15","guid":{"rendered":"https:\/\/armstrongyregion.com.ar\/diario\/?p=42717"},"modified":"2024-05-06T21:59:17","modified_gmt":"2024-05-06T21:59:17","slug":"pullaro-santa-fe-es-la-provincia-mas-productiva-de-argentina","status":"publish","type":"post","link":"https:\/\/armstrongyregion.com.ar\/diario\/pullaro-santa-fe-es-la-provincia-mas-productiva-de-argentina\/","title":{"rendered":"Pullaro: \u201cSanta Fe es la provincia m\u00e1s productiva de Argentina\u201d"},"content":{"rendered":"\n<figure class=\"wp-block-image size-full\"><a href=\"http:\/\/armstrongyregion.com.ar\/diario\/wp-content\/uploads\/2024\/05\/PULLARO-SINERGIA-6-5-24.jpg\"><img loading=\"lazy\" decoding=\"async\" width=\"640\" height=\"427\" src=\"http:\/\/armstrongyregion.com.ar\/diario\/wp-content\/uploads\/2024\/05\/PULLARO-SINERGIA-6-5-24.jpg\" alt=\"\" class=\"wp-image-42718\" srcset=\"https:\/\/armstrongyregion.com.ar\/diario\/wp-content\/uploads\/2024\/05\/PULLARO-SINERGIA-6-5-24.jpg 640w, https:\/\/armstrongyregion.com.ar\/diario\/wp-content\/uploads\/2024\/05\/PULLARO-SINERGIA-6-5-24-300x200.jpg 300w\" sizes=\"auto, (max-width: 640px) 100vw, 640px\" \/><\/a><\/figure>\n\n\n\n<h2 class=\"wp-block-heading\">El Gobernador y el ministro de Desarrollo Productivo, Gustavo Puccini, presentaron este lunes en Rosario el programa Sinergia, una propuesta integral de apoyo para emprendimientos santafesinos.<\/h2>\n\n\n\n<p>Con el objetivo acompa\u00f1ar el crecimiento de las cooperativas, mutuales, microempresas y emprendimientos productivos e innovadores de la provincia, el gobernador Maximiliano Pullaro y el ministro de Desarrollo Productivo, Gustavo Puccini, presentaron en Rosario el programa Sinergia. La iniciativa es una propuesta integral de apoyo para emprendimientos santafesinos impulsando su creaci\u00f3n, desarrollo, impulso y sostenimiento a lo largo de sus diferentes estad\u00edas.&nbsp;<\/p>\n\n\n\n<p>\u201cEl Estado tiene que ser eficiente, planificar pol\u00edticas p\u00fablicas, construir indicadores y transitar con recursos esas pol\u00edticas p\u00fablicas. De lo contrario es muy dif\u00edcil poder medir, tener eficiencia y saber hacia d\u00f3nde se est\u00e1 llegando. Nosotros tenemos muy claro algunas cosas. Santa Fe es la provincia m\u00e1s productiva de Argentina, tiene todo todo para salir adelante y para liderar el cambio en Argentina\u201d, marc\u00f3 Pullaro.&nbsp;<\/p>\n\n\n\n<p>En ese sentido, destac\u00f3 que \u201clos santafesinos tenemos que estar preparados para impulsar, para ser el motor de cambio y de transformaci\u00f3n, para que nuestra provincia pueda hacer la vidriera. Tenemos todo: industrias, comercio y campo, pero tambi\u00e9n tenemos esa fuerza incre\u00edble que tienen nuestros emprendedores y nuestras mutuales, que se hicieron fuertes asoci\u00e1ndose y entendiendo que la uni\u00f3n realmente hac\u00eda la fuerza de los d\u00e9biles\u201d.<\/p>\n\n\n\n<p>\u201cPor eso Sinergia termina uniendo lo mejor de nuestras tradiciones. Si logramos construir pol\u00edticas de Estado, los problemas que hoy se visualizan en el mediano plazo no van a existir m\u00e1s, porque realmente vamos a salir adelante\u201d, concluy\u00f3 Pullaro.<\/p>\n\n\n\n<p>Por su parte, Puccini valor\u00f3 que \u201ceste programa lo que busca es fortalecer el arraigo en toda la provincia, para fortalecer y apuntalar a la producci\u00f3n. La palabra sinergia es la articulaci\u00f3n que tenemos que hacer en cada territorio con los municipios, con las comunas, con las asociaciones civiles y sumar a las agencias de desarrollo en cada uno de los lugares. Hemos perfilado en todo el Ministerio 25 unidades productivas\u201d.&nbsp;<\/p>\n\n\n\n<p>\u201cEsto -continu\u00f3- demuestra la particularidad y la complejidad que tiene nuestra provincia, todo el entramado productivo muy diverso en cada territorio. No es lo mismo la producci\u00f3n del norte de nuestra provincia, que lo que nos pasa en el sur o lo que pasa en nuestro oeste o en la costa de la provincia. En cada uno de estos lugares estamos apuntalando programas que fortalezcan a la cadena de valor y hay ejes transversales que la transcurren a todas. El financiamiento y el cr\u00e9dito fundamental para potenciarlas\u201d, finaliz\u00f3 el funcionario.<\/p>\n\n\n\n<p><strong>Fortalecer la econom\u00eda asociativa<\/strong><\/p>\n\n\n\n<p>Por otro lado, la presidenta de la C\u00e1mara de Diputadas y Diputados, Clara Garc\u00eda, afirm\u00f3 que \u201cla palabra sinergia nos remite a pensar que hay una acci\u00f3n que hace que dos fuerzas tengan juntas un efecto mucho mayor que el que tendr\u00edan por separado. Este programa nos llena de orgullo, tiene planificaci\u00f3n, financiamiento y las redes. Es una plataforma s\u00f3lida para que el asociativismo siga siendo una marca de Santa Fe\u201d.&nbsp;<\/p>\n\n\n\n<p>En tanto, el secretario de Cooperativas, Mutuales y Emprendedorismo, Gonzalo Tosseli, detall\u00f3 que \u201ceste programa busca fortalecer la econom\u00eda asociativa y el emprendedorismo. En la provincia tenemos 2059 cooperativas, 779 mutuales y 50540 micro y medianas empresas. Tenemos muchas entidades en todo el territorio pero con aislamiento, entonces vimos la necesidad de que salgan de ese estado. Por eso pensamos en este programa, para abordar necesidades de registro, de articulaci\u00f3n y de integraci\u00f3n\u201d.<\/p>\n\n\n\n<p>\u201cSinergia tiene seis componentes. Uno de ellos son las mesas locales entre las entidades que representan a los emprendedores, cooperativas, las mutuales y los gobiernos locales para disminuir el desequilibrio territorial. Los otros componentes son la red de asistencia t\u00e9cnica, la certificaci\u00f3n de compromiso con la comunidad, el financiamiento, la expansi\u00f3n territorial y una plataforma digital para registrar. Creamos este programa porque creemos en la acci\u00f3n colectiva\u201d, finaliz\u00f3 Tosseli.&nbsp;<\/p>\n\n\n\n<p>Por \u00faltimo, el presidente de la Federaci\u00f3n Argentina de Mutuales de Salud y presidente de Junior Achievement Santa Fe, Juan Pivetta, se\u00f1al\u00f3 la importancia \u201cdel programa Sinergia, y de lo que significa el emprendedorismo, el asociativismo y las formas jur\u00eddicas mutuales y cooperativas en Santa Fe, que han hecho un gran recorrido\u201d.<br>Participaron tambi\u00e9n de la actividad el senador por el departamento Rosario, Ciro Seisas; el secretario general del gobierno de la provincia, Juan Cruz C\u00e1ndido; los directores provinciales de Emprendedurismo, Santiago Sauco; y de Cooperativas y Mutuales, Carlos Volpatto; y el secretario de gobierno de la Municipalidad de Rosario, Sebasti\u00e1n Chale; entre otras autoridades.<\/p>\n","protected":false},"excerpt":{"rendered":"<p>Pullaro: \u201cSanta Fe es la provincia m\u00e1s productiva de Argentina\u201d<\/p>\n","protected":false},"author":1,"featured_media":42718,"comment_status":"open","ping_status":"open","sticky":false,"template":"","format":"image","meta":{"_jetpack_memberships_contains_paid_content":false,"footnotes":"","jetpack_publicize_message":"","jetpack_publicize_feature_enabled":true,"jetpack_social_post_already_shared":true,"jetpack_social_options":{"image_generator_settings":{"template":"highway","default_image_id":0,"enabled":false},"version":2}},"categories":[8,1,2,7,3],"tags":[31,9022,10629,8640,2846,3381],"class_list":["post-42717","post","type-post","status-publish","format-image","has-post-thumbnail","hentry","category-deliberando","category-diario-armstrong","category-locales","category-politica","category-region","tag-la","tag-mas-2","tag-productiva-sinergia","tag-provincia-2","tag-pullaro","tag-santa-fe","post_format-post-format-image"],"jetpack_publicize_connections":[],"jetpack_featured_media_url":"https:\/\/armstrongyregion.com.ar\/diario\/wp-content\/uploads\/2024\/05\/PULLARO-SINERGIA-6-5-24.jpg","jetpack_shortlink":"https:\/\/wp.me\/p62QDO-b6Z","jetpack_sharing_enabled":true,"amp_enabled":true,"_links":{"self":[{"href":"https:\/\/armstrongyregion.com.ar\/diario\/wp-json\/wp\/v2\/posts\/42717","targetHints":{"allow":["GET"]}}],"collection":[{"href":"https:\/\/armstrongyregion.com.ar\/diario\/wp-json\/wp\/v2\/posts"}],"about":[{"href":"https:\/\/armstrongyregion.com.ar\/diario\/wp-json\/wp\/v2\/types\/post"}],"author":[{"embeddable":true,"href":"https:\/\/armstrongyregion.com.ar\/diario\/wp-json\/wp\/v2\/users\/1"}],"replies":[{"embeddable":true,"href":"https:\/\/armstrongyregion.com.ar\/diario\/wp-json\/wp\/v2\/comments?post=42717"}],"version-history":[{"count":1,"href":"https:\/\/armstrongyregion.com.ar\/diario\/wp-json\/wp\/v2\/posts\/42717\/revisions"}],"predecessor-version":[{"id":42719,"href":"https:\/\/armstrongyregion.com.ar\/diario\/wp-json\/wp\/v2\/posts\/42717\/revisions\/42719"}],"wp:featuredmedia":[{"embeddable":true,"href":"https:\/\/armstrongyregion.com.ar\/diario\/wp-json\/wp\/v2\/media\/42718"}],"wp:attachment":[{"href":"https:\/\/armstrongyregion.com.ar\/diario\/wp-json\/wp\/v2\/media?parent=42717"}],"wp:term":[{"taxonomy":"category","embeddable":true,"href":"https:\/\/armstrongyregion.com.ar\/diario\/wp-json\/wp\/v2\/categories?post=42717"},{"taxonomy":"post_tag","embeddable":true,"href":"https:\/\/armstrongyregion.com.ar\/diario\/wp-json\/wp\/v2\/tags?post=42717"}],"curies":[{"name":"wp","href":"https:\/\/api.w.org\/{rel}","templated":true}]}}