{"id":42697,"date":"2024-05-06T02:55:42","date_gmt":"2024-05-06T02:55:42","guid":{"rendered":"https:\/\/armstrongyregion.com.ar\/diario\/?p=42697"},"modified":"2024-05-06T02:55:45","modified_gmt":"2024-05-06T02:55:45","slug":"bomberos-voluntarios-celebraron-su-50-aniversario-con-la-presencia-del-gobernador-pullaro-y-el-reconocimiento-de-la-comunidad","status":"publish","type":"post","link":"https:\/\/armstrongyregion.com.ar\/diario\/bomberos-voluntarios-celebraron-su-50-aniversario-con-la-presencia-del-gobernador-pullaro-y-el-reconocimiento-de-la-comunidad\/","title":{"rendered":"Bomberos voluntarios celebraron su 50\u00b0 aniversario con la presencia del Gobernador Pullaro y el reconocimiento de la comunidad."},"content":{"rendered":"\n<figure class=\"wp-block-image size-full\"><a href=\"http:\/\/armstrongyregion.com.ar\/diario\/wp-content\/uploads\/2024\/05\/bomberos-1-.jpg\"><img loading=\"lazy\" decoding=\"async\" width=\"645\" height=\"423\" src=\"http:\/\/armstrongyregion.com.ar\/diario\/wp-content\/uploads\/2024\/05\/bomberos-1-.jpg\" alt=\"\" class=\"wp-image-42698\" srcset=\"https:\/\/armstrongyregion.com.ar\/diario\/wp-content\/uploads\/2024\/05\/bomberos-1-.jpg 645w, https:\/\/armstrongyregion.com.ar\/diario\/wp-content\/uploads\/2024\/05\/bomberos-1--300x197.jpg 300w\" sizes=\"auto, (max-width: 645px) 100vw, 645px\" \/><\/a><\/figure>\n\n\n\n<p>El pasado\u00a04 de Mayo,\u00a0se conmemor\u00f3 medio siglo de su fundaci\u00f3n, y tras meses de trabajo y esfuerzo se vivieron momentos de celebraci\u00f3n, alegr\u00eda y profunda emoci\u00f3n por la historia que inscribieron en toda la regi\u00f3n.<\/p>\n\n\n\n<figure class=\"wp-block-image size-full\"><a href=\"http:\/\/armstrongyregion.com.ar\/diario\/wp-content\/uploads\/2024\/05\/bomberos-2-.jpg\"><img loading=\"lazy\" decoding=\"async\" width=\"756\" height=\"969\" src=\"http:\/\/armstrongyregion.com.ar\/diario\/wp-content\/uploads\/2024\/05\/bomberos-2-.jpg\" alt=\"\" class=\"wp-image-42699\" srcset=\"https:\/\/armstrongyregion.com.ar\/diario\/wp-content\/uploads\/2024\/05\/bomberos-2-.jpg 756w, https:\/\/armstrongyregion.com.ar\/diario\/wp-content\/uploads\/2024\/05\/bomberos-2--234x300.jpg 234w\" sizes=\"auto, (max-width: 756px) 100vw, 756px\" \/><\/a><\/figure>\n\n\n\n<p>Asistieron a la ceremonia, el Gobernador Maximiliano Pullaro, el Senador del Departamento Belgrano Dr. Pablo Verdecchia, el intendente municipal, Guillermo Luzzi, el Pte. del HCD Prof. Alejandro Pertusati, concejales municipales, miembros del Gabinete, autoridades de Polic\u00eda y el presidente de la Federaci\u00f3n de Bomberos Voluntarios, representantes de entidades intermedias de la comunidad, entre otros. <\/p>\n\n\n\n<figure class=\"wp-block-image size-full\"><a href=\"http:\/\/armstrongyregion.com.ar\/diario\/wp-content\/uploads\/2024\/05\/bomberos-3-.jpg\"><img loading=\"lazy\" decoding=\"async\" width=\"645\" height=\"417\" src=\"http:\/\/armstrongyregion.com.ar\/diario\/wp-content\/uploads\/2024\/05\/bomberos-3-.jpg\" alt=\"\" class=\"wp-image-42700\" srcset=\"https:\/\/armstrongyregion.com.ar\/diario\/wp-content\/uploads\/2024\/05\/bomberos-3-.jpg 645w, https:\/\/armstrongyregion.com.ar\/diario\/wp-content\/uploads\/2024\/05\/bomberos-3--300x194.jpg 300w\" sizes=\"auto, (max-width: 645px) 100vw, 645px\" \/><\/a><\/figure>\n\n\n\n<p>El mandatario provincial en su alocuci\u00f3n, se\u00a0 refiri\u00f3 al rol del Estado de \u201ccomo herramienta, pero no solamente desde el gesto sino tambi\u00e9n desde la acci\u00f3n y el esfuerzo\u201d. En esa l\u00ednea, ratific\u00f3 el compromiso de seguir apoyando a todos las fuerzas bomberiles de la provincia \u201cEl esfuerzo tiene que ser el norte que gu\u00ede las acciones y tiene que ser parte del compromiso de dar ejemplos y cumplir con la palabra empe\u00f1ada\u201d, concluy\u00f3.<\/p>\n\n\n\n<figure class=\"wp-block-image size-full\"><a href=\"http:\/\/armstrongyregion.com.ar\/diario\/wp-content\/uploads\/2024\/05\/bomberos-5.jpg\"><img loading=\"lazy\" decoding=\"async\" width=\"714\" height=\"536\" src=\"http:\/\/armstrongyregion.com.ar\/diario\/wp-content\/uploads\/2024\/05\/bomberos-5.jpg\" alt=\"\" class=\"wp-image-42701\" srcset=\"https:\/\/armstrongyregion.com.ar\/diario\/wp-content\/uploads\/2024\/05\/bomberos-5.jpg 714w, https:\/\/armstrongyregion.com.ar\/diario\/wp-content\/uploads\/2024\/05\/bomberos-5-300x225.jpg 300w\" sizes=\"auto, (max-width: 714px) 100vw, 714px\" \/><\/a><\/figure>\n\n\n\n<p>El Jefe del Cuerpo Activo, Comandante German Cechi expres\u00f3: \u201cEs para m\u00ed un orgullo y una responsabilidad -como la que tiene toda la tropa-, estar en este lugar en una fecha tan importante. En este d\u00eda s\u00f3lo tengo agradecimientos para todos los presentes, las autoridades, tropas hermanas y a la comunidad por acompa\u00f1arnos en este grato momento. Con toda intencionalidad dejo para el final el reconocimiento m\u00e1s profundo del Cuerpo de Bomberos Voluntarios de Armstrong para el ciudadano com\u00fan, porque gracias a ellos somos una instituci\u00f3n en constante crecimiento\u00bb.<\/p>\n\n\n\n<figure class=\"wp-block-image size-full\"><a href=\"http:\/\/armstrongyregion.com.ar\/diario\/wp-content\/uploads\/2024\/05\/bomberos-4-.jpg\"><img loading=\"lazy\" decoding=\"async\" width=\"756\" height=\"748\" src=\"http:\/\/armstrongyregion.com.ar\/diario\/wp-content\/uploads\/2024\/05\/bomberos-4-.jpg\" alt=\"\" class=\"wp-image-42702\" srcset=\"https:\/\/armstrongyregion.com.ar\/diario\/wp-content\/uploads\/2024\/05\/bomberos-4-.jpg 756w, https:\/\/armstrongyregion.com.ar\/diario\/wp-content\/uploads\/2024\/05\/bomberos-4--300x297.jpg 300w\" sizes=\"auto, (max-width: 756px) 100vw, 756px\" \/><\/a><\/figure>\n\n\n\n<p>Al finalizar el acto protocolar se realiz\u00f3 la caravana programada, con las sirenas encendidas recorriendo distintas zonas de la ciudad armstronense, cerrando este 50 aniversario con una gran cena.<\/p>\n\n\n\n<figure class=\"wp-block-image size-full\"><a href=\"http:\/\/armstrongyregion.com.ar\/diario\/wp-content\/uploads\/2024\/05\/bomberos-Pablito-6.jpg\"><img loading=\"lazy\" decoding=\"async\" width=\"756\" height=\"647\" src=\"http:\/\/armstrongyregion.com.ar\/diario\/wp-content\/uploads\/2024\/05\/bomberos-Pablito-6.jpg\" alt=\"\" class=\"wp-image-42703\" srcset=\"https:\/\/armstrongyregion.com.ar\/diario\/wp-content\/uploads\/2024\/05\/bomberos-Pablito-6.jpg 756w, https:\/\/armstrongyregion.com.ar\/diario\/wp-content\/uploads\/2024\/05\/bomberos-Pablito-6-300x257.jpg 300w\" sizes=\"auto, (max-width: 756px) 100vw, 756px\" \/><\/a><\/figure>\n\n\n\n<p>Pas\u00f3 medio siglo y queda mucho por hacer, donde la capacitaci\u00f3n, entrega y mejoramiento permanente del equipamiento son una necesidad constante, un desaf\u00edo que con el acompa\u00f1amiento de la comunidad permitir\u00e1 sentir el orgullo de tener en Armstrong uno de los mejores cuarteles de bomberos de toda la regi\u00f3n.<\/p>\n\n\n\n<figure class=\"wp-block-image size-full\"><a href=\"http:\/\/armstrongyregion.com.ar\/diario\/wp-content\/uploads\/2024\/05\/bomberos-pablito-7-.jpg\"><img loading=\"lazy\" decoding=\"async\" width=\"756\" height=\"652\" src=\"http:\/\/armstrongyregion.com.ar\/diario\/wp-content\/uploads\/2024\/05\/bomberos-pablito-7-.jpg\" alt=\"\" class=\"wp-image-42704\" srcset=\"https:\/\/armstrongyregion.com.ar\/diario\/wp-content\/uploads\/2024\/05\/bomberos-pablito-7-.jpg 756w, https:\/\/armstrongyregion.com.ar\/diario\/wp-content\/uploads\/2024\/05\/bomberos-pablito-7--300x259.jpg 300w\" sizes=\"auto, (max-width: 756px) 100vw, 756px\" \/><\/a><\/figure>\n","protected":false},"excerpt":{"rendered":"<p>Bomberos voluntarios celebraron su 50\u00b0 aniversario con la presencia del Gobernador Pullaro y el reconocimiento de la comunidad.<\/p>\n","protected":false},"author":1,"featured_media":42699,"comment_status":"open","ping_status":"open","sticky":false,"template":"","format":"image","meta":{"_jetpack_memberships_contains_paid_content":false,"footnotes":"","jetpack_publicize_message":"","jetpack_publicize_feature_enabled":true,"jetpack_social_post_already_shared":true,"jetpack_social_options":{"image_generator_settings":{"template":"highway","default_image_id":0,"enabled":false},"version":2}},"categories":[6,8,1,2,7,3],"tags":[10618,10624,10625,5030,8777,35],"class_list":["post-42697","post","type-post","status-publish","format-image","has-post-thumbnail","hentry","category-cultura-entretenimiento","category-deliberando","category-diario-armstrong","category-locales","category-politica","category-region","tag-50-aniversario","tag-bomberos-voluntarios-de-armstrong","tag-celebraron","tag-diario-armstrong","tag-lic-graciela-de-la-casa","tag-su","post_format-post-format-image"],"jetpack_publicize_connections":[],"jetpack_featured_media_url":"https:\/\/armstrongyregion.com.ar\/diario\/wp-content\/uploads\/2024\/05\/bomberos-2-.jpg","jetpack_shortlink":"https:\/\/wp.me\/p62QDO-b6F","jetpack_sharing_enabled":true,"amp_enabled":true,"_links":{"self":[{"href":"https:\/\/armstrongyregion.com.ar\/diario\/wp-json\/wp\/v2\/posts\/42697","targetHints":{"allow":["GET"]}}],"collection":[{"href":"https:\/\/armstrongyregion.com.ar\/diario\/wp-json\/wp\/v2\/posts"}],"about":[{"href":"https:\/\/armstrongyregion.com.ar\/diario\/wp-json\/wp\/v2\/types\/post"}],"author":[{"embeddable":true,"href":"https:\/\/armstrongyregion.com.ar\/diario\/wp-json\/wp\/v2\/users\/1"}],"replies":[{"embeddable":true,"href":"https:\/\/armstrongyregion.com.ar\/diario\/wp-json\/wp\/v2\/comments?post=42697"}],"version-history":[{"count":1,"href":"https:\/\/armstrongyregion.com.ar\/diario\/wp-json\/wp\/v2\/posts\/42697\/revisions"}],"predecessor-version":[{"id":42705,"href":"https:\/\/armstrongyregion.com.ar\/diario\/wp-json\/wp\/v2\/posts\/42697\/revisions\/42705"}],"wp:featuredmedia":[{"embeddable":true,"href":"https:\/\/armstrongyregion.com.ar\/diario\/wp-json\/wp\/v2\/media\/42699"}],"wp:attachment":[{"href":"https:\/\/armstrongyregion.com.ar\/diario\/wp-json\/wp\/v2\/media?parent=42697"}],"wp:term":[{"taxonomy":"category","embeddable":true,"href":"https:\/\/armstrongyregion.com.ar\/diario\/wp-json\/wp\/v2\/categories?post=42697"},{"taxonomy":"post_tag","embeddable":true,"href":"https:\/\/armstrongyregion.com.ar\/diario\/wp-json\/wp\/v2\/tags?post=42697"}],"curies":[{"name":"wp","href":"https:\/\/api.w.org\/{rel}","templated":true}]}}