{"id":42694,"date":"2024-05-05T16:15:15","date_gmt":"2024-05-05T16:15:15","guid":{"rendered":"https:\/\/armstrongyregion.com.ar\/diario\/?p=42694"},"modified":"2024-05-05T16:15:18","modified_gmt":"2024-05-05T16:15:18","slug":"provincia-presento-el-corredor-turistico-de-carcarana","status":"publish","type":"post","link":"https:\/\/armstrongyregion.com.ar\/diario\/provincia-presento-el-corredor-turistico-de-carcarana\/","title":{"rendered":"Provincia present\u00f3 el corredor tur\u00edstico de Carcara\u00f1\u00e1."},"content":{"rendered":"\n<figure class=\"wp-block-image size-full\"><a href=\"http:\/\/armstrongyregion.com.ar\/diario\/wp-content\/uploads\/2024\/05\/carca-5-5-24.jpg\"><img loading=\"lazy\" decoding=\"async\" width=\"570\" height=\"320\" src=\"http:\/\/armstrongyregion.com.ar\/diario\/wp-content\/uploads\/2024\/05\/carca-5-5-24.jpg\" alt=\"\" class=\"wp-image-42695\" srcset=\"https:\/\/armstrongyregion.com.ar\/diario\/wp-content\/uploads\/2024\/05\/carca-5-5-24.jpg 570w, https:\/\/armstrongyregion.com.ar\/diario\/wp-content\/uploads\/2024\/05\/carca-5-5-24-300x168.jpg 300w\" sizes=\"auto, (max-width: 570px) 100vw, 570px\" \/><\/a><\/figure>\n\n\n\n<h2 class=\"wp-block-heading\"><em>La iniciativa est\u00e1 vinculada al trabajo que se realiza desde el Gobierno de la Provincia con el objetivo de revitalizar los siete\u00a0corredores tur\u00edsticos para potenciar la oferta e instalar a Santa Fe como un destino a nivel nacional.<\/em><\/h2>\n\n\n\n<figure class=\"wp-block-table\"><table><tbody><tr><td>El Gobierno de Santa Fe viene trabajando en un plan de fomento al turismo interno y para posicionar a la provincia como un destino atractivo a nivel nacional, entendiendo a la actividad como un eje dinamizador de la econom\u00eda. <br>Esta semana, el ministro de Desarrollo Productivo, Gustavo Puccini, junto a la secretaria de Turismo, Marcela Aeberhard; la ministra de Cultura, Susana Rueda y el ministro de Ambiente y Cambio Clim\u00e1tico, Enrique Estevez, relanzaron en Puerto Gaboto el corredor tur\u00edstico del r\u00edo Carcara\u00f1\u00e1.<br> \u201cEl turismo es un eje importante en el desarrollo econ\u00f3mico por la cantidad de actividades que se ponen en marcha cuando se apuesta fuerte y en serio\u201d, se\u00f1al\u00f3 Puccini en un acto que tambi\u00e9n cont\u00f3 con la presencia de la diputada provincial Silvana Di Stefano, el senador Leonardo Dianna y representantes de las m\u00e1s de 15 localidades que integran el corredor.<br><br><strong>Desarrollo del turismo regional<\/strong><br><br>\u201cDesarrollar el turismo regional y trabajar en un plan concreto con cada una de las localidades de los 7 corredores tur\u00edsticos que tiene la provincia, es clave para potenciar esta actividad. Como dice nuestro gobernador Maximiliano Pullaro, Santa Fe tiene una cantidad impresionante de destinos naturales, tiene 800 kil\u00f3metros de costa sobre el R\u00edo Paran\u00e1, tiene pueblos con una historia muy interesante. Esto debemos aprovecharlo y explotarlo. Y este es el momento\u201d, complet\u00f3 Puccini.\u00a0<br>Por su parte, Aeberhard explic\u00f3: \u201cVenimos trabajando desde el 10 de diciembre en relevar la oferta tur\u00edstica, en sumar destinos y puntos de encuentro para que haya m\u00e1s alternativas para disfrutar de Santa Fe. Y todo esto en el marco de 11 programas que fuimos trabajando y que estamos poniendo en marcha\u201d. <br>Por otro lado agreg\u00f3: \u201cEl corredor que estamos presentando es maravilloso por su vinculaci\u00f3n con el r\u00edo, por la f\u00e1cil accesibilidad, pero tambi\u00e9n estamos trabajando en la oferta tur\u00edstica de cara a los fines de semana largos de junio y lo que se viene para vacaciones de invierno\u201d.<br><br>La diputada provincial Silvana Di Stefano afirm\u00f3 que \u201ceste lanzamiento jerarquiza a nuestro Corredor Tur\u00edstico. Es muy importante que comience a materializarse lo que pedimos desde hace tiempo y que reclamamos durante los \u00faltimos cuatro a\u00f1os: un verdadero conjunto de acciones para poner en valor toda la riqueza productiva, ambiental, hist\u00f3rica y cultural que tenemos\u201d. Del mismo modo, la legisladora reconoci\u00f3 la presencia de los funcionarios del Ejecutivo provincial en la presentaci\u00f3n: \u201cHabla de una verdadera planificaci\u00f3n que permitir\u00e1 posicionar a nuestra \u00e1rea en el mapa nacional como destino tur\u00edstico\u201d.<br><strong>El corredor Carcara\u00f1\u00e1<\/strong><br><br>El corredor tur\u00edstico abarca a los departamentos Caseros, Iriondo, Belgrano y San Jer\u00f3nimo, hermanando a m\u00e1s de 15 localidades en sus 177 km de extensi\u00f3n. <br><br>La conformaci\u00f3n del \u201ccorredor tur\u00edstico\u201d funciona como estructurador del espacio y es una herramienta de unificaci\u00f3n de la oferta tur\u00edstica de aquellas localidades de la Provincia de Santa Fe que se encuentran hermanadas por una vinculaci\u00f3n tur\u00edsticamente relevante con el R\u00edo Carcara\u00f1\u00e1. <br>Se conform\u00f3 en 2018 y se refrend\u00f3 en 2019. Se destaca ofreciendo productos como pesca deportiva, museos paleontol\u00f3gicos, campings, actividades al aire libre, bicitur, fiestas populares y ecoturismo.<\/td><td>&nbsp;<\/td><\/tr><\/tbody><\/table><\/figure>\n","protected":false},"excerpt":{"rendered":"<p>Provincia present\u00f3 el corredor tur\u00edstico de Carcara\u00f1\u00e1.<\/p>\n","protected":false},"author":1,"featured_media":42695,"comment_status":"open","ping_status":"open","sticky":false,"template":"","format":"image","meta":{"_jetpack_memberships_contains_paid_content":false,"footnotes":"","jetpack_publicize_message":"","jetpack_publicize_feature_enabled":true,"jetpack_social_post_already_shared":true,"jetpack_social_options":{"image_generator_settings":{"template":"highway","default_image_id":0,"enabled":false},"version":2}},"categories":[8,1,2,7,3],"tags":[9925,354,10622,5030,16,15,8777,25,8640],"class_list":["post-42694","post","type-post","status-publish","format-image","has-post-thumbnail","hentry","category-deliberando","category-diario-armstrong","category-locales","category-politica","category-region","tag-lic-graciela-de-la-casa-2","tag-carcarana","tag-corredor","tag-diario-armstrong","tag-el","tag-en","tag-lic-graciela-de-la-casa","tag-presento","tag-provincia-2","post_format-post-format-image"],"jetpack_publicize_connections":[],"jetpack_featured_media_url":"https:\/\/armstrongyregion.com.ar\/diario\/wp-content\/uploads\/2024\/05\/carca-5-5-24.jpg","jetpack_shortlink":"https:\/\/wp.me\/p62QDO-b6C","jetpack_sharing_enabled":true,"amp_enabled":true,"_links":{"self":[{"href":"https:\/\/armstrongyregion.com.ar\/diario\/wp-json\/wp\/v2\/posts\/42694","targetHints":{"allow":["GET"]}}],"collection":[{"href":"https:\/\/armstrongyregion.com.ar\/diario\/wp-json\/wp\/v2\/posts"}],"about":[{"href":"https:\/\/armstrongyregion.com.ar\/diario\/wp-json\/wp\/v2\/types\/post"}],"author":[{"embeddable":true,"href":"https:\/\/armstrongyregion.com.ar\/diario\/wp-json\/wp\/v2\/users\/1"}],"replies":[{"embeddable":true,"href":"https:\/\/armstrongyregion.com.ar\/diario\/wp-json\/wp\/v2\/comments?post=42694"}],"version-history":[{"count":1,"href":"https:\/\/armstrongyregion.com.ar\/diario\/wp-json\/wp\/v2\/posts\/42694\/revisions"}],"predecessor-version":[{"id":42696,"href":"https:\/\/armstrongyregion.com.ar\/diario\/wp-json\/wp\/v2\/posts\/42694\/revisions\/42696"}],"wp:featuredmedia":[{"embeddable":true,"href":"https:\/\/armstrongyregion.com.ar\/diario\/wp-json\/wp\/v2\/media\/42695"}],"wp:attachment":[{"href":"https:\/\/armstrongyregion.com.ar\/diario\/wp-json\/wp\/v2\/media?parent=42694"}],"wp:term":[{"taxonomy":"category","embeddable":true,"href":"https:\/\/armstrongyregion.com.ar\/diario\/wp-json\/wp\/v2\/categories?post=42694"},{"taxonomy":"post_tag","embeddable":true,"href":"https:\/\/armstrongyregion.com.ar\/diario\/wp-json\/wp\/v2\/tags?post=42694"}],"curies":[{"name":"wp","href":"https:\/\/api.w.org\/{rel}","templated":true}]}}