{"id":4269,"date":"2015-09-27T21:38:37","date_gmt":"2015-09-27T21:38:37","guid":{"rendered":"https:\/\/armstrongyregion.com.ar\/diario\/?p=4269"},"modified":"2015-09-27T21:41:17","modified_gmt":"2015-09-27T21:41:17","slug":"reunion-de-defensa-civil-septiembre-2015","status":"publish","type":"post","link":"https:\/\/armstrongyregion.com.ar\/diario\/reunion-de-defensa-civil-septiembre-2015\/","title":{"rendered":"Reuni\u00f3n de Defensa Civil Septiembre 2015."},"content":{"rendered":"<p><a href=\"http:\/\/armstrongyregion.com.ar\/diario\/wp-content\/uploads\/2015\/09\/defensacivilseptiembre.jpg\"><img loading=\"lazy\" decoding=\"async\" class=\"alignnone size-medium wp-image-4272\" src=\"http:\/\/armstrongyregion.com.ar\/diario\/wp-content\/uploads\/2015\/09\/defensacivilseptiembre-300x225.jpg\" alt=\"defensacivilseptiembre\" width=\"300\" height=\"225\" srcset=\"https:\/\/armstrongyregion.com.ar\/diario\/wp-content\/uploads\/2015\/09\/defensacivilseptiembre-300x225.jpg 300w, https:\/\/armstrongyregion.com.ar\/diario\/wp-content\/uploads\/2015\/09\/defensacivilseptiembre-1024x768.jpg 1024w, https:\/\/armstrongyregion.com.ar\/diario\/wp-content\/uploads\/2015\/09\/defensacivilseptiembre.jpg 1600w\" sizes=\"auto, (max-width: 300px) 100vw, 300px\" \/><\/a>La Junta Municipal de Defensa Civil Armstrong ha concretado una nueva reuni\u00f3n con el objetivo de coordinar acciones en cuanto a prevenci\u00f3n por inundaciones y desarrollo de tareas, a partir del pron\u00f3stico clim\u00e1tico para los pr\u00f3ximos meses.<\/p>\n<p>Se encontraban presentes el Intendente Municipal Dr. Pablo Verdecchia, la Secretaria de Coordinaci\u00f3n de Gabinete Sra. Rosana Siri, el Secretario de Obras y Servicios P\u00fablicos Ing. Guillermo Luzzi, el Jefe de Orden P\u00fablico Sr. Jorge Urqu\u00eda, el coordinador general Sr. Ignacio Urquilla, representantes de la comisar\u00eda local y bomberos voluntarios.<\/p>\n<p>Todo tipo de tareas de prevenci\u00f3n como bolsas de arena y compuertas, arreglo y limpieza de alcantarillas y desag\u00fces, coordinaci\u00f3n de mecanismos entre personal municipal y bomberos, planillas de registros, centros de evacuaci\u00f3n, unidades disponibles, fueron algunos de los puntos teniendo en cuenta el pron\u00f3stico de abundante ca\u00edda de agua en la temporada.<\/p>\n<p>El Intendente Verdecchia manifest\u00f3: \u201cEs importante seguir trabajando en conjunto, esperando que cada obra que se realiza siga aliviando el problema que tenemos. Siempre hay que estar alerta y tener cuidado, y le decimos a los vecinos que entre todos nos podemos proteger teniendo los desag\u00fces limpios, no tirar basura y sacarla en los horarios correctos, entre otras cosas. El aporte de cada ciudadano es importante\u201d.<\/p>\n","protected":false},"excerpt":{"rendered":"<p>La Junta Municipal de Defensa Civil Armstrong ha concretado una nueva reuni\u00f3n con el objetivo de coordinar acciones en cuanto a prevenci\u00f3n por inundaciones y desarrollo de tareas, a partir del pron\u00f3stico clim\u00e1tico para los pr\u00f3ximos meses. Se encontraban presentes el Intendente Municipal Dr. Pablo Verdecchia, la Secretaria de Coordinaci\u00f3n de Gabinete Sra. Rosana Siri, <a href=\"https:\/\/armstrongyregion.com.ar\/diario\/reunion-de-defensa-civil-septiembre-2015\/\" title=\"Read more\" >&#8230;<\/a><\/p>\n","protected":false},"author":2,"featured_media":4272,"comment_status":"open","ping_status":"open","sticky":false,"template":"","format":"standard","meta":{"_jetpack_memberships_contains_paid_content":false,"footnotes":"","jetpack_publicize_message":"","jetpack_publicize_feature_enabled":true,"jetpack_social_post_already_shared":false,"jetpack_social_options":{"image_generator_settings":{"template":"highway","default_image_id":0,"enabled":false},"version":2}},"categories":[1,2],"tags":[306,792,19,2455,462,2628],"class_list":["post-4269","post","type-post","status-publish","format-standard","has-post-thumbnail","hentry","category-diario-armstrong","category-locales","tag-306","tag-civil","tag-de","tag-defensa","tag-reunion","tag-septiembre"],"jetpack_publicize_connections":[],"jetpack_featured_media_url":"https:\/\/armstrongyregion.com.ar\/diario\/wp-content\/uploads\/2015\/09\/defensacivilseptiembre.jpg","jetpack_shortlink":"https:\/\/wp.me\/p62QDO-16R","jetpack_sharing_enabled":true,"amp_enabled":true,"_links":{"self":[{"href":"https:\/\/armstrongyregion.com.ar\/diario\/wp-json\/wp\/v2\/posts\/4269","targetHints":{"allow":["GET"]}}],"collection":[{"href":"https:\/\/armstrongyregion.com.ar\/diario\/wp-json\/wp\/v2\/posts"}],"about":[{"href":"https:\/\/armstrongyregion.com.ar\/diario\/wp-json\/wp\/v2\/types\/post"}],"author":[{"embeddable":true,"href":"https:\/\/armstrongyregion.com.ar\/diario\/wp-json\/wp\/v2\/users\/2"}],"replies":[{"embeddable":true,"href":"https:\/\/armstrongyregion.com.ar\/diario\/wp-json\/wp\/v2\/comments?post=4269"}],"version-history":[{"count":0,"href":"https:\/\/armstrongyregion.com.ar\/diario\/wp-json\/wp\/v2\/posts\/4269\/revisions"}],"wp:featuredmedia":[{"embeddable":true,"href":"https:\/\/armstrongyregion.com.ar\/diario\/wp-json\/wp\/v2\/media\/4272"}],"wp:attachment":[{"href":"https:\/\/armstrongyregion.com.ar\/diario\/wp-json\/wp\/v2\/media?parent=4269"}],"wp:term":[{"taxonomy":"category","embeddable":true,"href":"https:\/\/armstrongyregion.com.ar\/diario\/wp-json\/wp\/v2\/categories?post=4269"},{"taxonomy":"post_tag","embeddable":true,"href":"https:\/\/armstrongyregion.com.ar\/diario\/wp-json\/wp\/v2\/tags?post=4269"}],"curies":[{"name":"wp","href":"https:\/\/api.w.org\/{rel}","templated":true}]}}