{"id":42681,"date":"2024-05-05T01:56:40","date_gmt":"2024-05-05T01:56:40","guid":{"rendered":"https:\/\/armstrongyregion.com.ar\/diario\/?p=42681"},"modified":"2024-05-05T02:45:20","modified_gmt":"2024-05-05T02:45:20","slug":"emi-gramigna-en-el-50-aniversario-del-cuartel-de-bomberos-de-armstrong-es-un-hito-de-servicio-y-compromiso-comunitario","status":"publish","type":"post","link":"https:\/\/armstrongyregion.com.ar\/diario\/emi-gramigna-en-el-50-aniversario-del-cuartel-de-bomberos-de-armstrong-es-un-hito-de-servicio-y-compromiso-comunitario\/","title":{"rendered":"Emi Gramigna en el 50 Aniversario del Cuartel de Bomberos de Armstrong: \u00abEs un hito de servicio y compromiso comunitario\u00bb"},"content":{"rendered":"\n<figure class=\"wp-block-image size-full\"><a href=\"http:\/\/armstrongyregion.com.ar\/diario\/wp-content\/uploads\/2024\/05\/EMI-GRAMIGNA-4-5-24-.jpg\"><img loading=\"lazy\" decoding=\"async\" width=\"640\" height=\"426\" src=\"http:\/\/armstrongyregion.com.ar\/diario\/wp-content\/uploads\/2024\/05\/EMI-GRAMIGNA-4-5-24-.jpg\" alt=\"\" class=\"wp-image-42682\" srcset=\"https:\/\/armstrongyregion.com.ar\/diario\/wp-content\/uploads\/2024\/05\/EMI-GRAMIGNA-4-5-24-.jpg 640w, https:\/\/armstrongyregion.com.ar\/diario\/wp-content\/uploads\/2024\/05\/EMI-GRAMIGNA-4-5-24--300x200.jpg 300w\" sizes=\"auto, (max-width: 640px) 100vw, 640px\" \/><\/a><\/figure>\n\n\n\n<p><strong>Emiliano Gramigna particip\u00f3 del sentido acto en el Cuartel de Bomberos de Armstrong,<br>en la conmemoraci\u00f3n de su quincuag\u00e9simo aniversario de servicio ininterrumpido a la<br>comunidad. \u00abDesde su fundaci\u00f3n en 1974, el cuartel ha sido un pilar de seguridad y<br>protecci\u00f3n para los residentes de Armstrong y sus alrededores\u00bb, afirm\u00f3 el dirigente<br>que fue impulsor del protocolo de helic\u00f3ptero sanitario. En un clima de emoci\u00f3n y<br>reconocimiento a la historia, Gramigna charl\u00f3 con bomberos, comparti\u00f3 an\u00e9cdotas y<br>deline\u00f3 proyectos conjuntos hacia el futuro.<\/strong><\/p>\n\n\n\n<p>\u00abEste quincuag\u00e9simo aniversario del Cuartel de Bomberos de Armstrong es un hito<br>significativo que refleja el compromiso y la dedicaci\u00f3n de nuestros valientes bomberos.<br>La conmemoraci\u00f3n es un gran reconocimiento a aquellos que han dejado la vida en su<br>vocaci\u00f3n de servicio y a quienes han dedicado d\u00e9cadas y dedican hoy su vida a la<br>protecci\u00f3n y la seguridad de la comunidad\u00bb, expres\u00f3 Emi Gramigna.<br>A posteriori agreg\u00f3: \u00abCincuenta a\u00f1os de servicio inquebrantable, cincuenta a\u00f1os de sacrificio y dedicaci\u00f3n.<br>A los Bomberos Voluntarios de Armstrong, les agradecemos por su incansable<br>compromiso con la protecci\u00f3n de nuestras vidas y propiedades.\u00bb<\/p>\n\n\n\n<p>Adem\u00e1s, inst\u00f3 a continuar el trabajo conjunto con el cuartel. \u00abFuimos impulsores de<br>esta pol\u00edtica p\u00fablica que creemos vital para los armstronenses. Hoy el protocolo de<br>helic\u00f3ptero sanitario es una realidad despu\u00e9s de persistir mucho con el proyecto desde<br>el Honorable Concejo Deliberante\u00bb.<\/p>\n\n\n\n<p><\/p>\n","protected":false},"excerpt":{"rendered":"<p>Emi Gramigna en el 50 Aniversario del Cuartel de Bomberos de Armstrong: \u00abEs un hito de servicio y compromiso comunitario\u00bb<\/p>\n","protected":false},"author":1,"featured_media":42682,"comment_status":"open","ping_status":"open","sticky":false,"template":"","format":"image","meta":{"_jetpack_memberships_contains_paid_content":false,"footnotes":"","jetpack_publicize_message":"","jetpack_publicize_feature_enabled":true,"jetpack_social_post_already_shared":true,"jetpack_social_options":{"image_generator_settings":{"template":"highway","default_image_id":0,"enabled":false},"version":2}},"categories":[8,1,2,7],"tags":[10618,10619,9034,53,5030,16,10617,15,8777],"class_list":["post-42681","post","type-post","status-publish","format-image","has-post-thumbnail","hentry","category-deliberando","category-diario-armstrong","category-locales","category-politica","tag-50-aniversario","tag-cuartel-de-bomberos-voluntarios","tag-de-armstrong","tag-del","tag-diario-armstrong","tag-el","tag-emi-gramigna","tag-en","tag-lic-graciela-de-la-casa","post_format-post-format-image"],"jetpack_publicize_connections":[],"jetpack_featured_media_url":"https:\/\/armstrongyregion.com.ar\/diario\/wp-content\/uploads\/2024\/05\/EMI-GRAMIGNA-4-5-24-.jpg","jetpack_shortlink":"https:\/\/wp.me\/p62QDO-b6p","jetpack_sharing_enabled":true,"amp_enabled":true,"_links":{"self":[{"href":"https:\/\/armstrongyregion.com.ar\/diario\/wp-json\/wp\/v2\/posts\/42681","targetHints":{"allow":["GET"]}}],"collection":[{"href":"https:\/\/armstrongyregion.com.ar\/diario\/wp-json\/wp\/v2\/posts"}],"about":[{"href":"https:\/\/armstrongyregion.com.ar\/diario\/wp-json\/wp\/v2\/types\/post"}],"author":[{"embeddable":true,"href":"https:\/\/armstrongyregion.com.ar\/diario\/wp-json\/wp\/v2\/users\/1"}],"replies":[{"embeddable":true,"href":"https:\/\/armstrongyregion.com.ar\/diario\/wp-json\/wp\/v2\/comments?post=42681"}],"version-history":[{"count":3,"href":"https:\/\/armstrongyregion.com.ar\/diario\/wp-json\/wp\/v2\/posts\/42681\/revisions"}],"predecessor-version":[{"id":42687,"href":"https:\/\/armstrongyregion.com.ar\/diario\/wp-json\/wp\/v2\/posts\/42681\/revisions\/42687"}],"wp:featuredmedia":[{"embeddable":true,"href":"https:\/\/armstrongyregion.com.ar\/diario\/wp-json\/wp\/v2\/media\/42682"}],"wp:attachment":[{"href":"https:\/\/armstrongyregion.com.ar\/diario\/wp-json\/wp\/v2\/media?parent=42681"}],"wp:term":[{"taxonomy":"category","embeddable":true,"href":"https:\/\/armstrongyregion.com.ar\/diario\/wp-json\/wp\/v2\/categories?post=42681"},{"taxonomy":"post_tag","embeddable":true,"href":"https:\/\/armstrongyregion.com.ar\/diario\/wp-json\/wp\/v2\/tags?post=42681"}],"curies":[{"name":"wp","href":"https:\/\/api.w.org\/{rel}","templated":true}]}}