{"id":42678,"date":"2024-05-05T01:50:24","date_gmt":"2024-05-05T01:50:24","guid":{"rendered":"https:\/\/armstrongyregion.com.ar\/diario\/?p=42678"},"modified":"2024-05-05T01:50:27","modified_gmt":"2024-05-05T01:50:27","slug":"garcia-describio-el-proyecto-sobre-la-creacion-de-un-espacio-educativo-dentro-del-paseo-saludable","status":"publish","type":"post","link":"https:\/\/armstrongyregion.com.ar\/diario\/garcia-describio-el-proyecto-sobre-la-creacion-de-un-espacio-educativo-dentro-del-paseo-saludable\/","title":{"rendered":"Garc\u00eda describi\u00f3 el proyecto sobre la creaci\u00f3n de un espacio educativo dentro del paseo saludable."},"content":{"rendered":"\n<figure class=\"wp-block-image size-full\"><a href=\"http:\/\/armstrongyregion.com.ar\/diario\/wp-content\/uploads\/2024\/05\/NOELIA-GARCIA-4-5-24-.jpg\"><img loading=\"lazy\" decoding=\"async\" width=\"378\" height=\"504\" src=\"http:\/\/armstrongyregion.com.ar\/diario\/wp-content\/uploads\/2024\/05\/NOELIA-GARCIA-4-5-24-.jpg\" alt=\"\" class=\"wp-image-42679\" srcset=\"https:\/\/armstrongyregion.com.ar\/diario\/wp-content\/uploads\/2024\/05\/NOELIA-GARCIA-4-5-24-.jpg 378w, https:\/\/armstrongyregion.com.ar\/diario\/wp-content\/uploads\/2024\/05\/NOELIA-GARCIA-4-5-24--225x300.jpg 225w\" sizes=\"auto, (max-width: 378px) 100vw, 378px\" \/><\/a><\/figure>\n\n\n\n<p>Noelia Garc\u00eda, \u201cDesde nuestro bloque tambi\u00e9n presentamos un proyecto de ordenanza para la creaci\u00f3n de un espacio educativo comunidad y ambiente dentro del paseo saludable Ren\u00e9 Favaloro. Todos sabemos que dicho espacio era un basural a cielo abierto y gracias a la conciencia de dirigentes y profesionales se pudo recuperar y transformar en un espacio verde y totalmente recreativo\u201d. <\/p>\n\n\n\n<p>\u201cEste proyecto tiene como prop\u00f3sito llevar a la parte educativa conciencia y conocer las distintas especies arb\u00f3reas que conviven en el paseo saludable, hay una modalidad de Ciencias Naturales en una instituci\u00f3n de la ciudad y deber\u00edamos generar programas para nutrirnos en el \u00e1rea, por supuesto seguiremos trabajando en el mismo y recibiremos aportes con los otros bloques ya que esta pensado para el sistema educativo y la comunidad toda\u201d Finaliz\u00f3 Garc\u00eda.<\/p>\n","protected":false},"excerpt":{"rendered":"<p>Garc\u00eda describi\u00f3 el proyecto sobre la creaci\u00f3n de un espacio educativo dentro del paseo saludable.<\/p>\n","protected":false},"author":1,"featured_media":42679,"comment_status":"open","ping_status":"open","sticky":false,"template":"","format":"image","meta":{"_jetpack_memberships_contains_paid_content":false,"footnotes":"","jetpack_publicize_message":"","jetpack_publicize_feature_enabled":true,"jetpack_social_post_already_shared":true,"jetpack_social_options":{"image_generator_settings":{"template":"highway","default_image_id":0,"enabled":false},"version":2}},"categories":[8,1,2,7,3],"tags":[10615,19,10614,9924,8608,16,15,9547,8777,10616,639,118],"class_list":["post-42678","post","type-post","status-publish","format-image","has-post-thumbnail","hentry","category-deliberando","category-diario-armstrong","category-locales","category-politica","category-region","tag-creacion-2","tag-de","tag-describio","tag-diario-armstrong-y-region-2","tag-educativo-2","tag-el","tag-en","tag-garcia-3","tag-lic-graciela-de-la-casa","tag-paseo-saludable","tag-proyecto","tag-sobre","post_format-post-format-image"],"jetpack_publicize_connections":[],"jetpack_featured_media_url":"https:\/\/armstrongyregion.com.ar\/diario\/wp-content\/uploads\/2024\/05\/NOELIA-GARCIA-4-5-24-.jpg","jetpack_shortlink":"https:\/\/wp.me\/p62QDO-b6m","jetpack_sharing_enabled":true,"amp_enabled":true,"_links":{"self":[{"href":"https:\/\/armstrongyregion.com.ar\/diario\/wp-json\/wp\/v2\/posts\/42678","targetHints":{"allow":["GET"]}}],"collection":[{"href":"https:\/\/armstrongyregion.com.ar\/diario\/wp-json\/wp\/v2\/posts"}],"about":[{"href":"https:\/\/armstrongyregion.com.ar\/diario\/wp-json\/wp\/v2\/types\/post"}],"author":[{"embeddable":true,"href":"https:\/\/armstrongyregion.com.ar\/diario\/wp-json\/wp\/v2\/users\/1"}],"replies":[{"embeddable":true,"href":"https:\/\/armstrongyregion.com.ar\/diario\/wp-json\/wp\/v2\/comments?post=42678"}],"version-history":[{"count":1,"href":"https:\/\/armstrongyregion.com.ar\/diario\/wp-json\/wp\/v2\/posts\/42678\/revisions"}],"predecessor-version":[{"id":42680,"href":"https:\/\/armstrongyregion.com.ar\/diario\/wp-json\/wp\/v2\/posts\/42678\/revisions\/42680"}],"wp:featuredmedia":[{"embeddable":true,"href":"https:\/\/armstrongyregion.com.ar\/diario\/wp-json\/wp\/v2\/media\/42679"}],"wp:attachment":[{"href":"https:\/\/armstrongyregion.com.ar\/diario\/wp-json\/wp\/v2\/media?parent=42678"}],"wp:term":[{"taxonomy":"category","embeddable":true,"href":"https:\/\/armstrongyregion.com.ar\/diario\/wp-json\/wp\/v2\/categories?post=42678"},{"taxonomy":"post_tag","embeddable":true,"href":"https:\/\/armstrongyregion.com.ar\/diario\/wp-json\/wp\/v2\/tags?post=42678"}],"curies":[{"name":"wp","href":"https:\/\/api.w.org\/{rel}","templated":true}]}}