{"id":42675,"date":"2024-05-05T01:11:15","date_gmt":"2024-05-05T01:11:15","guid":{"rendered":"https:\/\/armstrongyregion.com.ar\/diario\/?p=42675"},"modified":"2024-05-05T02:01:11","modified_gmt":"2024-05-05T02:01:11","slug":"el-oficialismo-presento-una-minuta-de-comunicacion-adhiriendo-al-programa-de-transferencia-de-tecnologia-para-los-gobiernos-locales","status":"publish","type":"post","link":"https:\/\/armstrongyregion.com.ar\/diario\/el-oficialismo-presento-una-minuta-de-comunicacion-adhiriendo-al-programa-de-transferencia-de-tecnologia-para-los-gobiernos-locales\/","title":{"rendered":"El oficialismo present\u00f3 una minuta de comunicaci\u00f3n adhiriendo al programa de transferencia de tecnolog\u00eda para los gobiernos locales."},"content":{"rendered":"\n<figure class=\"wp-block-image size-full\"><a href=\"http:\/\/armstrongyregion.com.ar\/diario\/wp-content\/uploads\/2024\/05\/CARLA-REVIGLIONO-5-4-24-.jpg\"><img loading=\"lazy\" decoding=\"async\" width=\"378\" height=\"504\" src=\"http:\/\/armstrongyregion.com.ar\/diario\/wp-content\/uploads\/2024\/05\/CARLA-REVIGLIONO-5-4-24-.jpg\" alt=\"\" class=\"wp-image-42676\" srcset=\"https:\/\/armstrongyregion.com.ar\/diario\/wp-content\/uploads\/2024\/05\/CARLA-REVIGLIONO-5-4-24-.jpg 378w, https:\/\/armstrongyregion.com.ar\/diario\/wp-content\/uploads\/2024\/05\/CARLA-REVIGLIONO-5-4-24--225x300.jpg 225w\" sizes=\"auto, (max-width: 378px) 100vw, 378px\" \/><\/a><\/figure>\n\n\n\n<p>La concejal Carla Revigliono informaba: \u201cEsta l\u00ednea busca apoyar a grupos de investigadores, para el desarrollo de nuevas competencias tecnol\u00f3gicas aplicables en productos, procesos o servicios, para los cuales exista una demanda social o un mercado potencial, comprobable\u201d.<\/p>\n\n\n\n<p><strong>Beneficiarios:<\/strong><\/p>\n\n\n\n<p><strong>Est\u00e1 dirigida a instituciones p\u00fablicas o privadas sin fines de lucro del sistema de ciencia, tecnolog\u00eda e innovaci\u00f3n radicadas en la provincia de Santa Fe.<\/strong><\/p>\n\n\n\n<p>La producci\u00f3n de la\u00a0OFERTA TECNOL\u00d3GICA PARA MUNICIPIOS pone en valor tambi\u00e9n el rol que \u00e9stos tienen en los procesos de innovaci\u00f3n en sus territorios. Como herramienta de optimizaci\u00f3n de la gesti\u00f3n municipal en material de desarrollo y sostenibilidad productiva, las capacidades disponibles para su apropiaci\u00f3n por parte de los actores municipales, se complementa con una selecci\u00f3n de capacidades espec\u00edficas orientadas al sector productivo. Estas capacidades se organizan en ecosistemas de innovaci\u00f3n que componen las grandes comunidades del saber de nuestras unidades acad\u00e9micas e institutos de investigaci\u00f3n, y facilitan la identificaci\u00f3n de \u00e1reas o l\u00edneas tem\u00e1ticas.<\/p>\n\n\n\n<p><strong>Esta asistencia se realiza por intermedio de diversas acciones que favorecen la apropiaci\u00f3n p\u00fablica del conocimiento por parte de la comunidad, entendiendo que este bien permite construir una sociedad igualitaria e inclusiva y ejercer plenamente la ciudadan\u00eda.<\/strong><\/p>\n\n\n\n<p>Numerosos trabajos realizados sirven de ejemplo de que cuando las diferentes entidades suman sus esfuerzos los beneficios se multiplican.<\/p>\n\n\n\n<p><strong>Cuenta con capacidades en las siguientes \u00e1reas:<\/strong><\/p>\n\n\n\n<p>Infraestructura&nbsp; y&nbsp; ordenamiento territorial<br>Planificaci\u00f3n en recursos h\u00eddricos y navegables<br>Gesti\u00f3n ambiental y desarrollo sostenible<br>Fortalecimiento institucional, Gobierno y seguridad<br>Desarrollo social<br>Salud p\u00fablica<br>Recursos energ\u00e9ticos alternativos<br>Innovaci\u00f3n&nbsp; y&nbsp; desarrollo productivo<br>Promoci\u00f3n cient\u00edfica y tecnol\u00f3gica<br>Desarrollo de capacidades emprendedoras y fomento a las pymes<br>Promoci\u00f3n de derechos y ciudadan\u00eda<br>Educaci\u00f3n, arte y cultura<\/p>\n","protected":false},"excerpt":{"rendered":"<p>El oficialismo present\u00f3 una minuta de comunicaci\u00f3n adhiriendo al programa de transferencia de tecnolog\u00eda para los gobiernos locales.<\/p>\n","protected":false},"author":1,"featured_media":42676,"comment_status":"open","ping_status":"open","sticky":false,"template":"","format":"image","meta":{"_jetpack_memberships_contains_paid_content":false,"footnotes":"","jetpack_publicize_message":"","jetpack_publicize_feature_enabled":true,"jetpack_social_post_already_shared":true,"jetpack_social_options":{"image_generator_settings":{"template":"highway","default_image_id":0,"enabled":false},"version":2}},"categories":[8,1,2,7],"tags":[10611,179,19,10613,5030,8777,2358,3609,9588,582,10578,10612],"class_list":["post-42675","post","type-post","status-publish","format-image","has-post-thumbnail","hentry","category-deliberando","category-diario-armstrong","category-locales","category-politica","tag-adhiriendo","tag-al","tag-de","tag-detecnologia","tag-diario-armstrong","tag-lic-graciela-de-la-casa","tag-minuta","tag-oficialismo","tag-presento-3","tag-programa","tag-tecnologia-2","tag-transferencia","post_format-post-format-image"],"jetpack_publicize_connections":[],"jetpack_featured_media_url":"https:\/\/armstrongyregion.com.ar\/diario\/wp-content\/uploads\/2024\/05\/CARLA-REVIGLIONO-5-4-24-.jpg","jetpack_shortlink":"https:\/\/wp.me\/p62QDO-b6j","jetpack_sharing_enabled":true,"amp_enabled":true,"_links":{"self":[{"href":"https:\/\/armstrongyregion.com.ar\/diario\/wp-json\/wp\/v2\/posts\/42675","targetHints":{"allow":["GET"]}}],"collection":[{"href":"https:\/\/armstrongyregion.com.ar\/diario\/wp-json\/wp\/v2\/posts"}],"about":[{"href":"https:\/\/armstrongyregion.com.ar\/diario\/wp-json\/wp\/v2\/types\/post"}],"author":[{"embeddable":true,"href":"https:\/\/armstrongyregion.com.ar\/diario\/wp-json\/wp\/v2\/users\/1"}],"replies":[{"embeddable":true,"href":"https:\/\/armstrongyregion.com.ar\/diario\/wp-json\/wp\/v2\/comments?post=42675"}],"version-history":[{"count":2,"href":"https:\/\/armstrongyregion.com.ar\/diario\/wp-json\/wp\/v2\/posts\/42675\/revisions"}],"predecessor-version":[{"id":42684,"href":"https:\/\/armstrongyregion.com.ar\/diario\/wp-json\/wp\/v2\/posts\/42675\/revisions\/42684"}],"wp:featuredmedia":[{"embeddable":true,"href":"https:\/\/armstrongyregion.com.ar\/diario\/wp-json\/wp\/v2\/media\/42676"}],"wp:attachment":[{"href":"https:\/\/armstrongyregion.com.ar\/diario\/wp-json\/wp\/v2\/media?parent=42675"}],"wp:term":[{"taxonomy":"category","embeddable":true,"href":"https:\/\/armstrongyregion.com.ar\/diario\/wp-json\/wp\/v2\/categories?post=42675"},{"taxonomy":"post_tag","embeddable":true,"href":"https:\/\/armstrongyregion.com.ar\/diario\/wp-json\/wp\/v2\/tags?post=42675"}],"curies":[{"name":"wp","href":"https:\/\/api.w.org\/{rel}","templated":true}]}}