{"id":42672,"date":"2024-05-04T18:44:50","date_gmt":"2024-05-04T18:44:50","guid":{"rendered":"https:\/\/armstrongyregion.com.ar\/diario\/?p=42672"},"modified":"2024-05-04T18:44:53","modified_gmt":"2024-05-04T18:44:53","slug":"renovacion-por-armstrong-presento-una-minuta-para-generar-conciencia-sobre-la-no-utilizacion-de-bolsas-de-polietileno","status":"publish","type":"post","link":"https:\/\/armstrongyregion.com.ar\/diario\/renovacion-por-armstrong-presento-una-minuta-para-generar-conciencia-sobre-la-no-utilizacion-de-bolsas-de-polietileno\/","title":{"rendered":"Renovaci\u00f3n por Armstrong present\u00f3 una minuta para generar conciencia sobre la no utilizaci\u00f3n de bolsas de polietileno."},"content":{"rendered":"\n<figure class=\"wp-block-image size-full\"><a href=\"http:\/\/armstrongyregion.com.ar\/diario\/wp-content\/uploads\/2024\/05\/Emiliano-Gramigna-mayo-24-.jpg\"><img loading=\"lazy\" decoding=\"async\" width=\"640\" height=\"427\" src=\"http:\/\/armstrongyregion.com.ar\/diario\/wp-content\/uploads\/2024\/05\/Emiliano-Gramigna-mayo-24-.jpg\" alt=\"\" class=\"wp-image-42673\" srcset=\"https:\/\/armstrongyregion.com.ar\/diario\/wp-content\/uploads\/2024\/05\/Emiliano-Gramigna-mayo-24-.jpg 640w, https:\/\/armstrongyregion.com.ar\/diario\/wp-content\/uploads\/2024\/05\/Emiliano-Gramigna-mayo-24--300x200.jpg 300w\" sizes=\"auto, (max-width: 640px) 100vw, 640px\" \/><\/a><\/figure>\n\n\n\n<p>Emiliano Gramigna expresaba:<strong> \u201cHoy presentamos una minuta de comunicaci\u00f3n en la que tratamos de promover la no utilizaci\u00f3n de la bolsas de polietileno, sabemos que el cuidado de medio ambiente es primordial para poder tener una mejor calidad de vida, tambi\u00e9n forma parte de lo que nuestra ciudad tiene que hacer\u201d<\/strong>. <\/p>\n\n\n\n<p>Luego a\u00f1adi\u00f3: <strong>\u201cCreo que cambiar para bien es empezar a concientizar sobre la no utilizaci\u00f3n de esas bolsas que hoy tardan en poder desintegrarse y se mezclan en muchos casos con las que son de car\u00e1cter reciclable\u201d.<\/strong><\/p>\n\n\n\n<p><strong> \u201cLo que nosotros proponemos es que el municipio pueda articular un trabajo interdisciplinario con las instituciones, con lo clubes para  poder abordar esta problem\u00e1tica que parece algo que lo vamos a ver reci\u00e9n a futuro, pero tenemos que sembrar conciencia; planteamos hacer un trabajo firme implementando material re utilizable como bolsos de tela o de materiales biodegradables\u201d.<\/strong> Finaliz\u00f3 el edil.<\/p>\n","protected":false},"excerpt":{"rendered":"<p>Renovaci\u00f3n por Armstrong present\u00f3 una minuta para generar conciencia sobre la no utilizaci\u00f3n de bolsas de polietileno.<\/p>\n","protected":false},"author":1,"featured_media":42673,"comment_status":"open","ping_status":"open","sticky":false,"template":"","format":"image","meta":{"_jetpack_memberships_contains_paid_content":false,"footnotes":"","jetpack_publicize_message":"","jetpack_publicize_feature_enabled":true,"jetpack_social_post_already_shared":true,"jetpack_social_options":{"image_generator_settings":{"template":"highway","default_image_id":0,"enabled":false},"version":2}},"categories":[8,1,2,7,3],"tags":[19,9924,979,31,8777,96,10610,10608],"class_list":["post-42672","post","type-post","status-publish","format-image","has-post-thumbnail","hentry","category-deliberando","category-diario-armstrong","category-locales","category-politica","category-region","tag-de","tag-diario-armstrong-y-region-2","tag-gramigna","tag-la","tag-lic-graciela-de-la-casa","tag-no","tag-polietileno","tag-utilizacion","post_format-post-format-image"],"jetpack_publicize_connections":[],"jetpack_featured_media_url":"https:\/\/armstrongyregion.com.ar\/diario\/wp-content\/uploads\/2024\/05\/Emiliano-Gramigna-mayo-24-.jpg","jetpack_shortlink":"https:\/\/wp.me\/p62QDO-b6g","jetpack_sharing_enabled":true,"amp_enabled":true,"_links":{"self":[{"href":"https:\/\/armstrongyregion.com.ar\/diario\/wp-json\/wp\/v2\/posts\/42672","targetHints":{"allow":["GET"]}}],"collection":[{"href":"https:\/\/armstrongyregion.com.ar\/diario\/wp-json\/wp\/v2\/posts"}],"about":[{"href":"https:\/\/armstrongyregion.com.ar\/diario\/wp-json\/wp\/v2\/types\/post"}],"author":[{"embeddable":true,"href":"https:\/\/armstrongyregion.com.ar\/diario\/wp-json\/wp\/v2\/users\/1"}],"replies":[{"embeddable":true,"href":"https:\/\/armstrongyregion.com.ar\/diario\/wp-json\/wp\/v2\/comments?post=42672"}],"version-history":[{"count":1,"href":"https:\/\/armstrongyregion.com.ar\/diario\/wp-json\/wp\/v2\/posts\/42672\/revisions"}],"predecessor-version":[{"id":42674,"href":"https:\/\/armstrongyregion.com.ar\/diario\/wp-json\/wp\/v2\/posts\/42672\/revisions\/42674"}],"wp:featuredmedia":[{"embeddable":true,"href":"https:\/\/armstrongyregion.com.ar\/diario\/wp-json\/wp\/v2\/media\/42673"}],"wp:attachment":[{"href":"https:\/\/armstrongyregion.com.ar\/diario\/wp-json\/wp\/v2\/media?parent=42672"}],"wp:term":[{"taxonomy":"category","embeddable":true,"href":"https:\/\/armstrongyregion.com.ar\/diario\/wp-json\/wp\/v2\/categories?post=42672"},{"taxonomy":"post_tag","embeddable":true,"href":"https:\/\/armstrongyregion.com.ar\/diario\/wp-json\/wp\/v2\/tags?post=42672"}],"curies":[{"name":"wp","href":"https:\/\/api.w.org\/{rel}","templated":true}]}}