{"id":42668,"date":"2024-05-04T17:22:46","date_gmt":"2024-05-04T17:22:46","guid":{"rendered":"https:\/\/armstrongyregion.com.ar\/diario\/?p=42668"},"modified":"2024-05-04T17:22:48","modified_gmt":"2024-05-04T17:22:48","slug":"pertusati-hizo-un-balance-de-la-ultima-sesion-ordinaria-y-se-refirio-a-las-respuestas-del-ejecutivo","status":"publish","type":"post","link":"https:\/\/armstrongyregion.com.ar\/diario\/pertusati-hizo-un-balance-de-la-ultima-sesion-ordinaria-y-se-refirio-a-las-respuestas-del-ejecutivo\/","title":{"rendered":"Pertusati hizo un balance de la \u00faltima sesi\u00f3n ordinaria y se refiri\u00f3 a las respuestas del ejecutivo."},"content":{"rendered":"\n<figure class=\"wp-block-image size-full\"><a href=\"http:\/\/armstrongyregion.com.ar\/diario\/wp-content\/uploads\/2024\/05\/pertu-4-5-24-.jpg\"><img loading=\"lazy\" decoding=\"async\" width=\"378\" height=\"504\" src=\"http:\/\/armstrongyregion.com.ar\/diario\/wp-content\/uploads\/2024\/05\/pertu-4-5-24-.jpg\" alt=\"\" class=\"wp-image-42669\" srcset=\"https:\/\/armstrongyregion.com.ar\/diario\/wp-content\/uploads\/2024\/05\/pertu-4-5-24-.jpg 378w, https:\/\/armstrongyregion.com.ar\/diario\/wp-content\/uploads\/2024\/05\/pertu-4-5-24--225x300.jpg 225w\" sizes=\"auto, (max-width: 378px) 100vw, 378px\" \/><\/a><\/figure>\n\n\n\n<p>\u00abEn la sesi\u00f3n del martes 30 de abril, se presentaron dos proyectos de ordenanza desde el oficialismo referidos a la creaci\u00f3n de un espacio educativo en la ciudad. Y otro sobre la creaci\u00f3n de una nueva comisi\u00f3n en el concejo deliberante\u00bb. Expres\u00f3 el Pte. Pertusati.<\/p>\n\n\n\n<p>Siguiendo la misma linea de discurso, expres\u00f3: \u201cLa concejal Fischer, se refiri\u00f3 a los pedidos de informes no contestados por el ejecutivo;  muchas veces si bien no se contestan por escrito, s\u00ed es importante aclarar y decir que en comisi\u00f3n el bloque oficialista ha tra\u00eddo respuestas. Y si bien es cierto que se debe la formalidad existe ese ida y vuelta que propiciamos los concejales de nuestro bloque\u201d. <\/p>\n\n\n\n<p>\u201cEste a\u00f1o creo que se han solicitado cuatro pedidos de informes, de los cuales he tra\u00eddo una respuesta a comisi\u00f3n, si bien reitero es posible se deba el protocolo y la escritura, s\u00ed hemos tenido respuestas. Por supuesto vamos a insistir en este pedido de formalidad\u00bb. Finaliz\u00f3 el edil.<\/p>\n","protected":false},"excerpt":{"rendered":"<p>Pertusati hizo un balance de la ultima sesi\u00f3n ordinaria<\/p>\n","protected":false},"author":1,"featured_media":42669,"comment_status":"open","ping_status":"open","sticky":false,"template":"","format":"image","meta":{"_jetpack_memberships_contains_paid_content":false,"footnotes":"","jetpack_publicize_message":"","jetpack_publicize_feature_enabled":true,"jetpack_social_post_already_shared":true,"jetpack_social_options":{"image_generator_settings":{"template":"highway","default_image_id":0,"enabled":false},"version":2}},"categories":[8,1,2,7,3],"tags":[9424,868,9924,8777],"class_list":["post-42668","post","type-post","status-publish","format-image","has-post-thumbnail","hentry","category-deliberando","category-diario-armstrong","category-locales","category-politica","category-region","tag-alejandro-pertusati","tag-concejo","tag-diario-armstrong-y-region-2","tag-lic-graciela-de-la-casa","post_format-post-format-image"],"jetpack_publicize_connections":[],"jetpack_featured_media_url":"https:\/\/armstrongyregion.com.ar\/diario\/wp-content\/uploads\/2024\/05\/pertu-4-5-24-.jpg","jetpack_shortlink":"https:\/\/wp.me\/p62QDO-b6c","jetpack_sharing_enabled":true,"amp_enabled":true,"_links":{"self":[{"href":"https:\/\/armstrongyregion.com.ar\/diario\/wp-json\/wp\/v2\/posts\/42668","targetHints":{"allow":["GET"]}}],"collection":[{"href":"https:\/\/armstrongyregion.com.ar\/diario\/wp-json\/wp\/v2\/posts"}],"about":[{"href":"https:\/\/armstrongyregion.com.ar\/diario\/wp-json\/wp\/v2\/types\/post"}],"author":[{"embeddable":true,"href":"https:\/\/armstrongyregion.com.ar\/diario\/wp-json\/wp\/v2\/users\/1"}],"replies":[{"embeddable":true,"href":"https:\/\/armstrongyregion.com.ar\/diario\/wp-json\/wp\/v2\/comments?post=42668"}],"version-history":[{"count":1,"href":"https:\/\/armstrongyregion.com.ar\/diario\/wp-json\/wp\/v2\/posts\/42668\/revisions"}],"predecessor-version":[{"id":42670,"href":"https:\/\/armstrongyregion.com.ar\/diario\/wp-json\/wp\/v2\/posts\/42668\/revisions\/42670"}],"wp:featuredmedia":[{"embeddable":true,"href":"https:\/\/armstrongyregion.com.ar\/diario\/wp-json\/wp\/v2\/media\/42669"}],"wp:attachment":[{"href":"https:\/\/armstrongyregion.com.ar\/diario\/wp-json\/wp\/v2\/media?parent=42668"}],"wp:term":[{"taxonomy":"category","embeddable":true,"href":"https:\/\/armstrongyregion.com.ar\/diario\/wp-json\/wp\/v2\/categories?post=42668"},{"taxonomy":"post_tag","embeddable":true,"href":"https:\/\/armstrongyregion.com.ar\/diario\/wp-json\/wp\/v2\/tags?post=42668"}],"curies":[{"name":"wp","href":"https:\/\/api.w.org\/{rel}","templated":true}]}}