{"id":42659,"date":"2024-05-03T23:18:36","date_gmt":"2024-05-03T23:18:36","guid":{"rendered":"https:\/\/armstrongyregion.com.ar\/diario\/?p=42659"},"modified":"2024-05-03T23:18:39","modified_gmt":"2024-05-03T23:18:39","slug":"armstrong-emotivo-2-de-mayo","status":"publish","type":"post","link":"https:\/\/armstrongyregion.com.ar\/diario\/armstrong-emotivo-2-de-mayo\/","title":{"rendered":"Armstrong. Emotivo 2 de mayo."},"content":{"rendered":"\n<figure class=\"wp-block-image size-full\"><a href=\"http:\/\/armstrongyregion.com.ar\/diario\/wp-content\/uploads\/2024\/05\/02.05-19.jpg\"><img loading=\"lazy\" decoding=\"async\" width=\"714\" height=\"476\" src=\"http:\/\/armstrongyregion.com.ar\/diario\/wp-content\/uploads\/2024\/05\/02.05-19.jpg\" alt=\"\" class=\"wp-image-42660\" srcset=\"https:\/\/armstrongyregion.com.ar\/diario\/wp-content\/uploads\/2024\/05\/02.05-19.jpg 714w, https:\/\/armstrongyregion.com.ar\/diario\/wp-content\/uploads\/2024\/05\/02.05-19-300x200.jpg 300w\" sizes=\"auto, (max-width: 714px) 100vw, 714px\" \/><\/a><\/figure>\n\n\n\n<p>El jueves 2 de mayo, a 42 a\u00f1os del hundimiento del ARA Gral. Belgrano en la guerra de Malvinas, la<br>Municipalidad convoc\u00f3 a la charla titulada \u201cSobrevivir\u201d, donde tres tripulantes del buque contaron<br>sus experiencias en primera persona.<\/p>\n\n\n\n<figure class=\"wp-block-image size-full\"><a href=\"http:\/\/armstrongyregion.com.ar\/diario\/wp-content\/uploads\/2024\/05\/02.05-21b-.jpg\"><img loading=\"lazy\" decoding=\"async\" width=\"732\" height=\"488\" src=\"http:\/\/armstrongyregion.com.ar\/diario\/wp-content\/uploads\/2024\/05\/02.05-21b-.jpg\" alt=\"\" class=\"wp-image-42661\" srcset=\"https:\/\/armstrongyregion.com.ar\/diario\/wp-content\/uploads\/2024\/05\/02.05-21b-.jpg 732w, https:\/\/armstrongyregion.com.ar\/diario\/wp-content\/uploads\/2024\/05\/02.05-21b--300x200.jpg 300w\" sizes=\"auto, (max-width: 732px) 100vw, 732px\" \/><\/a><\/figure>\n\n\n\n<p><br>Al inicio se rindi\u00f3 homenaje a nuestro H\u00e9roe Nacional muerto en combate Claudio Marcelo Giareti,<br>se hizo un minuto de silencio y el cantante local Gustavo Borgatello interpret\u00f3 junto a su guitarra la<br>canci\u00f3n de su autor\u00eda \u201cCalambre\u201d, inspirada en Claudio.<\/p>\n\n\n\n<figure class=\"wp-block-image size-full\"><a href=\"http:\/\/armstrongyregion.com.ar\/diario\/wp-content\/uploads\/2024\/05\/02.05-23c.jpg\"><img loading=\"lazy\" decoding=\"async\" width=\"740\" height=\"494\" src=\"http:\/\/armstrongyregion.com.ar\/diario\/wp-content\/uploads\/2024\/05\/02.05-23c.jpg\" alt=\"\" class=\"wp-image-42662\" srcset=\"https:\/\/armstrongyregion.com.ar\/diario\/wp-content\/uploads\/2024\/05\/02.05-23c.jpg 740w, https:\/\/armstrongyregion.com.ar\/diario\/wp-content\/uploads\/2024\/05\/02.05-23c-300x200.jpg 300w\" sizes=\"auto, (max-width: 740px) 100vw, 740px\" \/><\/a><\/figure>\n\n\n\n<p><br>Los veteranos Oscar Scaglia (El Tr\u00e9bol), Osvaldo Mart\u00ednez (oriundo de Tortugas, vivi\u00f3 en Armstrong<br>junto a su familia y actualmente reside en El Tr\u00e9bol), y Sergio Cambronera (Ca\u00f1ada de G\u00f3mez)<br>hicieron que, a trav\u00e9s del relato se pudieran conocer momentos, situaciones, experiencias, miedos<br>vividos en medio del g\u00e9lido mar, en 1982.<\/p>\n\n\n\n<figure class=\"wp-block-image size-full\"><a href=\"http:\/\/armstrongyregion.com.ar\/diario\/wp-content\/uploads\/2024\/05\/02.05-25d.jpg\"><img loading=\"lazy\" decoding=\"async\" width=\"731\" height=\"487\" src=\"http:\/\/armstrongyregion.com.ar\/diario\/wp-content\/uploads\/2024\/05\/02.05-25d.jpg\" alt=\"\" class=\"wp-image-42663\" srcset=\"https:\/\/armstrongyregion.com.ar\/diario\/wp-content\/uploads\/2024\/05\/02.05-25d.jpg 731w, https:\/\/armstrongyregion.com.ar\/diario\/wp-content\/uploads\/2024\/05\/02.05-25d-300x200.jpg 300w\" sizes=\"auto, (max-width: 731px) 100vw, 731px\" \/><\/a><\/figure>\n\n\n\n<p><br>Particip\u00f3 como moderador el Lic. Diego Fontanesi quien, a partir del trabajo de investigaci\u00f3n iniciado<br>desde el Museo Hist\u00f3rico Municipal, ha seguido trabajando y acompa\u00f1ando a veteranos de la regi\u00f3n<br>a mantener viva la memoria sobre Malvinas difundiendo los hechos por ellos protagonizados.<\/p>\n\n\n\n<p><\/p>\n","protected":false},"excerpt":{"rendered":"<p>Armstrong. Emotivo 2 de mayo.<\/p>\n","protected":false},"author":1,"featured_media":42660,"comment_status":"open","ping_status":"open","sticky":false,"template":"","format":"image","meta":{"_jetpack_memberships_contains_paid_content":false,"footnotes":"","jetpack_publicize_message":"","jetpack_publicize_feature_enabled":true,"jetpack_social_post_already_shared":true,"jetpack_social_options":{"image_generator_settings":{"template":"highway","default_image_id":0,"enabled":false},"version":2}},"categories":[8,1,2,7,3],"tags":[10606,20,1295],"class_list":["post-42659","post","type-post","status-publish","format-image","has-post-thumbnail","hentry","category-deliberando","category-diario-armstrong","category-locales","category-politica","category-region","tag-2-de-abril","tag-armstrong","tag-emotivo","post_format-post-format-image"],"jetpack_publicize_connections":[],"jetpack_featured_media_url":"https:\/\/armstrongyregion.com.ar\/diario\/wp-content\/uploads\/2024\/05\/02.05-19.jpg","jetpack_shortlink":"https:\/\/wp.me\/p62QDO-b63","jetpack_sharing_enabled":true,"amp_enabled":true,"_links":{"self":[{"href":"https:\/\/armstrongyregion.com.ar\/diario\/wp-json\/wp\/v2\/posts\/42659","targetHints":{"allow":["GET"]}}],"collection":[{"href":"https:\/\/armstrongyregion.com.ar\/diario\/wp-json\/wp\/v2\/posts"}],"about":[{"href":"https:\/\/armstrongyregion.com.ar\/diario\/wp-json\/wp\/v2\/types\/post"}],"author":[{"embeddable":true,"href":"https:\/\/armstrongyregion.com.ar\/diario\/wp-json\/wp\/v2\/users\/1"}],"replies":[{"embeddable":true,"href":"https:\/\/armstrongyregion.com.ar\/diario\/wp-json\/wp\/v2\/comments?post=42659"}],"version-history":[{"count":1,"href":"https:\/\/armstrongyregion.com.ar\/diario\/wp-json\/wp\/v2\/posts\/42659\/revisions"}],"predecessor-version":[{"id":42664,"href":"https:\/\/armstrongyregion.com.ar\/diario\/wp-json\/wp\/v2\/posts\/42659\/revisions\/42664"}],"wp:featuredmedia":[{"embeddable":true,"href":"https:\/\/armstrongyregion.com.ar\/diario\/wp-json\/wp\/v2\/media\/42660"}],"wp:attachment":[{"href":"https:\/\/armstrongyregion.com.ar\/diario\/wp-json\/wp\/v2\/media?parent=42659"}],"wp:term":[{"taxonomy":"category","embeddable":true,"href":"https:\/\/armstrongyregion.com.ar\/diario\/wp-json\/wp\/v2\/categories?post=42659"},{"taxonomy":"post_tag","embeddable":true,"href":"https:\/\/armstrongyregion.com.ar\/diario\/wp-json\/wp\/v2\/tags?post=42659"}],"curies":[{"name":"wp","href":"https:\/\/api.w.org\/{rel}","templated":true}]}}