{"id":42652,"date":"2024-05-02T02:05:58","date_gmt":"2024-05-02T02:05:58","guid":{"rendered":"https:\/\/armstrongyregion.com.ar\/diario\/?p=42652"},"modified":"2024-05-02T02:06:01","modified_gmt":"2024-05-02T02:06:01","slug":"clara-garcia-pullaro-demuestra-que-se-puede-gobernar-con-dialogo-y-respeto-sin-perder-la-firmeza","status":"publish","type":"post","link":"https:\/\/armstrongyregion.com.ar\/diario\/clara-garcia-pullaro-demuestra-que-se-puede-gobernar-con-dialogo-y-respeto-sin-perder-la-firmeza\/","title":{"rendered":"Clara Garc\u00eda: \u00abPullaro demuestra que se puede gobernar con di\u00e1logo y respeto sin perder la firmeza\u00bb"},"content":{"rendered":"\n<figure class=\"wp-block-image size-full\"><a href=\"http:\/\/armstrongyregion.com.ar\/diario\/wp-content\/uploads\/2024\/05\/CLARA-GARCIA-.jpg\"><img loading=\"lazy\" decoding=\"async\" width=\"520\" height=\"346\" src=\"http:\/\/armstrongyregion.com.ar\/diario\/wp-content\/uploads\/2024\/05\/CLARA-GARCIA-.jpg\" alt=\"\" class=\"wp-image-42653\" srcset=\"https:\/\/armstrongyregion.com.ar\/diario\/wp-content\/uploads\/2024\/05\/CLARA-GARCIA-.jpg 520w, https:\/\/armstrongyregion.com.ar\/diario\/wp-content\/uploads\/2024\/05\/CLARA-GARCIA--300x200.jpg 300w\" sizes=\"auto, (max-width: 520px) 100vw, 520px\" \/><\/a><\/figure>\n\n\n\n<p>La presidenta de la C\u00e1mara de Diputadas y Diputados valor\u00f3 \u201cel conjunto de leyes sancionado durante las sesiones extraordinarias\u201d por el Legislativo y la agenda fijada por el mandatario en la apertura del 142\u00b0 per\u00edodo de sesiones ordinarias.<\/p>\n\n\n\n<p> La presidenta de la C\u00e1mara de Diputadas y Diputados, Clara Garc\u00eda, celebr\u00f3 el discurso del gobernador Maximiliano Pullaro en ocasi\u00f3n de la apertura del 142\u00b0 per\u00edodo de sesiones ordinarias de la Legislatura. <\/p>\n\n\n\n<p>\u201cEscuchamos un pormenorizado an\u00e1lisis de la situaci\u00f3n en la que recibi\u00f3 la provincia y tambi\u00e9n las cuestiones estructurales en las que est\u00e1 enfocada su gesti\u00f3n, como la seguridad y la justicia, la educaci\u00f3n, la salud, el empleo y la producci\u00f3n, la obra p\u00fablica\u201d, describi\u00f3 Garc\u00eda, a la vez que valor\u00f3 la actividad desarrollada por los legisladores: \u201cComo bien lo reconoci\u00f3 el gobernador, en estos cinco meses de sesiones extraordinarias trabajamos con mucho compromiso para que el gobierno cuente con las herramientas que necesita para poder cumplir dichos objetivos. Hoy ha dejado marcado un nuevo camino para esta Legislatura\u201d, se\u00f1al\u00f3. <\/p>\n\n\n\n<p>\u201cEn un pa\u00eds donde la agresi\u00f3n es la regla, Santa Fe demuestra que con di\u00e1logo y respeto se puede gobernar sin perder firmeza. Seguiremos trabajando unidos para nuestra provincia se convierta definitivamente en el motor que impulse la recuperaci\u00f3n y el crecimiento de la Argentina\u201d, a\u00f1adi\u00f3. Consultada sobre la posibilidad de que se impulse el proceso de reforma constitucional, Garc\u00eda record\u00f3 que en la Legislatura \u201chay m\u00e1s de diez proyectos ingresados, lo cual da cuenta de un consenso del arco pol\u00edtico\u201d en ese sentido. <\/p>\n\n\n\n<p>\u201cCuando haya acuerdo ser\u00e1 una posibilidad de pensar en nuevos derechos, en que la pol\u00edtica no tenga privilegios, en tener una Constituci\u00f3n moderna y acorde a los tiempos. Estamos en la ciudad que es la cuna de la Constituci\u00f3n Nacional del 53 y la reforma del 94 \u2013en referencia a Santa Fe-, y todav\u00eda hoy abrimos el per\u00edodo de sesiones ordinarias en mayo\u201d, se\u00f1al\u00f3 en relaci\u00f3n a lo que establece la Carta Magna provincial, sancionada en 1962.<\/p>\n\n\n\n<p> En tanto, acerca de la Caja de Jubilaciones y Pensiones, la titular de la C\u00e1mara baja retom\u00f3 lo expresado por Pullaro en cuanto a que \u201cel primer paso es reclamar a la Naci\u00f3n la compensaci\u00f3n que debe a Santa Fe por no haber traspasado su caja previsional como s\u00ed lo hicieron otras provincias. Hace cinco a\u00f1os que no se cumple con el env\u00edo de partidas. Con esos recursos la situaci\u00f3n de la Caja ser\u00eda otra, m\u00e1s all\u00e1 de que hay que estudiar los n\u00fameros y aggiornarse a los nuevos momentos\u201d, complet\u00f3.<\/p>\n","protected":false},"excerpt":{"rendered":"<p>Clara Garc\u00eda: \u00abPullaro demuestra que se puede gobernar con di\u00e1logo y respeto sin perder la firmeza\u00bb<\/p>\n","protected":false},"author":1,"featured_media":42653,"comment_status":"open","ping_status":"open","sticky":false,"template":"","format":"image","meta":{"_jetpack_memberships_contains_paid_content":false,"footnotes":"","jetpack_publicize_message":"","jetpack_publicize_feature_enabled":true,"jetpack_social_post_already_shared":true,"jetpack_social_options":{"image_generator_settings":{"template":"highway","default_image_id":0,"enabled":false},"version":2}},"categories":[8,1,2,7,3],"tags":[9196,100,10604,9277,5030,1939,8777,1157,2846,86,10605],"class_list":["post-42652","post","type-post","status-publish","format-image","has-post-thumbnail","hentry","category-deliberando","category-diario-armstrong","category-locales","category-politica","category-region","tag-clara-garcia","tag-con","tag-demuestra","tag-dialogo-2","tag-diario-armstrong","tag-gobernar","tag-lic-graciela-de-la-casa","tag-puede","tag-pullaro","tag-se","tag-y-respeto","post_format-post-format-image"],"jetpack_publicize_connections":[],"jetpack_featured_media_url":"https:\/\/armstrongyregion.com.ar\/diario\/wp-content\/uploads\/2024\/05\/CLARA-GARCIA-.jpg","jetpack_shortlink":"https:\/\/wp.me\/p62QDO-b5W","jetpack_sharing_enabled":true,"amp_enabled":true,"_links":{"self":[{"href":"https:\/\/armstrongyregion.com.ar\/diario\/wp-json\/wp\/v2\/posts\/42652","targetHints":{"allow":["GET"]}}],"collection":[{"href":"https:\/\/armstrongyregion.com.ar\/diario\/wp-json\/wp\/v2\/posts"}],"about":[{"href":"https:\/\/armstrongyregion.com.ar\/diario\/wp-json\/wp\/v2\/types\/post"}],"author":[{"embeddable":true,"href":"https:\/\/armstrongyregion.com.ar\/diario\/wp-json\/wp\/v2\/users\/1"}],"replies":[{"embeddable":true,"href":"https:\/\/armstrongyregion.com.ar\/diario\/wp-json\/wp\/v2\/comments?post=42652"}],"version-history":[{"count":1,"href":"https:\/\/armstrongyregion.com.ar\/diario\/wp-json\/wp\/v2\/posts\/42652\/revisions"}],"predecessor-version":[{"id":42654,"href":"https:\/\/armstrongyregion.com.ar\/diario\/wp-json\/wp\/v2\/posts\/42652\/revisions\/42654"}],"wp:featuredmedia":[{"embeddable":true,"href":"https:\/\/armstrongyregion.com.ar\/diario\/wp-json\/wp\/v2\/media\/42653"}],"wp:attachment":[{"href":"https:\/\/armstrongyregion.com.ar\/diario\/wp-json\/wp\/v2\/media?parent=42652"}],"wp:term":[{"taxonomy":"category","embeddable":true,"href":"https:\/\/armstrongyregion.com.ar\/diario\/wp-json\/wp\/v2\/categories?post=42652"},{"taxonomy":"post_tag","embeddable":true,"href":"https:\/\/armstrongyregion.com.ar\/diario\/wp-json\/wp\/v2\/tags?post=42652"}],"curies":[{"name":"wp","href":"https:\/\/api.w.org\/{rel}","templated":true}]}}