{"id":42635,"date":"2024-04-30T01:30:00","date_gmt":"2024-04-30T01:30:00","guid":{"rendered":"https:\/\/armstrongyregion.com.ar\/diario\/?p=42635"},"modified":"2024-04-30T01:30:02","modified_gmt":"2024-04-30T01:30:02","slug":"el-gobierno-provincial-presento-la-oferta-salarial-de-abril-y-mayo-a-docentes-los-gremios-responderan-este-viernes","status":"publish","type":"post","link":"https:\/\/armstrongyregion.com.ar\/diario\/el-gobierno-provincial-presento-la-oferta-salarial-de-abril-y-mayo-a-docentes-los-gremios-responderan-este-viernes\/","title":{"rendered":"El gobierno provincial present\u00f3 la oferta salarial de abril y mayo a docentes: los gremios responder\u00e1n este viernes."},"content":{"rendered":"\n<figure class=\"wp-block-image size-full\"><a href=\"http:\/\/armstrongyregion.com.ar\/diario\/wp-content\/uploads\/2024\/04\/paritaria_docentew.jpeg_1756841869.jpeg\"><img loading=\"lazy\" decoding=\"async\" width=\"800\" height=\"450\" src=\"http:\/\/armstrongyregion.com.ar\/diario\/wp-content\/uploads\/2024\/04\/paritaria_docentew.jpeg_1756841869.jpeg\" alt=\"\" class=\"wp-image-42636\" srcset=\"https:\/\/armstrongyregion.com.ar\/diario\/wp-content\/uploads\/2024\/04\/paritaria_docentew.jpeg_1756841869.jpeg 800w, https:\/\/armstrongyregion.com.ar\/diario\/wp-content\/uploads\/2024\/04\/paritaria_docentew.jpeg_1756841869-300x169.jpeg 300w, https:\/\/armstrongyregion.com.ar\/diario\/wp-content\/uploads\/2024\/04\/paritaria_docentew.jpeg_1756841869-768x432.jpeg 768w\" sizes=\"auto, (max-width: 800px) 100vw, 800px\" \/><\/a><\/figure>\n\n\n\n<h2 class=\"wp-block-heading\">Se trata de la misma propuesta hecha a los estatales durante la ma\u00f1ana. Los dirigentes de Amsaf\u00e9 y Sadop opinaron que \u00abno\u00a0da cuenta de la inflaci\u00f3n de los primeros meses del a\u00f1o\u00bb. Los funcionarios santafesinos adelantaron que presentar\u00e1n un recurso judicial para que Naci\u00f3n reponga el pago del Fonid.<\/h2>\n\n\n\n<p>El gobierno provincial ofreci\u00f3 a los\u00a0<strong>gremios docentes\u00a0<\/strong>un incremento salarial del\u00a0<strong>5 por ciento para el mes de abril y otro 5 por ciento en mayo<\/strong>\u00a0en la reuni\u00f3n paritaria desarrollada este lunes por la tarde en la ciudad de Santa Fe. Se trata de un incremento que tendr\u00e1 como base el sueldo de marzo, igual al\u00a0<a href=\"https:\/\/www.rosario3.com\/politica\/La-provincia-ofrecio-suba-salarial-del-10-para-abril-y-mayo-los-estatales-dicen-que-es-insuficiente-20240429-0033.html\" target=\"_blank\" rel=\"noreferrer noopener\">presentado a los trabajadores de la administraci\u00f3n central<\/a>. La oferta ser\u00e1 evaluada en asamblea provincial el viernes pr\u00f3ximo. Por otra parte, los funcionarios santafesinos adelantaron que presentar\u00e1n un recurso judicial para\u00a0<strong>reclamarle a Naci\u00f3n el pago del Fondo Nacional de Incentivo Docente (Fonid)<\/strong>.<\/p>\n\n\n\n<p>Al t\u00e9rmino de la reuni\u00f3n, los secretarios generales de Amsaf\u00e9, Rodrigo Alonso; y de Sadop&nbsp;Santa Fe, Pedro Bayugar;&nbsp;consideraron insuficiente la oferta del gobierno aunque aclararon que<strong>&nbsp;ser\u00e1n los propios docentes los que definan por la aceptaci\u00f3n o el rechazo<\/strong>.<\/p>\n\n\n\n<p>\u201cLa propuesta&nbsp;<strong>no da cuenta de la inflaci\u00f3n de los primeros meses del a\u00f1o<\/strong>, no hay compensaci\u00f3n por la rebaja salarial que sufrimos con la p\u00e9rdida del incentivo docente\u201d, indic\u00f3 Alonso en di\u00e1logo con la prensa desde la capital provincial.<\/p>\n\n\n\n<p>Adem\u00e1s, volvi\u00f3 a rechazar el\u00a0<strong>plus salarial por asistencia perfecta para docentes<\/strong>. \u201cPara nosotros es un presentismo, porque hay compa\u00f1eros y compa\u00f1eras que est\u00e1n yendo enfermos a trabajar para cobrar este plus\u201d, se quej\u00f3 el dirigente gremial.<\/p>\n\n\n\n<p>\u201cUna de las condiciones que pusimos es la de discutir este presentismo pero\u00a0<strong>es necesario dar marcha atr\u00e1s con la medida<\/strong>\u201d, a\u00f1adi\u00f3 Alonso.<\/p>\n\n\n\n<p>Adem\u00e1s, dijo que&nbsp;<strong>Amsaf\u00e9 realizar\u00e1 el viernes su asamblea provincial y el mismo d\u00eda tambi\u00e9n definir\u00e1 Sadop&nbsp;<\/strong>en consulta a sus bases.<\/p>\n\n\n\n<p>\u201cVamos a poner en consideraci\u00f3n la propuesta, pero&nbsp;<strong>no da cuenta de la grave situaci\u00f3n que estamos atravesando<\/strong>\u201d, a\u00f1adieron los secretarios de los gremios.<\/p>\n\n\n\n<h2 class=\"wp-block-heading\">Fonid<\/h2>\n\n\n\n<p>El ministro de Educaci\u00f3n de Santa Fe, Jos\u00e9 Goity,&nbsp;<strong>no particip\u00f3 de la reuni\u00f3n paritaria por su viaje a Buenos Aires&nbsp;<\/strong>para el encuentro del Consejo Federal de Educaci\u00f3n.<\/p>\n\n\n\n<p>El funcionario anunci\u00f3 all\u00ed que&nbsp;<strong>Santa Fe presentar\u00e1 un recurso judicial para reclamar lo que debe el gobierno nacional a Santa Fe en concepto del pago del Fonid<\/strong>, por unos 9 mil millones de pesos, seg\u00fan inform\u00f3 la periodista de Radio 2 en Santa Fe Ivana Fux.<\/p>\n\n\n\n<h2 class=\"wp-block-heading\">Recursos<\/h2>\n\n\n\n<p><br><br>Luego de la reuni\u00f3n, el ministro de Econom\u00eda, Pablo Olivares, remarc\u00f3 que\u201ctransmitimos a los gremios una oferta que va&nbsp;<strong>en funci\u00f3n de la evoluci\u00f3n de los recursos<\/strong>. Es la oferta que puede hacer un Gobierno que cerr\u00f3 el mes de marzo con d\u00e9ficit por ca\u00edda en la recaudaci\u00f3n\u201d.&nbsp;<\/p>\n\n\n\n<p>Olivares dijo que, tal como se hab\u00eda anticipado, la oferta es bimestral: \u201cNos pareci\u00f3 conveniente que los dos meses tengan un incremento similar, del mismo porcentaje a pesar de la posibilidad de que en mayo pueda haber un aumento de recaudaci\u00f3n. Decidimos anticiparnos, que sea del&nbsp;<strong>7,7 % y 7,7 % respectivamente sobre el sueldo de diciembre<\/strong>\u201d, indic\u00f3 el ministro.&nbsp;<\/p>\n\n\n\n<p>Con estos n\u00fameros,\u00a0<strong>a abril se acumular\u00eda un 62 % de aumento respecto a diciembre<\/strong>. Y en mayo un 69,8 % de aumento respecto a diciembre, cuando<strong>\u00a0la inflaci\u00f3n de enero a marzo fue del 52,3%<\/strong>.<\/p>\n\n\n\n<p>\u201cEl mensaje que le transmitimos a los gremios y la poblaci\u00f3n en general es que\u00a0<strong>cuidamos los recursos de todos los santafesinos<\/strong>. En el mes de marzo la Provincia tuvo un d\u00e9ficit. Esa es la situaci\u00f3n concreta y nos obliga a ser cuidadosos con los recursos. Ven\u00edamos de un equilibrio, pero el mes de marzo ya marc\u00f3 un d\u00e9ficit mensual de $ 22.000 millones. No es casualidad: es el mes donde comenzaron las recomposiciones a cuenta de la paritaria 2024. Por lo tanto, debemos seguir la posibilidad de recomposici\u00f3n de salarios con la evoluci\u00f3n de los recursos\u201d.\u00a0<\/p>\n\n\n\n<p><\/p>\n","protected":false},"excerpt":{"rendered":"<p>El gobierno provincial present\u00f3 la oferta salarial de abril y mayo a docentes: los gremios responder\u00e1n este viernes.<\/p>\n","protected":false},"author":1,"featured_media":42636,"comment_status":"open","ping_status":"open","sticky":false,"template":"","format":"image","meta":{"_jetpack_memberships_contains_paid_content":false,"footnotes":"","jetpack_publicize_message":"","jetpack_publicize_feature_enabled":true,"jetpack_social_post_already_shared":true,"jetpack_social_options":{"image_generator_settings":{"template":"highway","default_image_id":0,"enabled":false},"version":2}},"categories":[8,1,2,7,3],"tags":[5016,5030,38,8777,3526,25,928,5022],"class_list":["post-42635","post","type-post","status-publish","format-image","has-post-thumbnail","hentry","category-deliberando","category-diario-armstrong","category-locales","category-politica","category-region","tag-armstrong-y-region","tag-diario-armstrong","tag-gobierno","tag-lic-graciela-de-la-casa","tag-oferta","tag-presento","tag-provincial","tag-salarial","post_format-post-format-image"],"jetpack_publicize_connections":[],"jetpack_featured_media_url":"https:\/\/armstrongyregion.com.ar\/diario\/wp-content\/uploads\/2024\/04\/paritaria_docentew.jpeg_1756841869.jpeg","jetpack_shortlink":"https:\/\/wp.me\/p62QDO-b5F","jetpack_sharing_enabled":true,"amp_enabled":true,"_links":{"self":[{"href":"https:\/\/armstrongyregion.com.ar\/diario\/wp-json\/wp\/v2\/posts\/42635","targetHints":{"allow":["GET"]}}],"collection":[{"href":"https:\/\/armstrongyregion.com.ar\/diario\/wp-json\/wp\/v2\/posts"}],"about":[{"href":"https:\/\/armstrongyregion.com.ar\/diario\/wp-json\/wp\/v2\/types\/post"}],"author":[{"embeddable":true,"href":"https:\/\/armstrongyregion.com.ar\/diario\/wp-json\/wp\/v2\/users\/1"}],"replies":[{"embeddable":true,"href":"https:\/\/armstrongyregion.com.ar\/diario\/wp-json\/wp\/v2\/comments?post=42635"}],"version-history":[{"count":1,"href":"https:\/\/armstrongyregion.com.ar\/diario\/wp-json\/wp\/v2\/posts\/42635\/revisions"}],"predecessor-version":[{"id":42637,"href":"https:\/\/armstrongyregion.com.ar\/diario\/wp-json\/wp\/v2\/posts\/42635\/revisions\/42637"}],"wp:featuredmedia":[{"embeddable":true,"href":"https:\/\/armstrongyregion.com.ar\/diario\/wp-json\/wp\/v2\/media\/42636"}],"wp:attachment":[{"href":"https:\/\/armstrongyregion.com.ar\/diario\/wp-json\/wp\/v2\/media?parent=42635"}],"wp:term":[{"taxonomy":"category","embeddable":true,"href":"https:\/\/armstrongyregion.com.ar\/diario\/wp-json\/wp\/v2\/categories?post=42635"},{"taxonomy":"post_tag","embeddable":true,"href":"https:\/\/armstrongyregion.com.ar\/diario\/wp-json\/wp\/v2\/tags?post=42635"}],"curies":[{"name":"wp","href":"https:\/\/api.w.org\/{rel}","templated":true}]}}