{"id":42614,"date":"2024-04-29T00:43:03","date_gmt":"2024-04-29T00:43:03","guid":{"rendered":"https:\/\/armstrongyregion.com.ar\/diario\/?p=42614"},"modified":"2024-04-29T00:43:06","modified_gmt":"2024-04-29T00:43:06","slug":"el-oficialismo-adhirio-al-programa-de-aporte-provincial-para-infraestructura","status":"publish","type":"post","link":"https:\/\/armstrongyregion.com.ar\/diario\/el-oficialismo-adhirio-al-programa-de-aporte-provincial-para-infraestructura\/","title":{"rendered":"El oficialismo adhiri\u00f3 al Programa de Aporte Provincial para Infraestructura."},"content":{"rendered":"\n<figure class=\"wp-block-image size-full\"><a href=\"http:\/\/armstrongyregion.com.ar\/diario\/wp-content\/uploads\/2024\/04\/NOE-GARCIA-21-4-24-1-1.jpg\"><img loading=\"lazy\" decoding=\"async\" width=\"781\" height=\"809\" src=\"http:\/\/armstrongyregion.com.ar\/diario\/wp-content\/uploads\/2024\/04\/NOE-GARCIA-21-4-24-1-1.jpg\" alt=\"\" class=\"wp-image-42615\" srcset=\"https:\/\/armstrongyregion.com.ar\/diario\/wp-content\/uploads\/2024\/04\/NOE-GARCIA-21-4-24-1-1.jpg 781w, https:\/\/armstrongyregion.com.ar\/diario\/wp-content\/uploads\/2024\/04\/NOE-GARCIA-21-4-24-1-1-290x300.jpg 290w, https:\/\/armstrongyregion.com.ar\/diario\/wp-content\/uploads\/2024\/04\/NOE-GARCIA-21-4-24-1-1-768x796.jpg 768w\" sizes=\"auto, (max-width: 781px) 100vw, 781px\" \/><\/a><\/figure>\n\n\n\n<h2 class=\"wp-block-heading\">La Concejal Noelia Garc\u00eda del bloque Unidos, se refiri\u00f3 a esta adhesi\u00f3n destinada a los Clubes que cuenten con personer\u00eda deportiva y jur\u00eddica al d\u00eda.<\/h2>\n\n\n\n<p>Tiene como Objetivo General: Contribuir con la mejora en infraestructura deportiva de las entidades de primer grado (Clubes) de la provincia de Santa Fe.<\/p>\n\n\n\n<p>Y como Objetivo Espec\u00edfico: Otorgar subsidios econ\u00f3micos a entidades de primer grado (Clubes), por desgravaci\u00f3n impositiva de empresas privadas, para la realizaci\u00f3n de proyectos vinculados a infraestructura deportiva.<\/p>\n\n\n\n<p>Considerando que es prioridad la articulaci\u00f3n de acciones, desde una perspectiva que entiende el deporte como derecho y herramienta para el desarrollo, inclusi\u00f3n e integraci\u00f3n, la gesti\u00f3n promueve los v\u00ednculos entre el Estado, las entidades deportivas de primer grado (Clubes) y empresas del sector privado. De esta manera, se fomentan los valores de participaci\u00f3n, convivencia y apropiaci\u00f3n del espacio p\u00fablico, contribuyendo a consolidar una sociedad solidaria.<\/p>\n\n\n\n<p>En este contexto, el CO.PRO.DE permite que empresas del sector privado se conviertan en socios estrat\u00e9gicos para el desarrollo de la infraestructura deportiva de los clubes o instituciones primarias de su localidad o de la provincia, aportando hasta un 20% de lo que abonan en concepto de impuestos sobre Ingresos Brutos.<\/p>\n","protected":false},"excerpt":{"rendered":"<p>El oficialismo adhiri\u00f3 al Programa de Aporte Provincial para Infraestructura.<\/p>\n","protected":false},"author":1,"featured_media":42615,"comment_status":"open","ping_status":"open","sticky":false,"template":"","format":"image","meta":{"_jetpack_memberships_contains_paid_content":false,"footnotes":"","jetpack_publicize_message":"","jetpack_publicize_feature_enabled":true,"jetpack_social_post_already_shared":true,"jetpack_social_options":{"image_generator_settings":{"template":"highway","default_image_id":0,"enabled":false},"version":2}},"categories":[8,5,1,2,7],"tags":[33,3598,116,868,5030,2705,8777,10544,3609,582],"class_list":["post-42614","post","type-post","status-publish","format-image","has-post-thumbnail","hentry","category-deliberando","category-deportes","category-diario-armstrong","category-locales","category-politica","tag-a","tag-adhirio","tag-aportes","tag-concejo","tag-diario-armstrong","tag-infraestructura","tag-lic-graciela-de-la-casa","tag-noelia-garcia","tag-oficialismo","tag-programa","post_format-post-format-image"],"jetpack_publicize_connections":[],"jetpack_featured_media_url":"https:\/\/armstrongyregion.com.ar\/diario\/wp-content\/uploads\/2024\/04\/NOE-GARCIA-21-4-24-1-1.jpg","jetpack_shortlink":"https:\/\/wp.me\/p62QDO-b5k","jetpack_sharing_enabled":true,"amp_enabled":true,"_links":{"self":[{"href":"https:\/\/armstrongyregion.com.ar\/diario\/wp-json\/wp\/v2\/posts\/42614","targetHints":{"allow":["GET"]}}],"collection":[{"href":"https:\/\/armstrongyregion.com.ar\/diario\/wp-json\/wp\/v2\/posts"}],"about":[{"href":"https:\/\/armstrongyregion.com.ar\/diario\/wp-json\/wp\/v2\/types\/post"}],"author":[{"embeddable":true,"href":"https:\/\/armstrongyregion.com.ar\/diario\/wp-json\/wp\/v2\/users\/1"}],"replies":[{"embeddable":true,"href":"https:\/\/armstrongyregion.com.ar\/diario\/wp-json\/wp\/v2\/comments?post=42614"}],"version-history":[{"count":1,"href":"https:\/\/armstrongyregion.com.ar\/diario\/wp-json\/wp\/v2\/posts\/42614\/revisions"}],"predecessor-version":[{"id":42616,"href":"https:\/\/armstrongyregion.com.ar\/diario\/wp-json\/wp\/v2\/posts\/42614\/revisions\/42616"}],"wp:featuredmedia":[{"embeddable":true,"href":"https:\/\/armstrongyregion.com.ar\/diario\/wp-json\/wp\/v2\/media\/42615"}],"wp:attachment":[{"href":"https:\/\/armstrongyregion.com.ar\/diario\/wp-json\/wp\/v2\/media?parent=42614"}],"wp:term":[{"taxonomy":"category","embeddable":true,"href":"https:\/\/armstrongyregion.com.ar\/diario\/wp-json\/wp\/v2\/categories?post=42614"},{"taxonomy":"post_tag","embeddable":true,"href":"https:\/\/armstrongyregion.com.ar\/diario\/wp-json\/wp\/v2\/tags?post=42614"}],"curies":[{"name":"wp","href":"https:\/\/api.w.org\/{rel}","templated":true}]}}