{"id":42612,"date":"2024-04-29T00:09:25","date_gmt":"2024-04-29T00:09:25","guid":{"rendered":"https:\/\/armstrongyregion.com.ar\/diario\/?p=42612"},"modified":"2024-04-29T00:09:27","modified_gmt":"2024-04-29T00:09:27","slug":"el-oficialismo-adhirio-a-la-campana-anual-de-vacunacion-contra-la-gripe","status":"publish","type":"post","link":"https:\/\/armstrongyregion.com.ar\/diario\/el-oficialismo-adhirio-a-la-campana-anual-de-vacunacion-contra-la-gripe\/","title":{"rendered":"El oficialismo adhiri\u00f3 a la Campa\u00f1a Anual de Vacunaci\u00f3n contra la Gripe."},"content":{"rendered":"\n<figure class=\"wp-block-image size-full\"><a href=\"http:\/\/armstrongyregion.com.ar\/diario\/wp-content\/uploads\/2024\/04\/CARLITA-REVIGLIONO-21-4-24-.jpg\"><img loading=\"lazy\" decoding=\"async\" width=\"786\" height=\"709\" src=\"http:\/\/armstrongyregion.com.ar\/diario\/wp-content\/uploads\/2024\/04\/CARLITA-REVIGLIONO-21-4-24-.jpg\" alt=\"\" class=\"wp-image-42511\" srcset=\"https:\/\/armstrongyregion.com.ar\/diario\/wp-content\/uploads\/2024\/04\/CARLITA-REVIGLIONO-21-4-24-.jpg 786w, https:\/\/armstrongyregion.com.ar\/diario\/wp-content\/uploads\/2024\/04\/CARLITA-REVIGLIONO-21-4-24--300x271.jpg 300w, https:\/\/armstrongyregion.com.ar\/diario\/wp-content\/uploads\/2024\/04\/CARLITA-REVIGLIONO-21-4-24--768x693.jpg 768w\" sizes=\"auto, (max-width: 786px) 100vw, 786px\" \/><\/a><\/figure>\n\n\n\n<p>La Concejal Carla Revigliono en di\u00e1logo con los medios locales expresaba; \u201cdesde nuestro bloque adherimos a la campa\u00f1a de vacunaci\u00f3n 2024 contra el virus de la gripe o influenza, de aplicaci\u00f3n anual, gratuita y obligatoria, establecida en el Calendario Nacional de Inmunizaciones\u201d.<\/p>\n\n\n\n<p>Luego a\u00f1adi\u00f3 \u201cLa campa\u00f1a de vacunaci\u00f3n antigripal tiene como objetivo reducir complicaciones, hospitalizaciones, secuelas y muertes por la infecci\u00f3n ocasionadas por el virus de influenza\u201d.<\/p>\n\n\n\n<p>\u201cEn primera instancia, se vacuna a los m\u00e1s vulnerables y expuestos, para luego continuar con toda la poblaci\u00f3n objetivo o destinataria: trabajadores y personal de salud, trabajadores y residentes en instituciones geri\u00e1tricas (adultos mayores); porque si bien todos podemos presentar esta enfermedad, hay grupos que pueden tener mayor posibilidades de complicaciones\u201d.<\/p>\n\n\n\n<p>\u201cPosteriormente, se contin\u00faa con las personas gestantes en cualquier trimestre del embarazo; con las pu\u00e9rperas, si es que no recibieron la vacunaci\u00f3n durante el embarazo, con los ni\u00f1os de 6 meses a 2 a\u00f1os, con las personas entre 2 a\u00f1os y 64 a\u00f1os que tengan factores de riesgo, y con los de 65 y m\u00e1s a\u00f1os de edad\u201d. Expres\u00f3 Revigliono.<\/p>\n\n\n\n<p><strong>La importancia de la dosis anual<\/strong><\/p>\n\n\n\n<p>Por otra parte, Carla Revigliono, explic\u00f3 cu\u00e1l es el sentido de la aplicaci\u00f3n de una dosis anual en las personas que forman parte de la poblaci\u00f3n objetivo, y la importancia de que concurran a aplic\u00e1rsela.<\/p>\n\n\n\n<p><strong>Poblaci\u00f3n objetivo<\/strong><\/p>\n\n\n\n<p>La poblaci\u00f3n que destinataria de la vacunaci\u00f3n contra la gripe es la siguiente:<br>* Personal de salud.<br>* Personas gestantes: en cada embarazo y en cualquier trimestre de la gestaci\u00f3n: En cada embarazo, debe recibir la vacuna antigripal y contra el Covid-19 en cualquier trimestre de gestaci\u00f3n, la vacuna triple bacteriana acelular [dtpa] a partir de la semana 20 de gestaci\u00f3n y la vacuna contra el virus sincicial respiratorio entre las semanas 32 y 36 de gestaci\u00f3n.<br>* Personas pu\u00e9rperas: hasta el egreso de la maternidad \u2013m\u00e1ximo 10 d\u00edas-, si no recibiera la vacuna durante el embarazo.<br>* Ni\u00f1os y ni\u00f1as de 6 a 24 meses de edad: esquema de dos dosis, si no las recibieron anteriormente.<br>* Personas entre los 2 y 64 a\u00f1os que tengan factores de riesgo: con documentaci\u00f3n que acredite la existencia de enfermedades preexistentes incluidas entre los factores de riesgo.<br>* Personas de 65 a\u00f1os y mayores.<br>* Personal estrat\u00e9gico, cuyo desempe\u00f1o es clave para mantener las funciones esenciales (ej. fuerzas de Seguridad del Estado).<\/p>\n","protected":false},"excerpt":{"rendered":"<p>El oficialismo adhiri\u00f3 a la Campa\u00f1a Anual de Vacunaci\u00f3n contra la Gripe.<\/p>\n","protected":false},"author":1,"featured_media":42511,"comment_status":"open","ping_status":"open","sticky":false,"template":"","format":"image","meta":{"_jetpack_memberships_contains_paid_content":false,"footnotes":"","jetpack_publicize_message":"","jetpack_publicize_feature_enabled":true,"jetpack_social_post_already_shared":true,"jetpack_social_options":{"image_generator_settings":{"template":"highway","default_image_id":0,"enabled":false},"version":2}},"categories":[8,1,2,4],"tags":[20,10020,10594,9425,673,8777],"class_list":["post-42612","post","type-post","status-publish","format-image","has-post-thumbnail","hentry","category-deliberando","category-diario-armstrong","category-locales","category-prevencion-salud","tag-armstrong","tag-armstrong-region","tag-campana-vacunacion","tag-carla-revigliono","tag-concejal","tag-lic-graciela-de-la-casa","post_format-post-format-image"],"jetpack_publicize_connections":[],"jetpack_featured_media_url":"https:\/\/armstrongyregion.com.ar\/diario\/wp-content\/uploads\/2024\/04\/CARLITA-REVIGLIONO-21-4-24-.jpg","jetpack_shortlink":"https:\/\/wp.me\/p62QDO-b5i","jetpack_sharing_enabled":true,"amp_enabled":true,"_links":{"self":[{"href":"https:\/\/armstrongyregion.com.ar\/diario\/wp-json\/wp\/v2\/posts\/42612","targetHints":{"allow":["GET"]}}],"collection":[{"href":"https:\/\/armstrongyregion.com.ar\/diario\/wp-json\/wp\/v2\/posts"}],"about":[{"href":"https:\/\/armstrongyregion.com.ar\/diario\/wp-json\/wp\/v2\/types\/post"}],"author":[{"embeddable":true,"href":"https:\/\/armstrongyregion.com.ar\/diario\/wp-json\/wp\/v2\/users\/1"}],"replies":[{"embeddable":true,"href":"https:\/\/armstrongyregion.com.ar\/diario\/wp-json\/wp\/v2\/comments?post=42612"}],"version-history":[{"count":1,"href":"https:\/\/armstrongyregion.com.ar\/diario\/wp-json\/wp\/v2\/posts\/42612\/revisions"}],"predecessor-version":[{"id":42613,"href":"https:\/\/armstrongyregion.com.ar\/diario\/wp-json\/wp\/v2\/posts\/42612\/revisions\/42613"}],"wp:featuredmedia":[{"embeddable":true,"href":"https:\/\/armstrongyregion.com.ar\/diario\/wp-json\/wp\/v2\/media\/42511"}],"wp:attachment":[{"href":"https:\/\/armstrongyregion.com.ar\/diario\/wp-json\/wp\/v2\/media?parent=42612"}],"wp:term":[{"taxonomy":"category","embeddable":true,"href":"https:\/\/armstrongyregion.com.ar\/diario\/wp-json\/wp\/v2\/categories?post=42612"},{"taxonomy":"post_tag","embeddable":true,"href":"https:\/\/armstrongyregion.com.ar\/diario\/wp-json\/wp\/v2\/tags?post=42612"}],"curies":[{"name":"wp","href":"https:\/\/api.w.org\/{rel}","templated":true}]}}