{"id":42604,"date":"2024-04-26T23:33:53","date_gmt":"2024-04-26T23:33:53","guid":{"rendered":"https:\/\/armstrongyregion.com.ar\/diario\/?p=42604"},"modified":"2024-04-26T23:33:55","modified_gmt":"2024-04-26T23:33:55","slug":"%f0%9d%90%92%f0%9d%90%9e-%f0%9d%90%9c%f0%9d%90%a8%f0%9d%90%a7%f0%9d%90%9d%f0%9d%90%9e%f0%9d%90%a7%f0%9d%90%a8-%f0%9d%90%9a-%f0%9d%90%a9%f0%9d%90%ab%f0%9d%90%a2%f0%9d%90%ac%f0%9d%90%a2","status":"publish","type":"post","link":"https:\/\/armstrongyregion.com.ar\/diario\/%f0%9d%90%92%f0%9d%90%9e-%f0%9d%90%9c%f0%9d%90%a8%f0%9d%90%a7%f0%9d%90%9d%f0%9d%90%9e%f0%9d%90%a7%f0%9d%90%a8-%f0%9d%90%9a-%f0%9d%90%a9%f0%9d%90%ab%f0%9d%90%a2%f0%9d%90%ac%f0%9d%90%a2\/","title":{"rendered":"\ud835\udc12\ud835\udc1e \ud835\udc1c\ud835\udc28\ud835\udc27\ud835\udc1d\ud835\udc1e\ud835\udc27\ud835\udc28\u0301 \ud835\udc1a \ud835\udc29\ud835\udc2b\ud835\udc22\ud835\udc2c\ud835\udc22\ud835\udc28\u0301\ud835\udc27 \ud835\udc29\ud835\udc1e\ud835\udc2b\ud835\udc29\ud835\udc1e\ud835\udc2d\ud835\udc2e\ud835\udc1a \ud835\udc1a \ud835\udc05\ud835\udc2b\ud835\udc1a\ud835\udc27\ud835\udc1c\ud835\udc28 \ud835\udc0c. \ud835\udc29\ud835\udc28\ud835\udc2b \ud835\udc1e\ud835\udc25 \ud835\udc1f\ud835\udc1e\ud835\udc26\ud835\udc22\ud835\udc1c\ud835\udc22\ud835\udc1d\ud835\udc22\ud835\udc28 \ud835\udc1d\ud835\udc1e \ud835\udc2c\ud835\udc2e \ud835\udc29\ud835\udc1a\ud835\udc2b\ud835\udc1e\ud835\udc23\ud835\udc1a \ud835\udc0b\ud835\udc22\ud835\udc25\ud835\udc22\ud835\udc1a\ud835\udc27\ud835\udc1a \ud835\udc03\ud835\udc1e\ud835\udc25\ud835\udc25\ud835\udc1a\ud835\udc2b\ud835\udc1a, \ud835\udc28\ud835\udc1c\ud835\udc2e\ud835\udc2b\ud835\udc2b\ud835\udc22\ud835\udc1d\ud835\udc28 \ud835\udc1e\ud835\udc25 \ud835\udfcf\ud835\udfd4 \ud835\udc1d\ud835\udc1e \ud835\udc1e\ud835\udc27\ud835\udc1e\ud835\udc2b\ud835\udc28 \ud835\udc1d\ud835\udc1e \ud835\udfd0\ud835\udfce\ud835\udfd0\ud835\udfd0 \ud835\udc1e\ud835\udc27 \ud835\udc0b\ud835\udc1a\ud835\udc2c \ud835\udc0f\ud835\udc1a\ud835\udc2b\ud835\udc1e\ud835\udc23\ud835\udc1a\ud835\udc2c."},"content":{"rendered":"\n<figure class=\"wp-block-image size-full\"><a href=\"http:\/\/armstrongyregion.com.ar\/diario\/wp-content\/uploads\/2024\/04\/fiscalia-regional-2-mpa.jpg\"><img loading=\"lazy\" decoding=\"async\" width=\"500\" height=\"500\" src=\"http:\/\/armstrongyregion.com.ar\/diario\/wp-content\/uploads\/2024\/04\/fiscalia-regional-2-mpa.jpg\" alt=\"\" class=\"wp-image-42605\" srcset=\"https:\/\/armstrongyregion.com.ar\/diario\/wp-content\/uploads\/2024\/04\/fiscalia-regional-2-mpa.jpg 500w, https:\/\/armstrongyregion.com.ar\/diario\/wp-content\/uploads\/2024\/04\/fiscalia-regional-2-mpa-300x300.jpg 300w, https:\/\/armstrongyregion.com.ar\/diario\/wp-content\/uploads\/2024\/04\/fiscalia-regional-2-mpa-150x150.jpg 150w\" sizes=\"auto, (max-width: 500px) 100vw, 500px\" \/><\/a><\/figure>\n\n\n\n<p>En el d\u00eda de la fecha viernes 26 de abril de 2024 en los Tribunales Provinciales de Ca\u00f1ada de G\u00f3mez finaliz\u00f3 juicio oral de la Fiscal\u00eda Regional 2. El Tribunal de Juicio integrado por los Dres. Dar\u00edo Pangrazi, Ariel Catt\u00e1neo e Ignacio Vacca resolvi\u00f3 condenar a Franco M. a la pena de prisi\u00f3n perpetua por los delitos de Homicidio agravado por la relaci\u00f3n de pareja preexistente y por mediar en un contexto de violencia de g\u00e9nero en concurso real con hurto simple en calidad de autor y consumados.<\/p>\n\n\n\n<figure class=\"wp-block-image size-full\"><a href=\"http:\/\/armstrongyregion.com.ar\/diario\/wp-content\/uploads\/2024\/04\/fiscalia-regional2-.jpg\"><img loading=\"lazy\" decoding=\"async\" width=\"665\" height=\"374\" src=\"http:\/\/armstrongyregion.com.ar\/diario\/wp-content\/uploads\/2024\/04\/fiscalia-regional2-.jpg\" alt=\"\" class=\"wp-image-42606\" srcset=\"https:\/\/armstrongyregion.com.ar\/diario\/wp-content\/uploads\/2024\/04\/fiscalia-regional2-.jpg 665w, https:\/\/armstrongyregion.com.ar\/diario\/wp-content\/uploads\/2024\/04\/fiscalia-regional2--300x169.jpg 300w\" sizes=\"auto, (max-width: 665px) 100vw, 665px\" \/><\/a><\/figure>\n\n\n\n<p>El Fiscal Dr. Santiago Tosco de la Unidad Fiscal de Ca\u00f1ada de G\u00f3mez atribuy\u00f3 el hecho de fecha 16 de enero de 2022, aproximadamente a las 20:20hs, cuando el acusado se encontraba en la v\u00eda p\u00fablica, en Avenida 17 entre Calle 24 y Calle 26 de la ciudad de Las Parejas. <\/p>\n\n\n\n<p>En dichas circunstancias, arremeti\u00f3 violentamente contra su pareja, Liliana Dellara, mediando un claro contexto de violencia de g\u00e9nero, mientras pose\u00eda un cuchillo de 24 cent\u00edmetros de largo, con cabo de madera y con hoja de 13 cent\u00edmetros de longitud. Con dicha arma blanca el acusado apu\u00f1al\u00f3 en el cuerpo a la v\u00edctima, al menos en diez oportunidades, causando heridas de gravedad. Resultando de ello el fallecimiento de la v\u00edctima en fecha 2 de febrero de 2022 en el Sanatorio Regional de Ca\u00f1ada de G\u00f3mez. <\/p>\n\n\n\n<p>Adem\u00e1s, se le atribuy\u00f3 el hecho de fecha 16 de enero de 2022, momentos despu\u00e9s de las 20.20, en la v\u00eda p\u00fablica, m\u00e1s precisamente en Avenida 17 entre calle 24 y calle 26 de la ciudad de Las Parejas, tras haber agredido a su pareja, se apoder\u00f3 ileg\u00edtimamente del autom\u00f3vil propiedad de la v\u00edctima, d\u00e1ndose a la fuga con el bot\u00edn sustra\u00eddo.<\/p>\n\n\n\n<p>Fuente: Fiscal\u00eda Regional 2- MPA<\/p>\n","protected":false},"excerpt":{"rendered":"<p>\ud835\udc12\ud835\udc1e \ud835\udc1c\ud835\udc28\ud835\udc27\ud835\udc1d\ud835\udc1e\ud835\udc27\ud835\udc28\u0301 \ud835\udc1a \ud835\udc29\ud835\udc2b\ud835\udc22\ud835\udc2c\ud835\udc22\ud835\udc28\u0301\ud835\udc27 \ud835\udc29\ud835\udc1e\ud835\udc2b\ud835\udc29\ud835\udc1e\ud835\udc2d\ud835\udc2e\ud835\udc1a \ud835\udc1a \ud835\udc05\ud835\udc2b\ud835\udc1a\ud835\udc27\ud835\udc1c\ud835\udc28 \ud835\udc0c. \ud835\udc29\ud835\udc28\ud835\udc2b \ud835\udc1e\ud835\udc25 \ud835\udc1f\ud835\udc1e\ud835\udc26\ud835\udc22\ud835\udc1c\ud835\udc22\ud835\udc1d\ud835\udc22\ud835\udc28 \ud835\udc1d\ud835\udc1e \ud835\udc2c\ud835\udc2e \ud835\udc29\ud835\udc1a\ud835\udc2b\ud835\udc1e\ud835\udc23\ud835\udc1a \ud835\udc0b\ud835\udc22\ud835\udc25\ud835\udc22\ud835\udc1a\ud835\udc27\ud835\udc1a \ud835\udc03\ud835\udc1e\ud835\udc25\ud835\udc25\ud835\udc1a\ud835\udc2b\ud835\udc1a, \ud835\udc28\ud835\udc1c\ud835\udc2e\ud835\udc2b\ud835\udc2b\ud835\udc22\ud835\udc1d\ud835\udc28 \ud835\udc1e\ud835\udc25 \ud835\udfcf\ud835\udfd4 \ud835\udc1d\ud835\udc1e \ud835\udc1e\ud835\udc27\ud835\udc1e\ud835\udc2b\ud835\udc28 \ud835\udc1d\ud835\udc1e \ud835\udfd0\ud835\udfce\ud835\udfd0\ud835\udfd0 \ud835\udc1e\ud835\udc27 \ud835\udc0b\ud835\udc1a\ud835\udc2c \ud835\udc0f\ud835\udc1a\ud835\udc2b\ud835\udc1e\ud835\udc23\ud835\udc1a\ud835\udc2c.<\/p>\n","protected":false},"author":1,"featured_media":42605,"comment_status":"open","ping_status":"open","sticky":false,"template":"","format":"image","meta":{"_jetpack_memberships_contains_paid_content":false,"footnotes":"","jetpack_publicize_message":"","jetpack_publicize_feature_enabled":true,"jetpack_social_post_already_shared":true,"jetpack_social_options":{"image_generator_settings":{"template":"highway","default_image_id":0,"enabled":false},"version":2}},"categories":[8,1,2,2852,7,3],"tags":[19,5030,10589,10591,10588,509,10590,10592,10587,2605],"class_list":["post-42604","post","type-post","status-publish","format-image","has-post-thumbnail","hentry","category-deliberando","category-diario-armstrong","category-locales","category-policiales","category-politica","category-region","tag-de","tag-diario-armstrong","tag-femicidio","tag-fiscalia-regional-2","tag-franco-m","tag-las-parejas","tag-liliana-dellara","tag-mpa","tag-perpetua","tag-prision","post_format-post-format-image"],"jetpack_publicize_connections":[],"jetpack_featured_media_url":"https:\/\/armstrongyregion.com.ar\/diario\/wp-content\/uploads\/2024\/04\/fiscalia-regional-2-mpa.jpg","jetpack_shortlink":"https:\/\/wp.me\/p62QDO-b5a","jetpack_sharing_enabled":true,"amp_enabled":true,"_links":{"self":[{"href":"https:\/\/armstrongyregion.com.ar\/diario\/wp-json\/wp\/v2\/posts\/42604","targetHints":{"allow":["GET"]}}],"collection":[{"href":"https:\/\/armstrongyregion.com.ar\/diario\/wp-json\/wp\/v2\/posts"}],"about":[{"href":"https:\/\/armstrongyregion.com.ar\/diario\/wp-json\/wp\/v2\/types\/post"}],"author":[{"embeddable":true,"href":"https:\/\/armstrongyregion.com.ar\/diario\/wp-json\/wp\/v2\/users\/1"}],"replies":[{"embeddable":true,"href":"https:\/\/armstrongyregion.com.ar\/diario\/wp-json\/wp\/v2\/comments?post=42604"}],"version-history":[{"count":1,"href":"https:\/\/armstrongyregion.com.ar\/diario\/wp-json\/wp\/v2\/posts\/42604\/revisions"}],"predecessor-version":[{"id":42607,"href":"https:\/\/armstrongyregion.com.ar\/diario\/wp-json\/wp\/v2\/posts\/42604\/revisions\/42607"}],"wp:featuredmedia":[{"embeddable":true,"href":"https:\/\/armstrongyregion.com.ar\/diario\/wp-json\/wp\/v2\/media\/42605"}],"wp:attachment":[{"href":"https:\/\/armstrongyregion.com.ar\/diario\/wp-json\/wp\/v2\/media?parent=42604"}],"wp:term":[{"taxonomy":"category","embeddable":true,"href":"https:\/\/armstrongyregion.com.ar\/diario\/wp-json\/wp\/v2\/categories?post=42604"},{"taxonomy":"post_tag","embeddable":true,"href":"https:\/\/armstrongyregion.com.ar\/diario\/wp-json\/wp\/v2\/tags?post=42604"}],"curies":[{"name":"wp","href":"https:\/\/api.w.org\/{rel}","templated":true}]}}