{"id":42593,"date":"2024-04-26T02:01:24","date_gmt":"2024-04-26T02:01:24","guid":{"rendered":"https:\/\/armstrongyregion.com.ar\/diario\/?p=42593"},"modified":"2024-04-26T02:06:34","modified_gmt":"2024-04-26T02:06:34","slug":"las-rosas-el-intendente-meyer-junto-al-gobernador-pullaro-participo-de-la-inauguracion-de-inversiones-de-john-deere","status":"publish","type":"post","link":"https:\/\/armstrongyregion.com.ar\/diario\/las-rosas-el-intendente-meyer-junto-al-gobernador-pullaro-participo-de-la-inauguracion-de-inversiones-de-john-deere\/","title":{"rendered":"Las Rosas: el Intendente Meyer, junto al Gobernador Pullaro, particip\u00f3 de la inauguraci\u00f3n de inversiones de John Deere."},"content":{"rendered":"\n<figure class=\"wp-block-image size-full\"><a href=\"http:\/\/armstrongyregion.com.ar\/diario\/wp-content\/uploads\/2024\/04\/PULLARO-DEERE-1-.jpg\"><img loading=\"lazy\" decoding=\"async\" width=\"585\" height=\"377\" src=\"http:\/\/armstrongyregion.com.ar\/diario\/wp-content\/uploads\/2024\/04\/PULLARO-DEERE-1-.jpg\" alt=\"\" class=\"wp-image-42594\" srcset=\"https:\/\/armstrongyregion.com.ar\/diario\/wp-content\/uploads\/2024\/04\/PULLARO-DEERE-1-.jpg 585w, https:\/\/armstrongyregion.com.ar\/diario\/wp-content\/uploads\/2024\/04\/PULLARO-DEERE-1--300x193.jpg 300w\" sizes=\"auto, (max-width: 585px) 100vw, 585px\" \/><\/a><\/figure>\n\n\n\n<h2 class=\"wp-block-heading\">La inversi\u00f3n supera los 15 millones de d\u00f3lares, y forma parte un ambicioso programa que la compa\u00f1\u00eda viene desarrollando en el pa\u00eds.<\/h2>\n\n\n\n<figure class=\"wp-block-image size-full\"><a href=\"http:\/\/armstrongyregion.com.ar\/diario\/wp-content\/uploads\/2024\/04\/PULLARO-DEERE-2-.jpg\"><img loading=\"lazy\" decoding=\"async\" width=\"562\" height=\"365\" src=\"http:\/\/armstrongyregion.com.ar\/diario\/wp-content\/uploads\/2024\/04\/PULLARO-DEERE-2-.jpg\" alt=\"\" class=\"wp-image-42596\" srcset=\"https:\/\/armstrongyregion.com.ar\/diario\/wp-content\/uploads\/2024\/04\/PULLARO-DEERE-2-.jpg 562w, https:\/\/armstrongyregion.com.ar\/diario\/wp-content\/uploads\/2024\/04\/PULLARO-DEERE-2--300x195.jpg 300w\" sizes=\"auto, (max-width: 562px) 100vw, 562px\" \/><\/a><\/figure>\n\n\n\n<p>El intendente Javier Meyer acompa\u00f1\u00f3 al gobernador de la provincia de Santa Fe, Maximiliano Pullaro, al gerente general de la empresa Sebasti\u00e1n Malamud, el vicepresidente de Ventas y Marketing para Latinoam\u00e9rica, Antonio Carrere y otros directivos, en la inauguraci\u00f3n de inversiones de John Deere en PLA, su planta productora de pulverizadoras y sembradoras en Las Rosas. Junto al gobernador asistieron los ministros de Desarrollo Productivo, Gustavo Puccini y de Ambiente, Enrique Est\u00e9vez.<\/p>\n\n\n\n<p>En la oportunidad, Pullaro afirm\u00f3 que&nbsp;<em>\u201cnosotros somos una provincia de gente de trabajo, que se esfuerza y que todos los d\u00edas pone el pecho para poder salir adelante. A los santafesinos nos enorgullece decir qu\u00e9 es lo que somos y qu\u00e9 es lo que hacemos. Nos enorgullece contar c\u00f3mo fue creciendo la actividad agropecuaria en los \u00faltimos a\u00f1os a lo largo de nuestra historia y c\u00f3mo muchas familias del interior de la provincia de Santa Fe se fueron desarrollando\u201d.<br><\/em><br>En ese marco, el gobernador sostuvo que&nbsp;<em>\u201cSanta Fe es industria. Esta es una zona de la maquinaria agr\u00edcola que con trabajo, innovaci\u00f3n y reinversi\u00f3n, logr\u00f3 liderar a este \u00e1rea de la econom\u00eda en el orden nacional. Son ejemplo aqu\u00ed de c\u00f3mo lograron desarrollarse. Esta f\u00e1brica comenz\u00f3 hace 48 a\u00f1os atr\u00e1s, y es un orgullo de toda la comunidad de lo que han generado aqu\u00ed\u201d.&nbsp;<br><\/em><br><em>\u201cEso es la provincia de Santa Fe&nbsp;<\/em>-continu\u00f3-<em>, es lo que somos los santafesinos. Eso, sumado a la ciencia y a la tecnolog\u00eda, que nos ha dado en t\u00e9rminos general\u00edsimos de la universidad p\u00fablica, ha construido a la provincia m\u00e1s pujante y m\u00e1s productiva de la Rep\u00fablica Argentina\u201d.&nbsp;<\/em><\/p>\n\n\n\n<p><em>\u201cPor eso,&nbsp;<\/em>-enfatiz\u00f3-<em>&nbsp;en este momento dif\u00edcil que est\u00e1 atravesando el pa\u00eds, adem\u00e1s de discutir el sistema financiero y las cuentas del Estado Nacional, estamos convencidos que lo que tenemos que empezar a debatir es el modelo productivo nacional. Cuando hablamos del modelo productivo tenemos que hablar de qu\u00e9 manera nosotros potenciamos al campo y a la industria, de qu\u00e9 manera nosotros generamos trabajo y crecimiento econ\u00f3mico, y de qu\u00e9 manera el sector privado junto con el Estado piensan pol\u00edticas p\u00fablicas que puedan ser trascendentes para las pr\u00f3ximas generaciones\u201d.&nbsp;<br><\/em><br>Para finalizar, el gobernador agradeci\u00f3 a la empresa&nbsp;<em>\u201cJohn Deere por invertir en Santa Fe. Cuentan con un gobierno que es un aliado. Cuando exista nuevamente una pol\u00edtica nacional que golpee a la industria, el gobierno de la provincia de Santa Fe, con todo el arco pol\u00edtico, va a estar al lado de ustedes, defendi\u00e9ndolos, porque nosotros creemos en esto, nuestra historia marca lo que somos\u201d.<\/em><\/p>\n\n\n\n<h3 class=\"wp-block-heading\">Apostar a la industria nacional<\/h3>\n\n\n\n<p>En esa l\u00ednea el gerente general de la empresa, Sebasti\u00e1n Malamud agradeci\u00f3 las presencias y dijo que&nbsp;<em>\u201ces un orgullo recibir a todos en casa un d\u00eda como hoy\u201d.&nbsp;<\/em>Y agreg\u00f3 que&nbsp;<em>\u201cestamos apostando realmente a mediano y largo plazo. Tenemos la seguridad absoluta que las condiciones van a mejorar y el mercado de m\u00e1quinas agr\u00edcolas crecer\u00e1. Por eso, estamos apostando a Santa Fe y a la industria nacional. No queda ninguna duda para d\u00f3nde estamos yendo\u201d.<br><\/em><br>Por su parte, el vicepresidente de Ventas y Marketing para Latinoam\u00e9rica, Antonio Carrere, indic\u00f3 que para la empresa&nbsp;<em>\u201cArgentina es un pa\u00eds muy importante. John Deere necesita y va a estar en la Argentina; llevamos m\u00e1s de 130 a\u00f1os aqu\u00ed y m\u00e1s de 65 a\u00f1os produciendo\u201d;&nbsp;<\/em>y se\u00f1al\u00f3 que es \u201c<em>la \u00fanica firma en Argentina que tiene todo el sistema productivo cubierto, desde el tractor, la sembradora, el pulverizador y la cosechadora, y con toda la tecnolog\u00eda y m\u00e1quinas conectadas. Vamos a continuar haciendo eso porque queremos tener un producto competitivo para el cliente y con la calidad adecuada\u00bb.&nbsp;<\/em><\/p>\n\n\n\n<p>Del acto participaron tambi\u00e9n autoridades, directores y gerentes de John Deere de Am\u00e9rica latina y Argentina; los senadores nacional Marcelo Lewandoski; y provincial por el departamento Belgrano, Pablo Verdecchia; el secretario de Desarrollo Industrial, Guillermo Beccani; y los subsecretarios nacionales de Comercio Exterior, Esteban Marzorati; de Pol\u00edtica Industrial, Daniela Ramos; y diputados nacionales.<\/p>\n\n\n\n<h3 class=\"wp-block-heading\">Del intendente Javier Meyer<\/h3>\n\n\n\n<p>Por \u00faltimo, el intendente de La Rosas, Javier Meyer, sostuvo que&nbsp;<em>\u201cesta empresa se hizo como verdaderos pioneros y con un pueblo de trabajadores que hoy le siguen poniendo el cuerpo para que esto siga adelante. Esto es totalmente rec\u00edproco. Por eso agradezco las inversiones y la confianza que han puesto en nuestro territorio y en la provincia de Santa Fe\u201d. &nbsp;<\/em><\/p>\n\n\n\n<figure class=\"wp-block-embed is-type-video is-provider-youtube wp-block-embed-youtube wp-embed-aspect-16-9 wp-has-aspect-ratio\"><div class=\"wp-block-embed__wrapper\">\n<iframe loading=\"lazy\" title=\"Intendente de Las Rosas Javier Meyer - Inauguraci\u00f3n inversiones en PLA by John Deere\" width=\"800\" height=\"450\" src=\"https:\/\/www.youtube.com\/embed\/ZFsxJvf3t7Y?feature=oembed\" frameborder=\"0\" allow=\"accelerometer; autoplay; clipboard-write; encrypted-media; gyroscope; picture-in-picture; web-share\" referrerpolicy=\"strict-origin-when-cross-origin\" allowfullscreen><\/iframe>\n<\/div><\/figure>\n\n\n\n<p>Las Rosa Digital.<\/p>\n","protected":false},"excerpt":{"rendered":"<p>Las Rosas: el Intendente Meyer, junto al Gobernador Pullaro, particip\u00f3 de la inauguraci\u00f3n de inversiones de John Deere.<\/p>\n","protected":false},"author":1,"featured_media":42594,"comment_status":"open","ping_status":"open","sticky":false,"template":"","format":"image","meta":{"_jetpack_memberships_contains_paid_content":false,"footnotes":"","jetpack_publicize_message":"","jetpack_publicize_feature_enabled":true,"jetpack_social_post_already_shared":true,"jetpack_social_options":{"image_generator_settings":{"template":"highway","default_image_id":0,"enabled":false},"version":2}},"categories":[8,1,2,7,3],"tags":[179,19,5030,10586,290,10583,8777,10584,2846],"class_list":["post-42593","post","type-post","status-publish","format-image","has-post-thumbnail","hentry","category-deliberando","category-diario-armstrong","category-locales","category-politica","category-region","tag-al","tag-de","tag-diario-armstrong","tag-john-deere","tag-junto","tag-las-rosa","tag-lic-graciela-de-la-casa","tag-participo-de-la-inauguracion","tag-pullaro","post_format-post-format-image"],"jetpack_publicize_connections":[],"jetpack_featured_media_url":"https:\/\/armstrongyregion.com.ar\/diario\/wp-content\/uploads\/2024\/04\/PULLARO-DEERE-1-.jpg","jetpack_shortlink":"https:\/\/wp.me\/p62QDO-b4Z","jetpack_sharing_enabled":true,"amp_enabled":true,"_links":{"self":[{"href":"https:\/\/armstrongyregion.com.ar\/diario\/wp-json\/wp\/v2\/posts\/42593","targetHints":{"allow":["GET"]}}],"collection":[{"href":"https:\/\/armstrongyregion.com.ar\/diario\/wp-json\/wp\/v2\/posts"}],"about":[{"href":"https:\/\/armstrongyregion.com.ar\/diario\/wp-json\/wp\/v2\/types\/post"}],"author":[{"embeddable":true,"href":"https:\/\/armstrongyregion.com.ar\/diario\/wp-json\/wp\/v2\/users\/1"}],"replies":[{"embeddable":true,"href":"https:\/\/armstrongyregion.com.ar\/diario\/wp-json\/wp\/v2\/comments?post=42593"}],"version-history":[{"count":2,"href":"https:\/\/armstrongyregion.com.ar\/diario\/wp-json\/wp\/v2\/posts\/42593\/revisions"}],"predecessor-version":[{"id":42598,"href":"https:\/\/armstrongyregion.com.ar\/diario\/wp-json\/wp\/v2\/posts\/42593\/revisions\/42598"}],"wp:featuredmedia":[{"embeddable":true,"href":"https:\/\/armstrongyregion.com.ar\/diario\/wp-json\/wp\/v2\/media\/42594"}],"wp:attachment":[{"href":"https:\/\/armstrongyregion.com.ar\/diario\/wp-json\/wp\/v2\/media?parent=42593"}],"wp:term":[{"taxonomy":"category","embeddable":true,"href":"https:\/\/armstrongyregion.com.ar\/diario\/wp-json\/wp\/v2\/categories?post=42593"},{"taxonomy":"post_tag","embeddable":true,"href":"https:\/\/armstrongyregion.com.ar\/diario\/wp-json\/wp\/v2\/tags?post=42593"}],"curies":[{"name":"wp","href":"https:\/\/api.w.org\/{rel}","templated":true}]}}