{"id":42590,"date":"2024-04-26T00:03:10","date_gmt":"2024-04-26T00:03:10","guid":{"rendered":"https:\/\/armstrongyregion.com.ar\/diario\/?p=42590"},"modified":"2024-04-26T00:03:14","modified_gmt":"2024-04-26T00:03:14","slug":"clara-garcia-fue-reelecta-presidenta-de-la-camara-de-diputadas-y-diputados","status":"publish","type":"post","link":"https:\/\/armstrongyregion.com.ar\/diario\/clara-garcia-fue-reelecta-presidenta-de-la-camara-de-diputadas-y-diputados\/","title":{"rendered":"Clara Garc\u00eda fue reelecta presidenta de la C\u00e1mara de Diputadas y Diputados."},"content":{"rendered":"\n<figure class=\"wp-block-image size-full\"><a href=\"http:\/\/armstrongyregion.com.ar\/diario\/wp-content\/uploads\/2024\/04\/clara-garcia-12.jpg\"><img loading=\"lazy\" decoding=\"async\" width=\"640\" height=\"427\" src=\"http:\/\/armstrongyregion.com.ar\/diario\/wp-content\/uploads\/2024\/04\/clara-garcia-12.jpg\" alt=\"\" class=\"wp-image-42591\" srcset=\"https:\/\/armstrongyregion.com.ar\/diario\/wp-content\/uploads\/2024\/04\/clara-garcia-12.jpg 640w, https:\/\/armstrongyregion.com.ar\/diario\/wp-content\/uploads\/2024\/04\/clara-garcia-12-300x200.jpg 300w\" sizes=\"auto, (max-width: 640px) 100vw, 640px\" \/><\/a><\/figure>\n\n\n\n<h2 class=\"wp-block-heading\"><em>\u201cNuestra marca de trabajo es la cercan\u00eda y el respeto a\u00fan en la disidencia\u201d, afirm\u00f3 y conden\u00f3 las disputas que \u201cdejan en el medio, sin atender, a las verdaderas necesidades de la gente\u201d. Seguir\u00e1 acompa\u00f1ada por Corral y Martorano en las vicepresidencias 1\u00ba y 2\u00ba, respectivamente.<\/em><\/h2>\n\n\n\n<p>La C\u00e1mara de Diputadas y Diputados realiz\u00f3 la Sesi\u00f3n Preparatoria en el marco de la cual la diputada Clara Garc\u00eda (Bloque Socialistas &#8211; Frente Unidos) fue reelegida como presidenta del cuerpo de cara al inicio del 142\u00ba Per\u00edodo Ordinario, el pr\u00f3ximo 1\u00b0 de mayo.<\/p>\n\n\n\n<p>Tambi\u00e9n fueron reelectas las dem\u00e1s autoridades del cuerpo. As\u00ed la vicepresidencia 1\u00ba del cuerpo seguir\u00e1 siendo ejercida por Jos\u00e9 Corral (Bloque UCR &#8211; Frente Unidos) y la vicepresidencia 2\u00ba por Sonia Martorano (Bloque Hacemos Santa Fe &#8211; Juntos Avancemos).<\/p>\n\n\n\n<p>A propuesta de Silvana Dist\u00e9fano la Sesi\u00f3n Preparatoria fue presidida por Antonio Bonfatti por ser el decano del cuerpo, acompa\u00f1ado por Sof\u00eda Galnares, la legisladora m\u00e1s joven. Luego el presidente del interbloque de Unidos, Pablo Far\u00edas, fue el encargado de proponer los nombres para conducir la C\u00e1mara baja.<\/p>\n\n\n\n<p>Formalizada la votaci\u00f3n y la jura, Garc\u00eda puso de relieve \u201cel trabajo parlamentario realizado\u201d desde el pasado 10 de diciembre, \u201ccon la aprobaci\u00f3n de m\u00e1s de 30 leyes durante este Per\u00edodo Extraordinario\u201d. En ese marco, agradeci\u00f3 a Corral y a Martorano, quienes la acompa\u00f1aron durante el per\u00edodo que culmin\u00f3 y lo seguir\u00e1n haciendo en el que se inicia, y al conjunto de empleadas y empleados de la c\u00e1mara.<\/p>\n\n\n\n<p>\u201cEsta c\u00e1mara toma lo que el gobernador Maximiliano Pullaro propone como forma y marca de trabajo \u2013enfatiz\u00f3 -, que es la cercan\u00eda y el respeto a\u00fan en la disidencia. Cuando los votos no han sido un\u00e1nimes todos hemos sido respetuosos con quienes no acordamos. La fractura de la sociedad argentina con la pol\u00edtica se debe en buena medida a la falta de respeto que deja en el medio, sin atender, a las verdaderas necesidades de la gente\u201d, reflexion\u00f3 en un plano m\u00e1s general.<\/p>\n\n\n\n<p>La presidenta de la C\u00e1mara baja tambi\u00e9n resalt\u00f3 que el cuerpo ha sido en estos meses \u201cuna caja de resonancia, recibiendo a ministras, ministros y otros altos funcionarios que fundamentaron muchas de las leyes aprobadas. De la misma manera, cada uno de los temas que tratamos tuvo la participaci\u00f3n de los actores de la sociedad civil, expres\u00e1ndose y aportando su mirada, lo que enriqueci\u00f3 nuestra tarea\u201d.<\/p>\n\n\n\n<p>\u201cHemos atendido las urgencias \u2013describi\u00f3 Garc\u00eda-, como son las leyes referidas a seguridad y justicia y las emergencias que se aprobaron; ahora vienen temas trascendentes como darle a Santa Fe una ley de educaci\u00f3n, todo lo que tenga que ver con el trabajo y el empleo, que es una prioridad para el gobernador; y todas las iniciativas que propongan los legisladores\u201d.<\/p>\n","protected":false},"excerpt":{"rendered":"<p>Clara Garc\u00eda fue reelecta presidenta de la C\u00e1mara de Diputadas y Diputados.<\/p>\n","protected":false},"author":1,"featured_media":42591,"comment_status":"open","ping_status":"open","sticky":false,"template":"","format":"image","meta":{"_jetpack_memberships_contains_paid_content":false,"footnotes":"","jetpack_publicize_message":"","jetpack_publicize_feature_enabled":true,"jetpack_social_post_already_shared":true,"jetpack_social_options":{"image_generator_settings":{"template":"highway","default_image_id":0,"enabled":false},"version":2}},"categories":[8,1,2,7,3],"tags":[1380,9196,19,9626,1665,31,2679,13],"class_list":["post-42590","post","type-post","status-publish","format-image","has-post-thumbnail","hentry","category-deliberando","category-diario-armstrong","category-locales","category-politica","category-region","tag-camara","tag-clara-garcia","tag-de","tag-diputados-2","tag-fue","tag-la","tag-presidenta","tag-y","post_format-post-format-image"],"jetpack_publicize_connections":[],"jetpack_featured_media_url":"https:\/\/armstrongyregion.com.ar\/diario\/wp-content\/uploads\/2024\/04\/clara-garcia-12.jpg","jetpack_shortlink":"https:\/\/wp.me\/p62QDO-b4W","jetpack_sharing_enabled":true,"amp_enabled":true,"_links":{"self":[{"href":"https:\/\/armstrongyregion.com.ar\/diario\/wp-json\/wp\/v2\/posts\/42590","targetHints":{"allow":["GET"]}}],"collection":[{"href":"https:\/\/armstrongyregion.com.ar\/diario\/wp-json\/wp\/v2\/posts"}],"about":[{"href":"https:\/\/armstrongyregion.com.ar\/diario\/wp-json\/wp\/v2\/types\/post"}],"author":[{"embeddable":true,"href":"https:\/\/armstrongyregion.com.ar\/diario\/wp-json\/wp\/v2\/users\/1"}],"replies":[{"embeddable":true,"href":"https:\/\/armstrongyregion.com.ar\/diario\/wp-json\/wp\/v2\/comments?post=42590"}],"version-history":[{"count":1,"href":"https:\/\/armstrongyregion.com.ar\/diario\/wp-json\/wp\/v2\/posts\/42590\/revisions"}],"predecessor-version":[{"id":42592,"href":"https:\/\/armstrongyregion.com.ar\/diario\/wp-json\/wp\/v2\/posts\/42590\/revisions\/42592"}],"wp:featuredmedia":[{"embeddable":true,"href":"https:\/\/armstrongyregion.com.ar\/diario\/wp-json\/wp\/v2\/media\/42591"}],"wp:attachment":[{"href":"https:\/\/armstrongyregion.com.ar\/diario\/wp-json\/wp\/v2\/media?parent=42590"}],"wp:term":[{"taxonomy":"category","embeddable":true,"href":"https:\/\/armstrongyregion.com.ar\/diario\/wp-json\/wp\/v2\/categories?post=42590"},{"taxonomy":"post_tag","embeddable":true,"href":"https:\/\/armstrongyregion.com.ar\/diario\/wp-json\/wp\/v2\/tags?post=42590"}],"curies":[{"name":"wp","href":"https:\/\/api.w.org\/{rel}","templated":true}]}}